{"id":511463,"date":"2026-09-04T09:47:10","date_gmt":"2026-09-04T09:47:10","guid":{"rendered":"https:\/\/www.europesays.com\/pt\/511463\/"},"modified":"2026-09-04T09:47:10","modified_gmt":"2026-09-04T09:47:10","slug":"assista-a-integra-do-jornal-da-record-25","status":"publish","type":"post","link":"https:\/\/www.europesays.com\/pt\/511463\/","title":{"rendered":"Assista \u00e0 \u00edntegra do Jornal da Record"},"content":{"rendered":"<p class=\"jarvics:base-text-neutral-high-400 xovem:base-text-dark-high-400 base-text-[calc(theme(fontSize.xs)_*_var(--font-size,_1))] base-font-normal base-font-primary base-text-neutral-low-500 base-text-left\">Confira na edi\u00e7\u00e3o do Jornal da Record desta quinta-feira (3): Ministro do Supremo, Andr\u00e9 Mendon\u00e7a anuncia sa\u00edda de instituto que recebeu mais de R$ 10 milh\u00f5es em contratos sem licita\u00e7\u00e3o. Congresso aprova fim da taxa das blusinhas. Governo federal n\u00e3o consegue reverter boicote europeu \u00e0 carne brasileira. Entrevista exclusiva: ministro da Fazenda, Dario Durigan explica as mudan\u00e7as no varejo, fala do super\u00e1vit fiscal e do futuro dos minerais raros no Brasil.<\/p>\n","protected":false},"excerpt":{"rendered":"Confira na edi\u00e7\u00e3o do Jornal da Record desta quinta-feira (3): Ministro do Supremo, Andr\u00e9 Mendon\u00e7a anuncia sa\u00edda de&hellip;\n","protected":false},"author":2,"featured_media":511464,"comment_status":"","ping_status":"","sticky":false,"template":"","format":"standard","meta":{"footnotes":"","_share_on_mastodon":"0"},"categories":[142],"tags":[81913,114,115,43806,4286,32,33,151],"class_list":["post-511463","post","type-post","status-publish","format-standard","has-post-thumbnail","category-tv","tag-03-09-2026","tag-entertainment","tag-entretenimento","tag-integra","tag-jornal-da-record","tag-portugal","tag-pt","tag-tv"],"share_on_mastodon":{"url":"https:\/\/pubeurope.com\/@pt\/117212141456170815","error":""},"_links":{"self":[{"href":"https:\/\/www.europesays.com\/pt\/wp-json\/wp\/v2\/posts\/511463","targetHints":{"allow":["GET"]}}],"collection":[{"href":"https:\/\/www.europesays.com\/pt\/wp-json\/wp\/v2\/posts"}],"about":[{"href":"https:\/\/www.europesays.com\/pt\/wp-json\/wp\/v2\/types\/post"}],"author":[{"embeddable":true,"href":"https:\/\/www.europesays.com\/pt\/wp-json\/wp\/v2\/users\/2"}],"replies":[{"embeddable":true,"href":"https:\/\/www.europesays.com\/pt\/wp-json\/wp\/v2\/comments?post=511463"}],"version-history":[{"count":0,"href":"https:\/\/www.europesays.com\/pt\/wp-json\/wp\/v2\/posts\/511463\/revisions"}],"wp:featuredmedia":[{"embeddable":true,"href":"https:\/\/www.europesays.com\/pt\/wp-json\/wp\/v2\/media\/511464"}],"wp:attachment":[{"href":"https:\/\/www.europesays.com\/pt\/wp-json\/wp\/v2\/media?parent=511463"}],"wp:term":[{"taxonomy":"category","embeddable":true,"href":"https:\/\/www.europesays.com\/pt\/wp-json\/wp\/v2\/categories?post=511463"},{"taxonomy":"post_tag","embeddable":true,"href":"https:\/\/www.europesays.com\/pt\/wp-json\/wp\/v2\/tags?post=511463"}],"curies":[{"name":"wp","href":"https:\/\/api.w.org\/{rel}","templated":true}]}}