{"id":511521,"date":"2026-09-04T10:45:28","date_gmt":"2026-09-04T10:45:28","guid":{"rendered":"https:\/\/www.europesays.com\/pt\/511521\/"},"modified":"2026-09-04T10:45:28","modified_gmt":"2026-09-04T10:45:28","slug":"julia-stockler-diz-que-quem-ama-cuida-a-ajudou-a-perceber-abuso-sofrido-revisitei-lugares-intimos","status":"publish","type":"post","link":"https:\/\/www.europesays.com\/pt\/511521\/","title":{"rendered":"Julia Stockler diz que Quem Ama Cuida a ajudou a perceber abuso sofrido: &#8220;Revisitei lugares \u00edntimos&#8221;"},"content":{"rendered":"<p><a href=\"https:\/\/natelinha.uol.com.br\/famosos\/tudo-sobre\/julia-stockler\" rel=\"nofollow noopener\" target=\"_blank\">Julia Stockler<\/a> entrou em <a href=\"https:\/\/natelinha.uol.com.br\/famosos\/2026\/09\/03\/com\" rel=\"nofollow noopener\" target=\"_blank\">Quem Ama Cuida<\/a> com a novela j\u00e1 encaminhada e decidiu encarar o desafio acreditando na for\u00e7a de uma personagem com muito a dizer. Em coletiva de imprensa com a presen\u00e7a do <strong>NaTelinha<\/strong>, a atriz fala sobre os rumos da trama e relaciona o conflito da personagem, v\u00edtima de ass\u00e9dio sexual, com situa\u00e7\u00f5es de abuso que viveu na realidade.<\/p>\n<p>continua depois da publicidade<\/p>\n<p>\u201cTodas as mulheres j\u00e1 passaram por algum momento de abuso ou de ass\u00e9dio, no trabalho, na rua\u2026 Revisitei lugares muito \u00edntimos meus para emprestar \u00e0 Suely, gatilhos enormes de rela\u00e7\u00f5es em que voc\u00ea fala uma coisa e o outro, no narcisismo, consegue reverter aquilo, como se voc\u00ea estivesse mentindo\u201d, recorda a atriz.<\/p>\n<p>+\u00a0<a href=\"https:\/\/natelinha.uol.com.br\/televisao\/2026\/09\/03\/amora-mautner-ve-nova-fase-na-carreira-em-quem-ama-cuida-diferente-de-outras-novelas-247146.php\" target=\"_blank\" rel=\"noopener noreferrer nofollow\">Amora Mautner v\u00ea nova fase na carreira em Quem Ama Cuida: &#8220;Diferente de outras novelas&#8221;<\/a><\/p>\n<p>Ela conta ter passado por uma s\u00e9rie de abusos emocionais. \u201cFazendo a Suely, percebi que tive um namoro que n\u00e3o foi legal, que fiquei presa por um tempo ali. S\u00e3o coisinhas que a gente ouve, aquela frase que te deixa para baixo, aquela ironia&#8230;\u201d<\/p>\n<p>continua depois da publicidade<\/p>\n<blockquote>\n<p class=\"cit\">\u201cTive um namorado que uma vez chegou para mim e falou assim: \u2018A sua gargalhada me irrita\u2019. Isso \u00e9 uma frase de abuso emocional. Quando voc\u00ea diz a uma mulher que a alegria dela te incomoda, voc\u00ea mata essa mulher. Ali eu deveria ter encerrado, porque ali ele determinou a minha tristeza.\u201d<\/p>\n<p>Julia Stockler<\/p><\/blockquote>\n<p><img decoding=\"async\" loading=\"lazy\" class=\"horizontal\" src=\"https:\/\/www.europesays.com\/pt\/wp-content\/uploads\/2026\/09\/globo-quem-ama-cuida-suely-e-adriana_5390.jpeg\" alt=\"Suely (Julia Stockler) e Adriana (Let\u00edcia Colin) em Quem Ama Cuida: parceria feminina - Foto: Globo\/Beatriz Damy\" revisitei=\"\" lugares=\"\"\/><br \/>\nSuely (Julia Stockler) e Adriana (Let\u00edcia Colin) em Quem Ama Cuida: parceria feminina &#8211; Foto: Globo\/Beatriz Damy<\/p>\n<p><strong>Elenco\u00a0grava cenas do julgamento de Ademir<\/strong><\/p>\n<p>Na trama que a Globo exibe \u00e0s 21h, Suely \u00e9 uma secret\u00e1ria que decide romper o sil\u00eancio e denuncia os abusos cometidos pelo advogado <a href=\"https:\/\/natelinha.uol.com.br\/novelas\/quem-ama-cuida\/personagem\/ademir\" rel=\"nofollow noopener\" target=\"_blank\">Ademir<\/a> (Dan Stulbach). Ela se torna uma das principais aliadas de <a href=\"https:\/\/natelinha.uol.com.br\/novelas\/quem-ama-cuida\/personagem\/adriana\" rel=\"nofollow noopener\" target=\"_blank\">Adriana<\/a> (Let\u00edcia Colin) na busca por justi\u00e7a e na vingan\u00e7a contra o mau-car\u00e1ter.<\/p>\n<p>Julia Stockler grava nesses dias as cenas de tribunal, com o julgamento de Ademir, que vai ao ar em breve e promete reviravoltas. Ela n\u00e3o d\u00e1 spoilers do que vem por a\u00ed, mas exalta a for\u00e7a de sua personagem, necess\u00e1ria \u00e0s mulheres que rompem com relacionamentos t\u00f3xicos.<\/p>\n<p>continua depois da publicidade<\/p>\n<p>Ela tem recebido mensagens de v\u00edtimas de ass\u00e9dio pedindo conselhos nas redes sociais. A resposta \u00e9 sempre procurar compartilhar as situa\u00e7\u00f5es com amigas pr\u00f3ximas. A parceria entre as mulheres, segundo a artista, \u00e9 o caminho para que elas possam superar a viol\u00eancia.<\/p>\n<p>Ela destaca: \u201cA Suely s\u00f3 conseguiu [denunciar o ass\u00e9dio] porque Adriana deu apoio incondicional, coragem, criou caminhos para que ela se sentisse confort\u00e1vel. Ela, sozinha, talvez n\u00e3o teria conseguido, mas com uma amiga do lado, dando a m\u00e3o, ela foi at\u00e9 o fim\u201d.<\/p>\n<p>continua depois da publicidade<\/p>\n<blockquote>\n<p class=\"cit\">\u201cSabia que essa personagem conversava com mulheres subalternas, em empregos que t\u00eam a figura masculina no poder. Vivemos isso o tempo todo, em todos os lugares. Falamos, na Globo, para milh\u00f5es de mulheres, que \u00e9 poss\u00edvel sair de um ciclo de abuso e construir uma rede de apoio para que voc\u00ea n\u00e3o se sinta humilhada.\u201d<\/p>\n<p>Julia Stockler<\/p><\/blockquote>\n<p><img decoding=\"async\" loading=\"lazy\" class=\"horizontal\" src=\"https:\/\/www.europesays.com\/pt\/wp-content\/uploads\/2026\/09\/beleza-fatal-marcelo-serrado-e-julia-stockler_9265.jpeg\" alt=\"Rog (Marcelo Serrado) e Gisela (Julia Stockler) em Beleza Fatal\" revisitei=\"\" lugares=\"\"\/><br \/>\nRog (Marcelo Serrado) e Gisela (J\u00falia Stockler) em Beleza Fatal: novela fez sucesso no streaming &#8211; Foto: Divulga\u00e7\u00e3o\/HBO Max<\/p>\n<p><strong>Atriz tem hist\u00f3rico de pap\u00e9is feministas<\/strong><\/p>\n<p>A viol\u00eancia contra a mulher \u00e9 um tema presente em outros trabalhos marcantes de Julia Stockler, como no filme A Vida Invis\u00edvel (2019) e na novela Beleza Fatal (2025), da HBO Max. Nesta, viveu Estela, que desenvolve um transtorno em rela\u00e7\u00e3o \u00e0 pr\u00f3pria apar\u00eancia por conta dos abusos do marido, Rog (Marcelo Serrado).<\/p>\n<p>A atriz comenta: \u201cN\u00e3o gosto de interpretar v\u00edtimas, gosto de interpretar mulheres que est\u00e3o tentando, at\u00e9 o \u00faltimo segundo, sair daquela realidade. Mesmo que esteja em um momento duro, elas buscam a sobreviv\u00eancia\u201d.<\/p>\n<p>continua depois da publicidade<\/p>\n<blockquote>\n<p class=\"cit\">\u201cFui muito feliz, na minha trajet\u00f3ria at\u00e9 agora, de conseguir defender personagens femininos muito fortes, que me ajudam a pensar no mundo, que me elevam como pessoa. Como uma feminista, poder defender a Suely, para que ela tenha espa\u00e7o e voz, \u00e9 uma das coisas mais brilhantes do meu trabalho.\u201d<\/p>\n<p>Julia Stockler<\/p><\/blockquote>\n","protected":false},"excerpt":{"rendered":"Julia Stockler entrou em Quem Ama Cuida com a novela j\u00e1 encaminhada e decidiu encarar o desafio acreditando&hellip;\n","protected":false},"author":2,"featured_media":511522,"comment_status":"","ping_status":"","sticky":false,"template":"","format":"standard","meta":{"footnotes":"","_share_on_mastodon":"0"},"categories":[142],"tags":[114,115,753,74433,32,33,35878,151],"class_list":["post-511521","post","type-post","status-publish","format-standard","has-post-thumbnail","category-tv","tag-entertainment","tag-entretenimento","tag-globo","tag-julia-stockler","tag-portugal","tag-pt","tag-quem-ama-cuida","tag-tv"],"share_on_mastodon":{"url":"https:\/\/pubeurope.com\/@pt\/117212370528468012","error":""},"_links":{"self":[{"href":"https:\/\/www.europesays.com\/pt\/wp-json\/wp\/v2\/posts\/511521","targetHints":{"allow":["GET"]}}],"collection":[{"href":"https:\/\/www.europesays.com\/pt\/wp-json\/wp\/v2\/posts"}],"about":[{"href":"https:\/\/www.europesays.com\/pt\/wp-json\/wp\/v2\/types\/post"}],"author":[{"embeddable":true,"href":"https:\/\/www.europesays.com\/pt\/wp-json\/wp\/v2\/users\/2"}],"replies":[{"embeddable":true,"href":"https:\/\/www.europesays.com\/pt\/wp-json\/wp\/v2\/comments?post=511521"}],"version-history":[{"count":0,"href":"https:\/\/www.europesays.com\/pt\/wp-json\/wp\/v2\/posts\/511521\/revisions"}],"wp:featuredmedia":[{"embeddable":true,"href":"https:\/\/www.europesays.com\/pt\/wp-json\/wp\/v2\/media\/511522"}],"wp:attachment":[{"href":"https:\/\/www.europesays.com\/pt\/wp-json\/wp\/v2\/media?parent=511521"}],"wp:term":[{"taxonomy":"category","embeddable":true,"href":"https:\/\/www.europesays.com\/pt\/wp-json\/wp\/v2\/categories?post=511521"},{"taxonomy":"post_tag","embeddable":true,"href":"https:\/\/www.europesays.com\/pt\/wp-json\/wp\/v2\/tags?post=511521"}],"curies":[{"name":"wp","href":"https:\/\/api.w.org\/{rel}","templated":true}]}}