{"id":511533,"date":"2026-09-04T10:57:14","date_gmt":"2026-09-04T10:57:14","guid":{"rendered":"https:\/\/www.europesays.com\/pt\/511533\/"},"modified":"2026-09-04T10:57:14","modified_gmt":"2026-09-04T10:57:14","slug":"de-ferias-com-os-filhos-catarina-furtado-lamenta-novidade-hoje-e-um-dia-triste","status":"publish","type":"post","link":"https:\/\/www.europesays.com\/pt\/511533\/","title":{"rendered":"De f\u00e9rias com os filhos, Catarina Furtado lamenta novidade: &#8220;Hoje \u00e9 um dia triste&#8221;"},"content":{"rendered":"<p>Os \u00faltimos dias t\u00eam sido de descanso para <a target=\"_blank\" rel=\"noopener noreferrer nofollow\" href=\"https:\/\/selfie.iol.pt\/famosos\/joao-reis\/catarina-furtado-fala-sobre-atitude-drastica-com-os-filhos-uma-decisao-minha-e-do-joao-reis\/20260902\/6a9816880cf2b42132dbfd18\">Catarina Furtado<\/a>, tal como a pr\u00f3pria tem partilhado no Instagram, j\u00e1 que a apresentadora rumou a um destino paradis\u00edaco ao lado dos filhos, Beatriz e Jo\u00e3o.<\/p>\n<p>&#8220;Obrigada pelas vossas mensagens boas. Em contagem decrescente para o regresso ao trabalho (que adoro!). N\u00f3s os tr\u00eas mandamos beijinhos!&#8221;, exclamou Catarina Furtado na legenda das fotos in\u00e9ditas das f\u00e9rias.<\/p>\n<p>No entanto, a comunicadora acabou por se mostrar de luto: &#8220;Apesar destas imagens alegres de f\u00e9rias, hoje \u00e9 um dia triste, porque morreu uma das maiores ativistas e lutadora pelos direitos das mulheres, a quem eu (e a Cora\u00e7\u00f5es com Coroa e o Fundo de Popula\u00e7\u00e3o das Na\u00e7\u00f5es Unidas) tamb\u00e9m temos muito a agradecer: Gloria Steinem.&#8221;<\/p>\n<p>Recorde-se que <a target=\"_blank\" rel=\"noopener noreferrer nofollow\" href=\"https:\/\/selfie.iol.pt\/famosos\/gloria-steinem\/rita-ferro-rodrigues-e-iva-domingues-recebem-triste-noticia-sobre-conhecida-jornalista-ha-pessoas-que-nunca-deveriam-morrer\/20260903\/6a995fd00cf2b42132dbff17\">Iva Domingues e Rita Ferro Rodrigues tamb\u00e9m lamentaram este falecimento.<\/a><\/p>\n<p>Veja, agora, as imagens partilhadas por Catarina Furtado na galeria de fotografias que prepar\u00e1mos para si.<\/p>\n","protected":false},"excerpt":{"rendered":"Os \u00faltimos dias t\u00eam sido de descanso para Catarina Furtado, tal como a pr\u00f3pria tem partilhado no Instagram,&hellip;\n","protected":false},"author":2,"featured_media":511534,"comment_status":"","ping_status":"","sticky":false,"template":"","format":"standard","meta":{"footnotes":"","_share_on_mastodon":"0"},"categories":[145],"tags":[3539,8178,211,210,114,115,981,980,3755,1870,81919,1015,29438,1339,619,32,33,420,1012],"class_list":["post-511533","post","type-post","status-publish","format-standard","has-post-thumbnail","category-celebridades","tag-apresentadora","tag-catarina-furtado","tag-celebridades","tag-celebrities","tag-entertainment","tag-entretenimento","tag-familia","tag-famosos","tag-ferias","tag-filhos","tag-gloria-steinem","tag-instagram","tag-joao-reis","tag-luto","tag-nacional","tag-portugal","tag-pt","tag-rtp","tag-selfie"],"share_on_mastodon":{"url":"https:\/\/pubeurope.com\/@pt\/117212417579580404","error":""},"_links":{"self":[{"href":"https:\/\/www.europesays.com\/pt\/wp-json\/wp\/v2\/posts\/511533","targetHints":{"allow":["GET"]}}],"collection":[{"href":"https:\/\/www.europesays.com\/pt\/wp-json\/wp\/v2\/posts"}],"about":[{"href":"https:\/\/www.europesays.com\/pt\/wp-json\/wp\/v2\/types\/post"}],"author":[{"embeddable":true,"href":"https:\/\/www.europesays.com\/pt\/wp-json\/wp\/v2\/users\/2"}],"replies":[{"embeddable":true,"href":"https:\/\/www.europesays.com\/pt\/wp-json\/wp\/v2\/comments?post=511533"}],"version-history":[{"count":0,"href":"https:\/\/www.europesays.com\/pt\/wp-json\/wp\/v2\/posts\/511533\/revisions"}],"wp:featuredmedia":[{"embeddable":true,"href":"https:\/\/www.europesays.com\/pt\/wp-json\/wp\/v2\/media\/511534"}],"wp:attachment":[{"href":"https:\/\/www.europesays.com\/pt\/wp-json\/wp\/v2\/media?parent=511533"}],"wp:term":[{"taxonomy":"category","embeddable":true,"href":"https:\/\/www.europesays.com\/pt\/wp-json\/wp\/v2\/categories?post=511533"},{"taxonomy":"post_tag","embeddable":true,"href":"https:\/\/www.europesays.com\/pt\/wp-json\/wp\/v2\/tags?post=511533"}],"curies":[{"name":"wp","href":"https:\/\/api.w.org\/{rel}","templated":true}]}}