{"id":511535,"date":"2026-09-04T10:58:19","date_gmt":"2026-09-04T10:58:19","guid":{"rendered":"https:\/\/www.europesays.com\/pt\/511535\/"},"modified":"2026-09-04T10:58:19","modified_gmt":"2026-09-04T10:58:19","slug":"casa-bf2-peninsula-arquitetura","status":"publish","type":"post","link":"https:\/\/www.europesays.com\/pt\/511535\/","title":{"rendered":"Casa BF2 \/ Peninsula Arquitetura"},"content":{"rendered":"<p><a class=\"js-image-size__link lazy-anchor\" href=\"https:\/\/www.archdaily.com\/pt\/1148620\/casa-bf2-peninsula-arquitetura\/6a55346e7475ba00011ca9c8-casa-bf2-peninsula-arquitetura-foto\" rel=\"nofollow noopener\" target=\"_blank\"><img decoding=\"async\" alt=\"Casa BF2 \/ Peninsula Arquitetura - Fotografia de Interiores, Madeira, Viga, Balc\u00e3o\" data-nr-picture-id=\"6a55346e7475ba00011ca9c8\" height=\"427\" itemprop=\"image\" loading=\"lazy\" longdesc=\"https:\/\/www.archdaily.com\/pt\/1148620\/casa-bf2-peninsula-arquitetura\/6a55346e7475ba00011ca9c8-casa-bf2-peninsula-arquitetura-foto\" src=\"https:\/\/www.europesays.com\/pt\/wp-content\/uploads\/2026\/09\/365A1682.jpg\" width=\"640\"\/>\u00a9 Pedro Russo<\/a><\/p>\n<p class=\"thumbs afd-desktop-e\"><a class=\"thumbs__link\" data-nr-picture-id=\"6a55346c7475ba00011ca9b3\" href=\"https:\/\/www.archdaily.com\/pt\/1148620\/casa-bf2-peninsula-arquitetura\/6a55346c7475ba00011ca9b3-casa-bf2-peninsula-arquitetura-foto\" rel=\"attachment nofollow noopener\" target=\"_blank\"><img loading=\"lazy\" decoding=\"async\" alt=\"Casa BF2 \/ Peninsula Arquitetura - Imagem 1 de 27\" class=\"thumbs__img b-lazy\" data-nr-picture-id=\"6a55346c7475ba00011ca9b3\" data-pin-nopin=\"true\" src=\"https:\/\/www.europesays.com\/pt\/wp-content\/uploads\/2026\/09\/365A1669.jpg\" height=\"125\" longdesc=\"https:\/\/www.archdaily.com\/pt\/1148620\/casa-bf2-peninsula-arquitetura\/6a55346c7475ba00011ca9b3-casa-bf2-peninsula-arquitetura-foto\" title=\"\u00a9 Pedro Russo\" width=\"125\"\/><\/a><a class=\"thumbs__link\" data-nr-picture-id=\"6a55346d7475ba00011ca9b8\" href=\"https:\/\/www.archdaily.com\/pt\/1148620\/casa-bf2-peninsula-arquitetura\/6a55346d7475ba00011ca9b8-casa-bf2-peninsula-arquitetura-foto\" rel=\"attachment nofollow noopener\" target=\"_blank\"><img loading=\"lazy\" decoding=\"async\" alt=\"Casa BF2 \/ Peninsula Arquitetura - Fotografia de Interiores, Madeira, Cadeira, Mesa, Ilumina\u00e7\u00e3o, Vidro\" class=\"thumbs__img b-lazy\" data-nr-picture-id=\"6a55346d7475ba00011ca9b8\" data-pin-nopin=\"true\" src=\"https:\/\/www.europesays.com\/pt\/wp-content\/uploads\/2026\/09\/365A1532.jpg\" height=\"125\" longdesc=\"https:\/\/www.archdaily.com\/pt\/1148620\/casa-bf2-peninsula-arquitetura\/6a55346d7475ba00011ca9b8-casa-bf2-peninsula-arquitetura-foto\" title=\"\u00a9 Pedro Russo\" width=\"125\"\/><\/a><a class=\"thumbs__link\" data-nr-picture-id=\"6a55346d7475ba00011ca9c1\" href=\"https:\/\/www.archdaily.com\/pt\/1148620\/casa-bf2-peninsula-arquitetura\/6a55346d7475ba00011ca9c1-casa-bf2-peninsula-arquitetura-foto\" rel=\"attachment nofollow noopener\" target=\"_blank\"><img loading=\"lazy\" decoding=\"async\" alt=\"Casa BF2 \/ Peninsula Arquitetura - Fotografia de Interiores, Sala de Estar, Madeira, Sof\u00e1, Porta, Escada\" class=\"thumbs__img b-lazy\" data-nr-picture-id=\"6a55346d7475ba00011ca9c1\" data-pin-nopin=\"true\" src=\"https:\/\/www.europesays.com\/pt\/wp-content\/uploads\/2026\/09\/365A1634.jpg\" height=\"125\" longdesc=\"https:\/\/www.archdaily.com\/pt\/1148620\/casa-bf2-peninsula-arquitetura\/6a55346d7475ba00011ca9c1-casa-bf2-peninsula-arquitetura-foto\" title=\"\u00a9 Pedro Russo\" width=\"125\"\/><\/a><a class=\"thumbs__link\" data-nr-picture-id=\"6a55346d7475ba00011ca9bd\" href=\"https:\/\/www.archdaily.com\/pt\/1148620\/casa-bf2-peninsula-arquitetura\/6a55346d7475ba00011ca9bd-casa-bf2-peninsula-arquitetura-foto\" rel=\"attachment nofollow noopener\" target=\"_blank\"><img loading=\"lazy\" decoding=\"async\" alt=\"Casa BF2 \/ Peninsula Arquitetura - Fotografia de Interiores, Cozinha, Madeira, Ilumina\u00e7\u00e3o, Bancada\" class=\"thumbs__img b-lazy\" data-nr-picture-id=\"6a55346d7475ba00011ca9bd\" data-pin-nopin=\"true\" src=\"https:\/\/www.europesays.com\/pt\/wp-content\/uploads\/2026\/09\/365A1577.jpg\" height=\"125\" longdesc=\"https:\/\/www.archdaily.com\/pt\/1148620\/casa-bf2-peninsula-arquitetura\/6a55346d7475ba00011ca9bd-casa-bf2-peninsula-arquitetura-foto\" title=\"\u00a9 Pedro Russo\" width=\"125\"\/><\/a><a class=\"thumbs__link afd-desktop-e\" href=\"https:\/\/www.archdaily.com\/pt\/1148620\/casa-bf2-peninsula-arquitetura\/6a55346c7475ba00011ca9b3-casa-bf2-peninsula-arquitetura-foto\" rel=\"nofollow noopener\" target=\"_blank\"><img decoding=\"async\" alt=\"Casa BF2 \/ Peninsula Arquitetura - Mais Imagens\" class=\"thumbs__img b-lazy\" src=\"https:\/\/images.adsttc.com\/media\/images\/6a55\/346c\/7475\/ba00\/011c\/a9b3\/newsletter\/365A1669.jpg?1783968981\" itemprop=\"image\" bad-src=\"data:image\/gif;base64,R0lGODlhAQABAIAAAAUEBAAAACwAAAAAAQABAAACAkQBADs=\"\/>+ 22<\/a><\/p>\n<p class=\"article-meta__author\">Curadoria de <strong>Susanna Moreira<\/strong><\/p>\n<p>    Compartilhar<\/p>\n<p>Compartilhar<\/p>\n<ul class=\"afd-share__networks clearfix\">\n<li class=\"afd-share__social\"><a aria-label=\"Facebook\" class=\"afd-share__button\" data-insights-category=\"share\" data-insights-label=\"facebook_sharing_options\" data-insights-value=\"1148620\" data-social=\"facebook\" href=\"https:\/\/www.facebook.com\/sharer\/sharer.php?u=https:\/\/www.archdaily.com.br\/pt\/1148620\/casa-bf2-peninsula-arquitetura\" rel=\"nofollow noopener\" target=\"_blank\"><\/a>\n<p>Facebook<\/p>\n<\/li>\n<li class=\"afd-share__social\"><a aria-label=\"Twitter\" class=\"afd-share__button\" data-insights-category=\"share\" data-insights-label=\"twitter_sharing_options\" data-insights-value=\"1148620\" data-social=\"twitter\" href=\"https:\/\/twitter.com\/intent\/tweet?text=Casa%20BF2%20%2F%20Peninsula%20Arquitetura&amp;url=https:\/\/www.archdaily.com.br\/pt\/1148620\/casa-bf2-peninsula-arquitetura&amp;via=archdailybr\" rel=\"nofollow noopener\" target=\"_blank\"><\/a>\n<p>Twitter<\/p>\n<\/li>\n<li class=\"afd-share__social\"><a class=\"afd-share__button\" data-insights-category=\"share\" data-insights-label=\"email_sharing_options\" data-insights-value=\"1148620\" data-social=\"email\" href=\"mailto:?subject=Casa BF2 \/ Peninsula Arquitetura&amp;body=https:\/\/www.archdaily.com.br\/pt\/1148620\/casa-bf2-peninsula-arquitetura\"><\/a>\n<p>Mail<\/p>\n<\/li>\n<li class=\"afd-share__social\"><a aria-label=\"Pinterest\" class=\"afd-share__button\" data-insights-category=\"share\" data-insights-label=\"pinterest_sharing_options\" data-insights-value=\"1148620\" data-social=\"pinterest\" href=\"https:\/\/pinterest.com\/pin\/create\/button\/?url=https%3A%2F%2Fwww.archdaily.com.br%2Fpt%2F1148620%2Fcasa-bf2-peninsula-arquitetura&amp;media=https%3A%2F%2Fimages.adsttc.com%2Fmedia%2Fimages%2F6a55%2F346c%2F7475%2Fba00%2F011c%2Fa9b3%2Flarge_jpg%2F365A1669.jpg%3F1783968981&amp;description=Casa%20BF2%20%2F%20Peninsula%20Arquitetura\" rel=\"nofollow noopener\" target=\"_blank\"><\/a>\n<p>Pinterest<\/p>\n<\/li>\n<li class=\"afd-share__social\"><a aria-label=\"Whatsapp\" class=\"afd-share__button\" data-action=\"share\/whatsapp\/share\" data-insights-category=\"share\" data-insights-label=\"whatsapp_sharing_options\" data-insights-value=\"1148620\" data-social=\"whatsapp\" href=\"whatsapp:\/\/send?text=Casa+BF2+%2F+Peninsula+Arquitetura+%7C+https%3A%2F%2Fwww.archdaily.com.br%2Fpt%2F1148620%2Fcasa-bf2-peninsula-arquitetura%3Futm_source%3DWhatsapp%26utm_medium%3DIM%26utm_campaign%3Dshare-button\" rel=\"nofollow\"><\/a>\n<p>Whatsapp<\/p>\n<\/li>\n<\/ul>\n<p>Ou<\/p>\n<p>https:\/\/www.archdaily.com.br\/pt\/1148620\/casa-bf2-peninsula-arquitetura<\/p>\n<ul class=\"afd-char-list afd-specs__item-container js-char-list\" wp_automatic_readability=\"-0.8741935483871\">\n<li class=\"afd-specs__item\">\n<\/li>\n<li class=\"afd-specs__item\">\n  \u00c1rea<br \/>\n  \u00c1rea deste projeto de arquitetura<\/p>\n<p>\u00c1rea:\u00a0<br \/>\n        <a href=\"https:\/\/www.archdaily.com\/search\/pt\/projects\/min_area\/240\/max_area\/360?ad_name=project-specs&amp;ad_medium=single\" rel=\"nofollow noopener\" target=\"_blank\">300<\/a> m\u00b2<\/li>\n<li class=\"afd-specs__item\">\n<p>  Ano<br \/>\n  Ano de conclus\u00e3o deste projeto de arquitetura<\/p>\n<p>            Ano:\u00a0<\/p>\n<p>                    <a href=\"https:\/\/www.archdaily.com\/search\/pt\/projects\/year\/2025?ad_name=project-specs&amp;ad_medium=single\" rel=\"nofollow noopener\" target=\"_blank\"><br \/>\n          2025<br \/>\n        <\/a><\/p>\n<\/li>\n<li class=\"afd-specs__item\">\n<p>  Fot\u00f3grafo<\/p>\n<\/li>\n<li class=\"afd-specs__item\" wp_automatic_readability=\"1\">\n<p>  Fabricantes<br \/>\n  Marcas com produtos usados neste projeto de arquitetura<\/p>\n<p>Fabricantes: \u00a0Boobam, Fernando Jaeger, Lider Design<\/p>\n<\/li>\n<\/ul>\n<p><a class=\"js-image-size__link lazy-anchor\" href=\"https:\/\/www.archdaily.com\/pt\/1148620\/casa-bf2-peninsula-arquitetura\/6a55346e7475ba00011ca9c5-casa-bf2-peninsula-arquitetura-foto\" rel=\"nofollow noopener\" target=\"_blank\"><img decoding=\"async\" alt=\"Casa BF2 \/ Peninsula Arquitetura - Fotografia de Exterior, Jardim, Aido, Balc\u00e3o\" data-nr-picture-id=\"6a55346e7475ba00011ca9c5\" height=\"427\" itemprop=\"image\" loading=\"lazy\" longdesc=\"https:\/\/www.archdaily.com\/pt\/1148620\/casa-bf2-peninsula-arquitetura\/6a55346e7475ba00011ca9c5-casa-bf2-peninsula-arquitetura-foto\" src=\"https:\/\/www.europesays.com\/pt\/wp-content\/uploads\/2026\/09\/365A1660.jpg\" width=\"640\"\/>\u00a9 Pedro Russo<\/a><\/p>\n<p>Descri\u00e7\u00e3o enviada pela equipe de projeto. Localizada em Perdizes, <a href=\"https:\/\/www.archdaily.com\/pt\/tag\/sao-paulo\" rel=\"nofollow noopener\" target=\"_blank\">S\u00e3o Paulo<\/a>, esta casa de vila da d\u00e9cada de 1950 passou por uma reforma completa assinada pelo escrit\u00f3rio Pen\u00ednsula Arquitetura. O im\u00f3vel, com 200 m\u00b2 de \u00e1rea constru\u00edda, foi adquirido em mau estado por um casal de empres\u00e1rios e av\u00f3s \u2014 clientes recorrentes do escrit\u00f3rio \u2014 que desejavam um espa\u00e7o bem iluminado, ventilado e adaptado para receber familiares. O projeto, conclu\u00eddo em cerca de um ano e meio, buscou preservar as caracter\u00edsticas originais da constru\u00e7\u00e3o enquanto atualizava a planta para atender \u00e0s novas demandas contempor\u00e2neas.<\/p>\n<p><img decoding=\"async\" src=\"https:\/\/www.europesays.com\/pt\/wp-content\/uploads\/2026\/09\/1788519499_784_loader-blue.gif\" alt=\"Content Loader\" style=\"width: 40px; margin: 24px;\"\/><script async src=\"https:\/\/platform.twitter.com\/widgets.js\" charset=\"utf-8\"><\/script><\/p>\n","protected":false},"excerpt":{"rendered":"\u00a9 Pedro Russo + 22 Curadoria de Susanna Moreira Compartilhar Compartilhar Facebook Twitter Mail Pinterest Whatsapp Ou https:\/\/www.archdaily.com.br\/pt\/1148620\/casa-bf2-peninsula-arquitetura&hellip;\n","protected":false},"author":2,"featured_media":511536,"comment_status":"","ping_status":"","sticky":false,"template":"","format":"standard","meta":{"footnotes":"","_share_on_mastodon":"0"},"categories":[144],"tags":[304,361,207,205,206,203,201,202,362,204,114,115,32,33,654],"class_list":["post-511535","post","type-post","status-publish","format-standard","has-post-thumbnail","category-arte-e-design","tag-arquitetura","tag-arquitetura-residencial","tag-arte","tag-arte-e-design","tag-artedesign","tag-arts","tag-arts-and-design","tag-artsanddesign","tag-casas","tag-design","tag-entertainment","tag-entretenimento","tag-portugal","tag-pt","tag-sao-paulo"],"share_on_mastodon":{"url":"https:\/\/pubeurope.com\/@pt\/117212422874851372","error":""},"_links":{"self":[{"href":"https:\/\/www.europesays.com\/pt\/wp-json\/wp\/v2\/posts\/511535","targetHints":{"allow":["GET"]}}],"collection":[{"href":"https:\/\/www.europesays.com\/pt\/wp-json\/wp\/v2\/posts"}],"about":[{"href":"https:\/\/www.europesays.com\/pt\/wp-json\/wp\/v2\/types\/post"}],"author":[{"embeddable":true,"href":"https:\/\/www.europesays.com\/pt\/wp-json\/wp\/v2\/users\/2"}],"replies":[{"embeddable":true,"href":"https:\/\/www.europesays.com\/pt\/wp-json\/wp\/v2\/comments?post=511535"}],"version-history":[{"count":0,"href":"https:\/\/www.europesays.com\/pt\/wp-json\/wp\/v2\/posts\/511535\/revisions"}],"wp:featuredmedia":[{"embeddable":true,"href":"https:\/\/www.europesays.com\/pt\/wp-json\/wp\/v2\/media\/511536"}],"wp:attachment":[{"href":"https:\/\/www.europesays.com\/pt\/wp-json\/wp\/v2\/media?parent=511535"}],"wp:term":[{"taxonomy":"category","embeddable":true,"href":"https:\/\/www.europesays.com\/pt\/wp-json\/wp\/v2\/categories?post=511535"},{"taxonomy":"post_tag","embeddable":true,"href":"https:\/\/www.europesays.com\/pt\/wp-json\/wp\/v2\/tags?post=511535"}],"curies":[{"name":"wp","href":"https:\/\/api.w.org\/{rel}","templated":true}]}}