{"id":511549,"date":"2026-09-04T11:11:14","date_gmt":"2026-09-04T11:11:14","guid":{"rendered":"https:\/\/www.europesays.com\/pt\/511549\/"},"modified":"2026-09-04T11:11:14","modified_gmt":"2026-09-04T11:11:14","slug":"quem-ama-cuida-veja-1a-foto-de-renato-goes-como-heitor-03-09-2026-monica-bergamo","status":"publish","type":"post","link":"https:\/\/www.europesays.com\/pt\/511549\/","title":{"rendered":"&#8216;Quem Ama Cuida&#8217;: Veja 1\u00aa foto de Renato G\u00f3es como Heitor &#8211; 03\/09\/2026 &#8211; M\u00f4nica Bergamo"},"content":{"rendered":"<p><a href=\"https:\/\/www1.folha.uol.com.br\/folha-topicos\/renato-goes\/\" rel=\"nofollow noopener\" target=\"_blank\">Renato G\u00f3es<\/a> posa pela primeira vez caracterizado como Heitor, personagem que entra na <a href=\"https:\/\/www1.folha.uol.com.br\/folha-topicos\/novela\/\" rel=\"nofollow noopener\" target=\"_blank\">novela<\/a> &#8220;<a href=\"https:\/\/www1.folha.uol.com.br\/folha-topicos\/quem-ama-cuida\/\" rel=\"nofollow noopener\" target=\"_blank\">Quem Ama Cuida<\/a>&#8221; (<a href=\"https:\/\/www1.folha.uol.com.br\/folha-topicos\/globo\/\" rel=\"nofollow noopener\" target=\"_blank\">Globo<\/a>), a partir de 14 de setembro. Na hist\u00f3ria, ele ser\u00e1 filho de Arthur Brand\u00e3o (Antonio Fagundes), jovem aventureiro e de esp\u00edrito livre que estava desaparecido desde que fez uma viagem.<\/p>\n<p>&#8220;Ele vai falar muito sobre liberdade mas tamb\u00e9m sobre responsabilidade&#8221;, diz o ator \u00e0 coluna.<\/p>\n<p>O sumi\u00e7o de Heitor nunca foi superado por Arthur, que se tornou uma pessoa mais amarga depois do ocorrido.<\/p>\n<p>Renato afirma que, ao receber a sinopse do personagem, o que mais chamou a sua aten\u00e7\u00e3o foi a contradi\u00e7\u00e3o do jovem. O ator sinaliza que Heitor desapareceu por vontade pr\u00f3pria para conseguir viver de uma forma diferente da sua fam\u00edlia.<\/p>\n<p>&#8220;Ele teve coragem de abrir m\u00e3o de uma vida que estava praticamente pronta, escrita. Heitor diz n\u00e3o a muita coisa pra buscar uma vida que valesse a pena de verdade. Isso \u00e9 muito bonito. Mas, ao mesmo tempo, essa escolha teve uma consequ\u00eancia gigante pra as pessoas que ficaram, principalmente pro pai dele.&#8221;<\/p>\n<p>&#8220;At\u00e9 onde a gente pode escolher os nossos caminhos e decidir a nossa vida, sem se preocupar ou avaliar o impacto no outro? Acho que essa pergunta est\u00e1 muito presente nele e, pra mim, isso \u00e9 legal demais&#8221;, acrescenta Renato.<\/p>\n<p>A chegada de Heitor vai mudar os rumos da trama, uma vez que ele ter\u00e1 direito \u00e0 heran\u00e7a do pai, entrando em choque com a vil\u00e3 Pilar (Isabel Teixeira).<\/p>\n<p>Marcelo Dias, respons\u00e1vel pela caracteriza\u00e7\u00e3o f\u00edsica do personagem, diz que a op\u00e7\u00e3o por Heitor ter o cabelo curto surgiu para passar a ideia de que ele \u00e9 um homem desprendido e que n\u00e3o \u00e9 &#8220;muito vaidoso&#8221;.<\/p>\n<p>&#8220;Mas n\u00e3o significa que seja largado, descuidado. Tem zelo pela apar\u00eancia, mas n\u00e3o \u00e9 da vaidade&#8221;, explica ele. &#8220;A beleza vem de dentro. Ele n\u00e3o precisa de muita coisa&#8221;, complementa.<\/p>\n<p>J\u00e1 a figurinista Fl\u00e1via Costa diz que Heitor \u00e9 um homem que est\u00e1 &#8220;sempre em peregrina\u00e7\u00e3o&#8221; e leva tudo o que precisa na sua mochila. &#8220;\u00c9 um cara pr\u00e1tico&#8221;, afirma.<\/p>\n<p>com <strong>DIEGO ALEJANDRO, JULLIA GOUVE<\/strong><strong>IA e KARINA MATIAS<\/strong><\/p>\n<p class=\"c-context__content\">&#13;<br \/>\n    <strong>LINK PRESENTE:<\/strong> Gostou deste texto? Assinante pode liberar sete acessos gratuitos de qualquer link por dia. Basta clicar no F azul abaixo.&#13;\n  <\/p>\n","protected":false},"excerpt":{"rendered":"Renato G\u00f3es posa pela primeira vez caracterizado como Heitor, personagem que entra na novela &#8220;Quem Ama Cuida&#8221; (Globo),&hellip;\n","protected":false},"author":2,"featured_media":511550,"comment_status":"","ping_status":"","sticky":false,"template":"","format":"standard","meta":{"footnotes":"","_share_on_mastodon":"0"},"categories":[145],"tags":[211,210,114,115,236,753,2931,32,33,35878,9266,218],"class_list":["post-511549","post","type-post","status-publish","format-standard","has-post-thumbnail","category-celebridades","tag-celebridades","tag-celebrities","tag-entertainment","tag-entretenimento","tag-folha","tag-globo","tag-novela","tag-portugal","tag-pt","tag-quem-ama-cuida","tag-renato-goes","tag-televisao"],"share_on_mastodon":{"url":"https:\/\/pubeurope.com\/@pt\/117212472101464110","error":""},"_links":{"self":[{"href":"https:\/\/www.europesays.com\/pt\/wp-json\/wp\/v2\/posts\/511549","targetHints":{"allow":["GET"]}}],"collection":[{"href":"https:\/\/www.europesays.com\/pt\/wp-json\/wp\/v2\/posts"}],"about":[{"href":"https:\/\/www.europesays.com\/pt\/wp-json\/wp\/v2\/types\/post"}],"author":[{"embeddable":true,"href":"https:\/\/www.europesays.com\/pt\/wp-json\/wp\/v2\/users\/2"}],"replies":[{"embeddable":true,"href":"https:\/\/www.europesays.com\/pt\/wp-json\/wp\/v2\/comments?post=511549"}],"version-history":[{"count":0,"href":"https:\/\/www.europesays.com\/pt\/wp-json\/wp\/v2\/posts\/511549\/revisions"}],"wp:featuredmedia":[{"embeddable":true,"href":"https:\/\/www.europesays.com\/pt\/wp-json\/wp\/v2\/media\/511550"}],"wp:attachment":[{"href":"https:\/\/www.europesays.com\/pt\/wp-json\/wp\/v2\/media?parent=511549"}],"wp:term":[{"taxonomy":"category","embeddable":true,"href":"https:\/\/www.europesays.com\/pt\/wp-json\/wp\/v2\/categories?post=511549"},{"taxonomy":"post_tag","embeddable":true,"href":"https:\/\/www.europesays.com\/pt\/wp-json\/wp\/v2\/tags?post=511549"}],"curies":[{"name":"wp","href":"https:\/\/api.w.org\/{rel}","templated":true}]}}