{"id":511551,"date":"2026-09-04T11:12:20","date_gmt":"2026-09-04T11:12:20","guid":{"rendered":"https:\/\/www.europesays.com\/pt\/511551\/"},"modified":"2026-09-04T11:12:20","modified_gmt":"2026-09-04T11:12:20","slug":"criacao-da-david-clube-de-criacao","status":"publish","type":"post","link":"https:\/\/www.europesays.com\/pt\/511551\/","title":{"rendered":"Cria\u00e7\u00e3o da David &#8211; Clube de Cria\u00e7\u00e3o"},"content":{"rendered":"<p>John Cena e Cody Rhodes por Clash of Clans<\/p>\n<p>\n\t\t\t\t02\/09\/2026\n\t\t\t<\/p>\n<p>\t\t\t\t<img decoding=\"async\" loading=\"lazy\" src=\"https:\/\/clubedecriacao.com.br\/wp-content\/themes\/clube-criacao-1.0\/images\/icon-time.svg\" alt=\"\u00cdcone\" width=\"20\" height=\"20\"\/><br \/>\n\t\t\t\t3 min.<\/p>\n<p>\t\t\tCompartilhe essa not\u00edcia:<br \/>\n\t\t\t<a href=\"#\" class=\"btn-copiar\"><br \/>\n\t\t\t\tCopiar link<br \/>\n\t\t\t\t<img decoding=\"async\" loading=\"lazy\" src=\"https:\/\/clubedecriacao.com.br\/wp-content\/themes\/clube-criacao-1.0\/images\/icon-link.svg\" alt=\"\u00cdcone\" width=\"20\" height=\"20\"\/><br \/>\n\t\t\t<\/a><\/p>\n<p>O game <strong>Clash of Clans<\/strong>, da <strong>Supercell<\/strong>, une-se novamente \u00e0 <strong>WWE.<\/strong> A ideia \u00e9 transformar a rivalidade entre <strong>John Cena e<\/strong> <strong>Cody Rhodes <\/strong>em uma disputa para os jogadores.<\/p>\n<p>At\u00e9 o dia <strong>30 de setembro<\/strong>, os usu\u00e1rios podem participar da <strong>busca pela vila de Cena<\/strong>. A base, dispon\u00edvel para ataques,\u00a0contar\u00e1 com recursos especiais.<\/p>\n<p>Para refor\u00e7ar a equipe de busca, Rhodes conta com o apoio de outras estrelas da WWE, que mobilizar\u00e3o seus f\u00e3s para <strong>participarem da \u201cca\u00e7ada\u201d<\/strong>.<\/p>\n<p>Para promover a novidade, a <strong>David\u00a0Nova York\u00a0<\/strong>criou campanha (assista aos filmes, abaixo).<\/p>\n<p>Al\u00e9m da vila de Cena, o crossover no jogo traz seis estrelas da WWE reimaginadas como personagens de Clash of Clans, incluindo o retorno de Cody Rhodes como o<strong> Rei B\u00e1rbaro.<\/strong> A tamb\u00e9m conta com <strong>Alexa Bliss<\/strong> como <strong>Rainha Arqueira<\/strong>, <strong>The Undertaker<\/strong> como <strong>Grand Warden<\/strong>, <strong>Iyo Sky<\/strong> como<strong> Campe\u00e3 Real, Jey Uso<\/strong> como <strong>Pr\u00edncipe dos Servos <\/strong>e <strong>Kane<\/strong> como <strong>Duque Drag\u00e3o<\/strong>.<\/p>\n<p class=\"wp-block-paragraph\">O jogador que derrotar a vila poder\u00e1 receber uma <strong>est\u00e1tua de Rhodes<\/strong>.<\/p>\n<p><strong>Ficha T\u00e9cnica:<\/strong><\/p>\n<p>Agency: DAVID New York<br \/>Carolina Vieira: NA Managing Director<br \/>Daniel Lobaton: NA CCO<br \/>Andre Toledo: Chief Creative Officer<br \/>Pedro Sattin, Sebastien Rouviere: Creative Director<br \/>Carmen Fenech, Shaun McFarlane: Associate Creative Director<br \/>Brenda Morrison Fell: Head of Production<br \/>Sophie Freid: Producer<br \/>Barbara Karalis: Business Affairs Director<br \/>Catalina Pena: Senior Business Affairs Manager<br \/>Brett Neibling: Group Account Director<br \/>Enrique Espinetti: Senior Account Director<br \/>Daniel Gonzalez: Account Supervisor<br \/>Sandra Azedo: Global PR &amp; Communications Director<\/p>\n<p>Supercell<br \/>David Edwards: Global Brand &amp; Product Marketing<br \/>Giulia Valls Halling: Global Marketing Producer<br \/>Ana Martins: Product Marketing Creative Producer<br \/>Enni Linnus: Creative Producer<br \/>Marco Monteiro: Community Manager<br \/>Fernando Ferri: Community Manager<br \/>Jihyun Dan: Performance Marketing Manager<br \/>Jon Rosenblatt: Head of Marketing<br \/>Jon Howard: Head of Game Communications<br \/>Maryanne Milano: Communications Strategist<br \/>Tom Coffey: EMEA Marketing Strategist<br \/>Yujin Kang: Japan &amp; Korea Marketing Strategist<br \/>Alexandra Dumitrascu: Social Media Manager<\/p>\n<p>WWE<br \/>Rob Cinguina: Director<br \/>Mike Meza: Producer<br \/>Ryan Wood: Production Assistant<\/p>\n<p>ELEVENO2<br \/>Barry Bross: Director<br \/>Doug Lebow: Producer<br \/>Rob Perkins: Line Producer<br \/>Danea Stringfellow: Assistant Director<br \/>Chris Bierlein: Director of Photography<br \/>Sean Davis: Gaffer<br \/>Alan Cowart: Key Grip<br \/>Ralph Ballantine: Production Designer<br \/>Brandon Dew: Sound Recordist<br \/>Brian James: Sound Recordist<br \/>Alix Friedberg: Wardrobe Stylist<br \/>Anny Kim: Hair Stylist and Makeup Artist<\/p>\n<p>Offline Edit: Tim Warmanen<\/p>\n<p>Finishing: Mackcut (Schmigital)<br \/>Joe Miller: Flame Artist<br \/>Colin Edelman: Online Editor\/Tech Ops<br \/>Kalisha Allen: Senior Post\/Finishing Producer<br \/>Gina Pagano: Executive Producer<\/p>\n<p>Color Grade: Company 3<br \/>Joseph Bicknell: Colorist<\/p>\n<p>Music &amp; Mix: Dogma<br \/>Music Director: Jonathan Gejtman<br \/>Music Supervision: Jonathan Gejtman<br \/>Head of Audio: Mateo Palmisano<br \/>Composer: Lucas Villemur<br \/>Audio Post: Lucas Villemur<\/p>\n<p><strong>\u2014\u2014\u2014\u2014\u2014\u2014\u2014\u2014\u2014\u2014\u2014\u2014\u2014\u2014\u2014<\/strong><\/p>\n<p>Ingressos para o\u00a0<strong><a href=\"https:\/\/clubedecriacao.com.br\/ultimas\/festival-do-clube-2026\/\" target=\"_blank\" rel=\"noopener nofollow\">Festival do Clube de Cria\u00e7\u00e3o 2026<\/a>\u00a0<\/strong>est\u00e3o \u00e0 venda\u00a0<strong><a href=\"https:\/\/www.sympla.com.br\/evento\/festival-do-clube-de-criacao-2026\/3401462\" target=\"_blank\" rel=\"noopener nofollow\">aqui<\/a><\/strong>.<\/p>\n<p><strong>N\u00e3o\u00a0perca. Espalhe.<\/strong><\/p>\n<p><strong>Nos vemos no Memorial.<\/strong><\/p>\n","protected":false},"excerpt":{"rendered":"John Cena e Cody Rhodes por Clash of Clans 02\/09\/2026 3 min. Compartilhe essa not\u00edcia: Copiar link O&hellip;\n","protected":false},"author":2,"featured_media":511552,"comment_status":"","ping_status":"","sticky":false,"template":"","format":"standard","meta":{"footnotes":"","_share_on_mastodon":"0"},"categories":[144],"tags":[207,205,206,203,201,202,204,114,115,32,33],"class_list":["post-511551","post","type-post","status-publish","format-standard","has-post-thumbnail","category-arte-e-design","tag-arte","tag-arte-e-design","tag-artedesign","tag-arts","tag-arts-and-design","tag-artsanddesign","tag-design","tag-entertainment","tag-entretenimento","tag-portugal","tag-pt"],"share_on_mastodon":{"url":"https:\/\/pubeurope.com\/@pt\/117212476884215107","error":""},"_links":{"self":[{"href":"https:\/\/www.europesays.com\/pt\/wp-json\/wp\/v2\/posts\/511551","targetHints":{"allow":["GET"]}}],"collection":[{"href":"https:\/\/www.europesays.com\/pt\/wp-json\/wp\/v2\/posts"}],"about":[{"href":"https:\/\/www.europesays.com\/pt\/wp-json\/wp\/v2\/types\/post"}],"author":[{"embeddable":true,"href":"https:\/\/www.europesays.com\/pt\/wp-json\/wp\/v2\/users\/2"}],"replies":[{"embeddable":true,"href":"https:\/\/www.europesays.com\/pt\/wp-json\/wp\/v2\/comments?post=511551"}],"version-history":[{"count":0,"href":"https:\/\/www.europesays.com\/pt\/wp-json\/wp\/v2\/posts\/511551\/revisions"}],"wp:featuredmedia":[{"embeddable":true,"href":"https:\/\/www.europesays.com\/pt\/wp-json\/wp\/v2\/media\/511552"}],"wp:attachment":[{"href":"https:\/\/www.europesays.com\/pt\/wp-json\/wp\/v2\/media?parent=511551"}],"wp:term":[{"taxonomy":"category","embeddable":true,"href":"https:\/\/www.europesays.com\/pt\/wp-json\/wp\/v2\/categories?post=511551"},{"taxonomy":"post_tag","embeddable":true,"href":"https:\/\/www.europesays.com\/pt\/wp-json\/wp\/v2\/tags?post=511551"}],"curies":[{"name":"wp","href":"https:\/\/api.w.org\/{rel}","templated":true}]}}