{"id":511679,"date":"2026-09-04T13:12:24","date_gmt":"2026-09-04T13:12:24","guid":{"rendered":"https:\/\/www.europesays.com\/pt\/511679\/"},"modified":"2026-09-04T13:12:24","modified_gmt":"2026-09-04T13:12:24","slug":"onu-vai-votar-adocao-de-novo-mapa-mundo-que-mostra-a-real-dimensao-de-africa","status":"publish","type":"post","link":"https:\/\/www.europesays.com\/pt\/511679\/","title":{"rendered":"ONU vai votar ado\u00e7\u00e3o de novo mapa-mundo que mostra a real dimens\u00e3o de \u00c1frica"},"content":{"rendered":"<p>A Assembleia Geral da ONU vai votar esta sexta-feira, 4 de setembro, uma resolu\u00e7\u00e3o para que o mundo elimine formalmente o mapa tradicional de Mercator do globo terrestre em favor de um que mostre de forma mais precisa o tamanho de \u00c1frica.<\/p>\n<p>A resolu\u00e7\u00e3o foi patrocinada pelo Togo e apoiada pelos outros 54 Estados-membros da Uni\u00e3o Africana, assim como por outros pa\u00edses, afirmou o ministro togol\u00eas dos Neg\u00f3cios Estrangeiros, Robert Dussey, que considera tratar-se de uma discuss\u00e3o &#8220;cient\u00edfica, porque h\u00e1 provas cient\u00edficas&#8221;, e n\u00e3o pol\u00edtica.<\/p>\n<p>As resolu\u00e7\u00f5es da ONU n\u00e3o s\u00e3o vinculativas, mas se a vota\u00e7\u00e3o for aprovada, \u00e9 poss\u00edvel que tal possa levar a uma atualiza\u00e7\u00e3o dos manuais escolares ou de plataformas na Internet onde o mapa \u00e9 retratado.<\/p>\n<p>O mapa foi introduzido pelo cart\u00f3grafo flamengo Gerardus Mercator em 1569 para auxiliar os marinheiros na navega\u00e7\u00e3o mar\u00edtima e, quase cinco s\u00e9culos depois, mant\u00e9m-se como padr\u00e3o global.<\/p>\n<p>Devido ao estilo de proje\u00e7\u00e3o as regi\u00f5es pr\u00f3ximas do equador parecem significativamente mais pequenas do que realmente s\u00e3o, enquanto as \u00e1reas de latitudes elevadas parecem muito maiores, o que faz com que \u00c1frica apare\u00e7a com um tamanho semelhante ao da Gronel\u00e2ndia, quando \u00e9 14 vezes maior do que o territ\u00f3rio dinamarqu\u00eas.<\/p>\n<p><strong>\u201cSeria poss\u00edvel encaixar os Estados Unidos, a China, a \u00cdndia, o Jap\u00e3o, o M\u00e9xico e grande parte da Europa em \u00c1frica e ainda sobraria espa\u00e7o\u201d<\/strong>, afirma uma peti\u00e7\u00e3o no Change.org para a campanha <a aria-label=\"content\" target=\"_blank\" href=\"https:\/\/www.change.org\/p\/correctthemap-to-show-africa-s-true-size?recruiter=1363623859&amp;recruited_by_id=31b50b20-d90f-11ef-a26d-ff384a668a53&amp;utm_source=share_petition&amp;utm_campaign=petition_dashboard&amp;utm_medium=copylink\" rel=\"nofollow noopener\">#CorrectTheMap<\/a>, que j\u00e1 conta com mais de 11 mil assinaturas.<\/p>\n<p>Esta posi\u00e7\u00e3o est\u00e1 de acordo com o que defendem historiadores, ge\u00f3grafos e ativistas, sendo que alguns falam mesmo em \u201ccolonialismo cartogr\u00e1fico\u201d, defendendo que o mapa atual minimiza a presen\u00e7a f\u00edsica do Sul global e inflamou visualmente as na\u00e7\u00f5es do hemisf\u00e9rio norte, o que tem tido reflexos nos enviesamentos sist\u00e9micos no com\u00e9rcio internacional.<\/p>\n<p>Um dos cr\u00edticos mais proeminentes da proje\u00e7\u00e3o de Mercator foi Arno Peters, historiador alem\u00e3o que lan\u00e7ou o mapa-mundo de Peters, baseado na proje\u00e7\u00e3o de Gall-Peters, em 1973.<\/p>\n","protected":false},"excerpt":{"rendered":"A Assembleia Geral da ONU vai votar esta sexta-feira, 4 de setembro, uma resolu\u00e7\u00e3o para que o mundo&hellip;\n","protected":false},"author":2,"featured_media":511680,"comment_status":"","ping_status":"","sticky":false,"template":"","format":"standard","meta":{"footnotes":"","_share_on_mastodon":"0"},"categories":[50],"tags":[81950,2713,27,28,81949,81945,81951,81943,15,16,81946,3384,14,25,26,21,22,81948,81941,62,12,13,19,20,910,23,24,81942,81947,81944,17,18,29,30,31,34578,63,64,65],"class_list":["post-511679","post","type-post","status-publish","format-standard","has-post-thumbnail","category-mundo","tag-correctthemap","tag-africa","tag-breaking-news","tag-breakingnews","tag-change-org","tag-colonialismo-cartografico","tag-dimensao-africa","tag-equal-earth","tag-featured-news","tag-featurednews","tag-gall-peters","tag-google-maps","tag-headlines","tag-latest-news","tag-latestnews","tag-main-news","tag-mainnews","tag-mapa-escolar","tag-mapa-mundo","tag-mundo","tag-news","tag-noticias","tag-noticias-principais","tag-noticiasprincipais","tag-onu","tag-principais-noticias","tag-principaisnoticias","tag-projecao-mercator","tag-resolucao-onu","tag-togo","tag-top-stories","tag-topstories","tag-ultimas","tag-ultimas-noticias","tag-ultimasnoticias","tag-uniao-africana","tag-world","tag-world-news","tag-worldnews"],"share_on_mastodon":{"url":"","error":"Validation failed: Text character limit of 500 exceeded"},"_links":{"self":[{"href":"https:\/\/www.europesays.com\/pt\/wp-json\/wp\/v2\/posts\/511679","targetHints":{"allow":["GET"]}}],"collection":[{"href":"https:\/\/www.europesays.com\/pt\/wp-json\/wp\/v2\/posts"}],"about":[{"href":"https:\/\/www.europesays.com\/pt\/wp-json\/wp\/v2\/types\/post"}],"author":[{"embeddable":true,"href":"https:\/\/www.europesays.com\/pt\/wp-json\/wp\/v2\/users\/2"}],"replies":[{"embeddable":true,"href":"https:\/\/www.europesays.com\/pt\/wp-json\/wp\/v2\/comments?post=511679"}],"version-history":[{"count":0,"href":"https:\/\/www.europesays.com\/pt\/wp-json\/wp\/v2\/posts\/511679\/revisions"}],"wp:featuredmedia":[{"embeddable":true,"href":"https:\/\/www.europesays.com\/pt\/wp-json\/wp\/v2\/media\/511680"}],"wp:attachment":[{"href":"https:\/\/www.europesays.com\/pt\/wp-json\/wp\/v2\/media?parent=511679"}],"wp:term":[{"taxonomy":"category","embeddable":true,"href":"https:\/\/www.europesays.com\/pt\/wp-json\/wp\/v2\/categories?post=511679"},{"taxonomy":"post_tag","embeddable":true,"href":"https:\/\/www.europesays.com\/pt\/wp-json\/wp\/v2\/tags?post=511679"}],"curies":[{"name":"wp","href":"https:\/\/api.w.org\/{rel}","templated":true}]}}