{"id":511719,"date":"2026-09-04T13:53:11","date_gmt":"2026-09-04T13:53:11","guid":{"rendered":"https:\/\/www.europesays.com\/pt\/511719\/"},"modified":"2026-09-04T13:53:11","modified_gmt":"2026-09-04T13:53:11","slug":"bznoticias-natal-encerra-campanha-de-multivacinacao-com-mais-de-58-mil-doses-aplicadas","status":"publish","type":"post","link":"https:\/\/www.europesays.com\/pt\/511719\/","title":{"rendered":"BZNot\u00edcias &#8211; Natal encerra campanha de multivacina\u00e7\u00e3o com mais de 58 mil doses aplicadas"},"content":{"rendered":"<p>                                                                                    <img decoding=\"async\" src=\"https:\/\/www.europesays.com\/pt\/wp-content\/uploads\/2026\/09\/130fd65737b91e193b71acb7d5f8a335.png\" class=\"card-img-top \" alt=\"\"\/><br \/>\n                                                                                     Foto: Paulo Pinto\/Ag\u00eancia Brasil<\/p>\n<p>A Campanha Nacional de Multivacina\u00e7\u00e3o 2026 terminou em Natal na \u00faltima ter\u00e7a-feira (1\u00ba) com 58.109 doses aplicadas. Iniciada em 3 de agosto, a mobiliza\u00e7\u00e3o foi coordenada pela Secretaria Municipal de Sa\u00fade (SMS), por meio do Departamento de Vigil\u00e2ncia em Sa\u00fade (DVS), com o objetivo de atualizar a situa\u00e7\u00e3o vacinal da popula\u00e7\u00e3o e recuperar as coberturas previstas no Calend\u00e1rio Nacional de Vacina\u00e7\u00e3o, especialmente entre crian\u00e7as e adolescentes menores de 15 anos.<\/p>\n<p>Entre as doses aplicadas durante a campanha, 2.936 foram da tr\u00edplice viral, que protege contra sarampo, caxumba e rub\u00e9ola. Tamb\u00e9m foram administradas 1.307 doses contra o Papilomav\u00edrus Humano (HPV) e 19.661 doses da vacina contra a gripe (influenza).<\/p>\n<p>Segundo a chefe do Setor de Vigil\u00e2ncia Epidemiol\u00f3gica da SMS Natal, Lorena Souza, a popula\u00e7\u00e3o deve continuar atenta ao calend\u00e1rio de vacina\u00e7\u00e3o, j\u00e1 que as unidades de sa\u00fade do munic\u00edpio mant\u00eam a oferta dos imunizantes de rotina e de campanhas ao longo de todo o ano.<\/p>\n<p>\u201c\u00c9 importante refor\u00e7ar que a vacina \u00e9 um ato de prote\u00e7\u00e3o coletiva. Ent\u00e3o queremos convidar os pais ou respons\u00e1veis a ficarem atentos ao cart\u00e3o de vacina\u00e7\u00e3o dos seus filhos e, em qualquer d\u00favida, basta comparecer a uma das salas de vacina do munic\u00edpio, onde a equipe est\u00e1 preparada para conferir se existem doses em atraso e atualizar a situa\u00e7\u00e3o vacinal tanto das crian\u00e7as e adolescentes quanto dos pr\u00f3prios pais\u201d, disse.<\/p>\n<p>Autor(a): BZN<\/p>\n","protected":false},"excerpt":{"rendered":"Foto: Paulo Pinto\/Ag\u00eancia Brasil A Campanha Nacional de Multivacina\u00e7\u00e3o 2026 terminou em Natal na \u00faltima ter\u00e7a-feira (1\u00ba) com&hellip;\n","protected":false},"author":2,"featured_media":511720,"comment_status":"","ping_status":"","sticky":false,"template":"","format":"standard","meta":{"footnotes":"","_share_on_mastodon":"0"},"categories":[86],"tags":[66138,116,7561,66136,2555,32,33,66137,8537,10563,117],"class_list":["post-511719","post","type-post","status-publish","format-standard","has-post-thumbnail","category-saude","tag-bznoticias","tag-health","tag-natal","tag-portal-da-abelhinha","tag-portal-de-noticias","tag-portugal","tag-pt","tag-revista-bzzz","tag-rio-grande-do-norte","tag-rn","tag-saude"],"share_on_mastodon":{"url":"https:\/\/pubeurope.com\/@pt\/117213109473487758","error":""},"_links":{"self":[{"href":"https:\/\/www.europesays.com\/pt\/wp-json\/wp\/v2\/posts\/511719","targetHints":{"allow":["GET"]}}],"collection":[{"href":"https:\/\/www.europesays.com\/pt\/wp-json\/wp\/v2\/posts"}],"about":[{"href":"https:\/\/www.europesays.com\/pt\/wp-json\/wp\/v2\/types\/post"}],"author":[{"embeddable":true,"href":"https:\/\/www.europesays.com\/pt\/wp-json\/wp\/v2\/users\/2"}],"replies":[{"embeddable":true,"href":"https:\/\/www.europesays.com\/pt\/wp-json\/wp\/v2\/comments?post=511719"}],"version-history":[{"count":0,"href":"https:\/\/www.europesays.com\/pt\/wp-json\/wp\/v2\/posts\/511719\/revisions"}],"wp:featuredmedia":[{"embeddable":true,"href":"https:\/\/www.europesays.com\/pt\/wp-json\/wp\/v2\/media\/511720"}],"wp:attachment":[{"href":"https:\/\/www.europesays.com\/pt\/wp-json\/wp\/v2\/media?parent=511719"}],"wp:term":[{"taxonomy":"category","embeddable":true,"href":"https:\/\/www.europesays.com\/pt\/wp-json\/wp\/v2\/categories?post=511719"},{"taxonomy":"post_tag","embeddable":true,"href":"https:\/\/www.europesays.com\/pt\/wp-json\/wp\/v2\/tags?post=511719"}],"curies":[{"name":"wp","href":"https:\/\/api.w.org\/{rel}","templated":true}]}}