{"id":511743,"date":"2026-09-04T14:30:14","date_gmt":"2026-09-04T14:30:14","guid":{"rendered":"https:\/\/www.europesays.com\/pt\/511743\/"},"modified":"2026-09-04T14:30:14","modified_gmt":"2026-09-04T14:30:14","slug":"apple-enfrenta-pesadelo-na-producao-do-iphone-ultra-com-milhares-de-unidades-rejeitadas","status":"publish","type":"post","link":"https:\/\/www.europesays.com\/pt\/511743\/","title":{"rendered":"Apple enfrenta pesadelo na produ\u00e7\u00e3o do iPhone Ultra com milhares de unidades rejeitadas"},"content":{"rendered":"<p>A produ\u00e7\u00e3o em massa do novo iPhone Ultra j\u00e1 se encontra ativa h\u00e1 v\u00e1rias semanas, mas um rigoroso controlo de qualidade por parte da Apple est\u00e1 a chumbar quase todos os dispositivos fabricados.<\/p>\n<p style=\"text-align: center;\"><a target=\"_blank\" href=\"https:\/\/pplware.sapo.pt\/wp-content\/uploads\/2026\/08\/iphone-ultra-may-be-harder-to-buy-than-expected-bnu8DEFk.webp\" rel=\"nofollow noopener\"><img fetchpriority=\"high\" decoding=\"async\" src=\"https:\/\/www.europesays.com\/pt\/wp-content\/uploads\/2026\/09\/iphone-ultra-may-be-harder-to-buy-than-expected-bnu8DEFk-1024x576.webp\" alt=\"\" width=\"720\" height=\"405\" class=\"alignnone size-large wp-image-1138237\"  \/><\/a><\/p>\n<p>Exig\u00eancia extrema atrasa o processo de fabrico<\/p>\n<p>Os rumores sobre o potencial atraso do iPhone Ultra t\u00eam circulado intensamente, oscilando entre falhas de conce\u00e7\u00e3o e a sua total resolu\u00e7\u00e3o. No entanto, informa\u00e7\u00f5es recentes avan\u00e7adas pela <a target=\"_blank\" href=\"https:\/\/asia.nikkei.com\/business\/electronics\/early-foldable-iphone-production-limited-to-a-few-hundred-per-day-sources\" rel=\"nofollow noopener\">Nikkei Asia<\/a> revelam que o ritmo de montagem <strong>tem sido extremamente lento<\/strong>.<\/p>\n<p>Durante o m\u00eas de agosto, a gigante de Cupertino ter\u00e1 implementado uma etapa adicional de verifica\u00e7\u00e3o minuciosa<strong> que afetou diretamente a cad\u00eancia de produ\u00e7\u00e3o<\/strong>.<\/p>\n<p>De acordo com fontes internas do ecossistema de fornecedores, este novo procedimento foca-se puramente no rigor dos acabamentos e n\u00e3o em defeitos estruturais graves, for\u00e7ando os parceiros a trabalhar <strong>sob padr\u00f5es de qualidade sem precedentes<\/strong>.<\/p>\n<p style=\"text-align: center;\"><a target=\"_blank\" href=\"https:\/\/pplware.sapo.pt\/wp-content\/uploads\/2026\/09\/iphone_ultra_novidades05.webp\" rel=\"nofollow noopener\"><img loading=\"lazy\" decoding=\"async\" src=\"https:\/\/www.europesays.com\/pt\/wp-content\/uploads\/2026\/09\/iphone_ultra_novidades05-e1788522957106-1024x577.webp\" alt=\"\" width=\"720\" height=\"406\" class=\"alignnone wp-image-1138792 size-large\"  \/><\/a><\/p>\n<p>O desafio do design e da dobradi\u00e7a do iPhone Ultra<\/p>\n<p>Anteriormente, as aten\u00e7\u00f5es estavam centradas no desenvolvimento da dobradi\u00e7a do dispositivo, com relatos a sugerir que a Apple teria mesmo de redesenhar a pe\u00e7a do zero. Embora essa fase pare\u00e7a ultrapassada com a ado\u00e7\u00e3o de uma liga de metal l\u00edquido, a verdade \u00e9 que a elevada complexidade do componente<strong> continua a ser o principal obst\u00e1culo<\/strong>.<\/p>\n<p>O nivelamento da superf\u00edcie e o comportamento mec\u00e2nico da dobradi\u00e7a s\u00e3o os pontos cr\u00edticos onde a marca exige melhorias imediatas de rendimento. Como consequ\u00eancia direta desta verifica\u00e7\u00e3o extra, a produ\u00e7\u00e3o comercial acabou por ser adiada em v\u00e1rias semanas,<strong> mesmo com as f\u00e1bricas a laborar a<\/strong> <strong>ritmo ininterrupto<\/strong>.<\/p>\n<p>No final de agosto, a taxa de sucesso da linha de montagem caiu drasticamente, resultando na produ\u00e7\u00e3o &#8220;de apenas algumas centenas de unidades utiliz\u00e1veis por dia&#8221;. Este cen\u00e1rio \u00e9 surpreendente, dado que a fase de testes come\u00e7ou em abril de 2026 <strong>e a produ\u00e7\u00e3o em larga escala deveria estar normalizada desde julho<\/strong>.<\/p>\n<p>Apesar deste estrangulamento na cadeia de distribui\u00e7\u00e3o, a Apple dever\u00e1 manter a apresenta\u00e7\u00e3o oficial do iPhone Ultra para o evento de 9 de setembro. Contudo, devido \u00e0 escassez extrema de componentes aprovados, <strong>\u00e9 muito prov\u00e1vel que o dispositivo seja lan\u00e7ado inicialmente apenas no mercado norte-americano<\/strong>.<\/p>\n<p>\u00a0<\/p>\n<p><strong>Leia tamb\u00e9m:<\/strong><\/p>\n","protected":false},"excerpt":{"rendered":"A produ\u00e7\u00e3o em massa do novo iPhone Ultra j\u00e1 se encontra ativa h\u00e1 v\u00e1rias semanas, mas um rigoroso&hellip;\n","protected":false},"author":2,"featured_media":511744,"comment_status":"","ping_status":"","sticky":false,"template":"","format":"standard","meta":{"footnotes":"","_share_on_mastodon":"0"},"categories":[84],"tags":[247,109,107,108,61864,32,33,105,103,104,106,110],"class_list":["post-511743","post","type-post","status-publish","format-standard","has-post-thumbnail","category-ciencia-e-tecnologia","tag-apple","tag-ciencia","tag-ciencia-e-tecnologia","tag-cienciaetecnologia","tag-iphone-ultra","tag-portugal","tag-pt","tag-science","tag-science-and-technology","tag-scienceandtechnology","tag-technology","tag-tecnologia"],"share_on_mastodon":{"url":"","error":""},"_links":{"self":[{"href":"https:\/\/www.europesays.com\/pt\/wp-json\/wp\/v2\/posts\/511743","targetHints":{"allow":["GET"]}}],"collection":[{"href":"https:\/\/www.europesays.com\/pt\/wp-json\/wp\/v2\/posts"}],"about":[{"href":"https:\/\/www.europesays.com\/pt\/wp-json\/wp\/v2\/types\/post"}],"author":[{"embeddable":true,"href":"https:\/\/www.europesays.com\/pt\/wp-json\/wp\/v2\/users\/2"}],"replies":[{"embeddable":true,"href":"https:\/\/www.europesays.com\/pt\/wp-json\/wp\/v2\/comments?post=511743"}],"version-history":[{"count":0,"href":"https:\/\/www.europesays.com\/pt\/wp-json\/wp\/v2\/posts\/511743\/revisions"}],"wp:featuredmedia":[{"embeddable":true,"href":"https:\/\/www.europesays.com\/pt\/wp-json\/wp\/v2\/media\/511744"}],"wp:attachment":[{"href":"https:\/\/www.europesays.com\/pt\/wp-json\/wp\/v2\/media?parent=511743"}],"wp:term":[{"taxonomy":"category","embeddable":true,"href":"https:\/\/www.europesays.com\/pt\/wp-json\/wp\/v2\/categories?post=511743"},{"taxonomy":"post_tag","embeddable":true,"href":"https:\/\/www.europesays.com\/pt\/wp-json\/wp\/v2\/tags?post=511743"}],"curies":[{"name":"wp","href":"https:\/\/api.w.org\/{rel}","templated":true}]}}