{"id":511757,"date":"2026-09-04T14:44:11","date_gmt":"2026-09-04T14:44:11","guid":{"rendered":"https:\/\/www.europesays.com\/pt\/511757\/"},"modified":"2026-09-04T14:44:11","modified_gmt":"2026-09-04T14:44:11","slug":"iphone-dobravel-e-ia-apple-inaugura-era-ternus-com-maior-onda-de-lancamentos-da-historia","status":"publish","type":"post","link":"https:\/\/www.europesays.com\/pt\/511757\/","title":{"rendered":"iPhone dobr\u00e1vel e IA: Apple inaugura era Ternus com maior onda de lan\u00e7amentos da hist\u00f3ria"},"content":{"rendered":"<p class=\"wp-block-paragraph\">Depois de anos concentrada em aprimorar linhas existentes e ampliar a receita com servi\u00e7os, a <a href=\"https:\/\/investnews.com.br\/negocios\/tim-cook-passo-muito-tempo-pensando-em-quem-estara-na-apple-daqui-a-cinco-dez-e-quinze-anos\/\" rel=\"nofollow noopener\" target=\"_blank\">Apple<\/a> se prepara para uma nova fase de expans\u00e3o de seu portf\u00f3lio. A empresa deve iniciar, a partir de setembro, uma sequ\u00eancia de lan\u00e7amentos que inclui novos formatos de dispositivos e categorias in\u00e9ditas.<\/p>\n<p class=\"wp-block-paragraph\">O movimento come\u00e7a no evento de<strong> 9 de setembro<\/strong>, quando o CEO John Ternus deve apresentar os novos iPhones e Apple Watches. Entre os principais lan\u00e7amentos esperados est\u00e1 o primeiro iPhone dobr\u00e1vel, que pode custar mais de US$ 2 mil.<\/p>\n<p class=\"wp-block-paragraph\">A estrat\u00e9gia marca uma mudan\u00e7a importante para a companhia. Nos \u00faltimos 15 anos, a Apple criou poucas categorias realmente novas \u2014 entre elas Apple Watch e AirPods. Agora, a empresa trabalha em uma s\u00e9rie de produtos para 2026, 2027 e os anos seguintes, com forte presen\u00e7a de intelig\u00eancia artificial.<\/p>\n<p>iPhone dobr\u00e1vel \u00e9 principal novidade<\/p>\n<p class=\"wp-block-paragraph\">O chamado internamente de iPhone Ultra ter\u00e1 uma grande tela interna e uma tela externa menor. Fechado, o aparelho dever\u00e1 ter dimens\u00f5es semelhantes \u00e0s de um passaporte.<\/p>\n<p class=\"wp-block-paragraph\">O dispositivo deve contar com chip A20 Pro, modem C2 desenvolvido pela pr\u00f3pria Apple, Touch ID, multitarefa em tela dividida e c\u00e2meras principal e ultrawide. O pre\u00e7o deve superar US$ 2 mil.<\/p>\n<p class=\"wp-block-paragraph\">Os iPhone 18 Pro e Pro Max tamb\u00e9m devem ser apresentados, com poucas mudan\u00e7as externas, mas melhorias em processador, modem, bateria e c\u00e2meras. O Pro Max poder\u00e1 ganhar uma abertura mec\u00e2nica para controle mais preciso da luz e da profundidade.<\/p>\n<p class=\"wp-block-paragraph\">A Apple tamb\u00e9m deve atualizar o Apple Watch, os AirPods, a Apple TV e o HomePod mini, principalmente com novos componentes capazes de suportar recursos de intelig\u00eancia artificial da Siri.<\/p>\n<p>Casa inteligente<\/p>\n<p class=\"wp-block-paragraph\">Outra novidade relevante \u00e9 um <strong>hub dom\u00e9stico inteligente com tela de cerca de 7 polegadas<\/strong>. O aparelho dever\u00e1 funcionar como central para controlar dispositivos da casa, realizar chamadas pelo FaceTime e exibir aplicativos, widgets e informa\u00e7\u00f5es personalizadas.<\/p>\n<p class=\"wp-block-paragraph\">Com reconhecimento facial e recursos de IA, o produto representa uma das maiores apostas da Apple no mercado de casas inteligentes.<\/p>\n<p class=\"wp-block-paragraph\">A companhia tamb\u00e9m trabalha em uma vers\u00e3o mais avan\u00e7ada do dispositivo, prevista para os anos seguintes, com uma tela maior e um bra\u00e7o rob\u00f3tico capaz de moviment\u00e1-la.<\/p>\n<p>MacBooks e iPads ganham novas tecnologias<\/p>\n<p class=\"wp-block-paragraph\">No segmento de computadores, a Apple prepara uma nova gera\u00e7\u00e3o de MacBooks Pro com tela OLED e tecnologia multitoque, em uma das maiores mudan\u00e7as da linha em anos. O aparelho tamb\u00e9m dever\u00e1 incorporar elementos do iPhone, como a Dynamic Island.<\/p>\n<p class=\"wp-block-paragraph\">Os iPads tamb\u00e9m receber\u00e3o atualiza\u00e7\u00f5es. O iPad mini dever\u00e1 ganhar tela OLED, enquanto o iPad Air deve adotar a mesma tecnologia em 2027.<\/p>\n<p class=\"wp-block-paragraph\">A Apple ainda prepara atualiza\u00e7\u00f5es de chips para praticamente toda a linha de Macs, incluindo MacBook Air, MacBook Pro, iMac e Mac Studio.<\/p>\n<p>AirPods e \u00f3culos entram na estrat\u00e9gia de IA<\/p>\n<p class=\"wp-block-paragraph\">Para 2027, um dos projetos mais ambiciosos s\u00e3o os <strong>AirPods com c\u00e2meras integradas<\/strong>. Os sensores poder\u00e3o analisar o ambiente ao redor e alimentar recursos de intelig\u00eancia artificial, como lembretes contextuais e orienta\u00e7\u00f5es.<\/p>\n<p class=\"wp-block-paragraph\">A Apple tamb\u00e9m desenvolve seus primeiros <strong>\u00f3culos inteligentes sem tela<\/strong>, que poder\u00e3o reproduzir m\u00fasica, atender chamadas e tirar fotos e v\u00eddeos. As c\u00e2meras dos \u00f3culos tamb\u00e9m dever\u00e3o funcionar como sensores para recursos de IA.<\/p>\n<p class=\"wp-block-paragraph\">Mais adiante, a companhia estuda at\u00e9 mesmo um <strong>pingente com c\u00e2mera<\/strong>, que poderia funcionar como os \u201colhos\u201d de uma intelig\u00eancia artificial conectada ao iPhone.<\/p>\n<p>O que vem depois<\/p>\n<p class=\"wp-block-paragraph\">A Apple ainda trabalha em uma s\u00e9rie de projetos de longo prazo. Entre eles est\u00e3o uma nova gera\u00e7\u00e3o do iPhone dobr\u00e1vel, um modelo maior do aparelho, um poss\u00edvel iPad dobr\u00e1vel com tela de cerca de 20 polegadas e uma vers\u00e3o mais leve do Vision Pro.<\/p>\n<p class=\"wp-block-paragraph\">O projeto mais ambicioso, por\u00e9m, continua sendo o desenvolvimento de \u00f3culos de realidade aumentada, capazes de sobrepor informa\u00e7\u00f5es ao ambiente real. O produto \u00e9 esperado apenas para o fim da d\u00e9cada.<\/p>\n<p class=\"wp-block-paragraph\">Os cronogramas ainda podem mudar, e alguns projetos podem ser adiados ou cancelados. Ainda assim, o volume de produtos em desenvolvimento indica que a Apple pretende inaugurar uma nova fase de inova\u00e7\u00e3o, com a intelig\u00eancia artificial e novos formatos de hardware no centro da estrat\u00e9gia.<\/p>\n","protected":false},"excerpt":{"rendered":"Depois de anos concentrada em aprimorar linhas existentes e ampliar a receita com servi\u00e7os, a Apple se prepara&hellip;\n","protected":false},"author":2,"featured_media":511758,"comment_status":"","ping_status":"","sticky":false,"template":"","format":"standard","meta":{"footnotes":"","_share_on_mastodon":"0"},"categories":[84],"tags":[109,107,108,32,33,105,103,104,106,110],"class_list":["post-511757","post","type-post","status-publish","format-standard","has-post-thumbnail","category-ciencia-e-tecnologia","tag-ciencia","tag-ciencia-e-tecnologia","tag-cienciaetecnologia","tag-portugal","tag-pt","tag-science","tag-science-and-technology","tag-scienceandtechnology","tag-technology","tag-tecnologia"],"share_on_mastodon":{"url":"https:\/\/pubeurope.com\/@pt\/117213309759752197","error":""},"_links":{"self":[{"href":"https:\/\/www.europesays.com\/pt\/wp-json\/wp\/v2\/posts\/511757","targetHints":{"allow":["GET"]}}],"collection":[{"href":"https:\/\/www.europesays.com\/pt\/wp-json\/wp\/v2\/posts"}],"about":[{"href":"https:\/\/www.europesays.com\/pt\/wp-json\/wp\/v2\/types\/post"}],"author":[{"embeddable":true,"href":"https:\/\/www.europesays.com\/pt\/wp-json\/wp\/v2\/users\/2"}],"replies":[{"embeddable":true,"href":"https:\/\/www.europesays.com\/pt\/wp-json\/wp\/v2\/comments?post=511757"}],"version-history":[{"count":0,"href":"https:\/\/www.europesays.com\/pt\/wp-json\/wp\/v2\/posts\/511757\/revisions"}],"wp:featuredmedia":[{"embeddable":true,"href":"https:\/\/www.europesays.com\/pt\/wp-json\/wp\/v2\/media\/511758"}],"wp:attachment":[{"href":"https:\/\/www.europesays.com\/pt\/wp-json\/wp\/v2\/media?parent=511757"}],"wp:term":[{"taxonomy":"category","embeddable":true,"href":"https:\/\/www.europesays.com\/pt\/wp-json\/wp\/v2\/categories?post=511757"},{"taxonomy":"post_tag","embeddable":true,"href":"https:\/\/www.europesays.com\/pt\/wp-json\/wp\/v2\/tags?post=511757"}],"curies":[{"name":"wp","href":"https:\/\/api.w.org\/{rel}","templated":true}]}}