{"id":511763,"date":"2026-09-04T14:50:23","date_gmt":"2026-09-04T14:50:23","guid":{"rendered":"https:\/\/www.europesays.com\/pt\/511763\/"},"modified":"2026-09-04T14:50:23","modified_gmt":"2026-09-04T14:50:23","slug":"veil-house-turkel-design","status":"publish","type":"post","link":"https:\/\/www.europesays.com\/pt\/511763\/","title":{"rendered":"Veil House \/ Turkel Design"},"content":{"rendered":"<p><a class=\"js-image-size__link \" href=\"https:\/\/www.archdaily.com\/pt\/1184453\/veil-house-turkel-design\/6a91b74aa25c7b000125fd24-veil-house-turkel-design-photo\" rel=\"attachment nofollow noopener\" style=\"width: 100%;\" target=\"_blank\"><img decoding=\"async\" alt=\"Veil House \/ Turkel Design - Imagem 1 de 20\" data-nr-picture-id=\"6a91b74aa25c7b000125fd24\" fetchpriority=\"high\" height=\"479\" itemprop=\"image\" loading=\"eager\" longdesc=\"https:\/\/www.archdaily.com\/pt\/1184453\/veil-house-turkel-design\/6a91b74aa25c7b000125fd24-veil-house-turkel-design-photo\" src=\"https:\/\/www.europesays.com\/pt\/wp-content\/uploads\/2026\/09\/19_-_Veil_House_by_Turkel_Design_-_Draper_White.jpg\" style=\"min-height: var(--featured-height, auto); aspect-ratio: auto 640 \/ 479\" width=\"640\"\/><\/a>\u00a9 Draper White<\/p>\n<p class=\"thumbs afd-desktop-e\"><a class=\"thumbs__link\" data-nr-picture-id=\"6a91b749a25c7b000125fd1c\" href=\"https:\/\/www.archdaily.com\/pt\/1184453\/veil-house-turkel-design\/6a91b749a25c7b000125fd1c-veil-house-turkel-design-photo\" rel=\"attachment nofollow noopener\" target=\"_blank\"><img loading=\"lazy\" decoding=\"async\" alt=\"Veil House \/ Turkel Design - Imagem 2 de 20\" class=\"thumbs__img b-lazy\" data-nr-picture-id=\"6a91b749a25c7b000125fd1c\" data-pin-nopin=\"true\" src=\"https:\/\/www.europesays.com\/pt\/wp-content\/uploads\/2026\/09\/11_-_Veil_House_by_Turkel_Design_-_Draper_White.jpg\" height=\"125\" longdesc=\"https:\/\/www.archdaily.com\/pt\/1184453\/veil-house-turkel-design\/6a91b749a25c7b000125fd1c-veil-house-turkel-design-photo\" title=\"\u00a9 Draper White\" width=\"125\"\/><\/a><a class=\"thumbs__link\" data-nr-picture-id=\"6a91b749a25c7b000125fd1d\" href=\"https:\/\/www.archdaily.com\/pt\/1184453\/veil-house-turkel-design\/6a91b749a25c7b000125fd1d-veil-house-turkel-design-photo\" rel=\"attachment nofollow noopener\" target=\"_blank\"><img loading=\"lazy\" decoding=\"async\" alt=\"Veil House \/ Turkel Design - Fotografia de Exterior\" class=\"thumbs__img b-lazy\" data-nr-picture-id=\"6a91b749a25c7b000125fd1d\" data-pin-nopin=\"true\" src=\"https:\/\/www.europesays.com\/pt\/wp-content\/uploads\/2026\/09\/12_-_Veil_House_by_Turkel_Design_-_Draper_White.jpg\" height=\"125\" longdesc=\"https:\/\/www.archdaily.com\/pt\/1184453\/veil-house-turkel-design\/6a91b749a25c7b000125fd1d-veil-house-turkel-design-photo\" title=\"\u00a9 Draper White\" width=\"125\"\/><\/a><a class=\"thumbs__link\" data-nr-picture-id=\"6a91b748a25c7b000125fd17\" href=\"https:\/\/www.archdaily.com\/pt\/1184453\/veil-house-turkel-design\/6a91b748a25c7b000125fd17-veil-house-turkel-design-photo\" rel=\"attachment nofollow noopener\" target=\"_blank\"><img loading=\"lazy\" decoding=\"async\" alt=\"Veil House \/ Turkel Design - Fotografia de Exterior, Madeira\" class=\"thumbs__img b-lazy\" data-nr-picture-id=\"6a91b748a25c7b000125fd17\" data-pin-nopin=\"true\" src=\"https:\/\/www.europesays.com\/pt\/wp-content\/uploads\/2026\/09\/06_-_Veil_House_by_Turkel_Design_-_Draper_White.jpg\" height=\"125\" longdesc=\"https:\/\/www.archdaily.com\/pt\/1184453\/veil-house-turkel-design\/6a91b748a25c7b000125fd17-veil-house-turkel-design-photo\" title=\"\u00a9 Draper White\" width=\"125\"\/><\/a><a class=\"thumbs__link\" data-nr-picture-id=\"6a91b749a25c7b000125fd21\" href=\"https:\/\/www.archdaily.com\/pt\/1184453\/veil-house-turkel-design\/6a91b749a25c7b000125fd21-veil-house-turkel-design-photo\" rel=\"attachment nofollow noopener\" target=\"_blank\"><img loading=\"lazy\" decoding=\"async\" alt=\"Veil House \/ Turkel Design - Imagem 5 de 20\" class=\"thumbs__img b-lazy\" data-nr-picture-id=\"6a91b749a25c7b000125fd21\" data-pin-nopin=\"true\" src=\"https:\/\/www.europesays.com\/pt\/wp-content\/uploads\/2026\/09\/16_-_Veil_House_by_Turkel_Design_-_Draper_White.jpg\" height=\"125\" longdesc=\"https:\/\/www.archdaily.com\/pt\/1184453\/veil-house-turkel-design\/6a91b749a25c7b000125fd21-veil-house-turkel-design-photo\" title=\"\u00a9 Draper White\" width=\"125\"\/><\/a><a class=\"thumbs__link afd-desktop-e\" href=\"https:\/\/www.archdaily.com\/pt\/1184453\/veil-house-turkel-design\/6a91b74aa25c7b000125fd24-veil-house-turkel-design-photo\" rel=\"nofollow noopener\" target=\"_blank\"><img decoding=\"async\" alt=\"Veil House \/ Turkel Design - Mais Imagens\" class=\"thumbs__img b-lazy\" src=\"https:\/\/www.europesays.com\/pt\/wp-content\/uploads\/2026\/09\/19_-_Veil_House_by_Turkel_Design_-_Draper_White.jpg\" itemprop=\"image\" bad-src=\"data:image\/gif;base64,R0lGODlhAQABAIAAAAUEBAAAACwAAAAAAQABAAACAkQBADs=\"\/>+ 15<\/a><\/p>\n<p class=\"article-meta__author\">Curadoria de <strong>Susanna Moreira<\/strong><\/p>\n<p class=\"article-meta__original-version\">Leia a vers\u00e3o original em ingl\u00eas <a href=\"https:\/\/www.archdaily.com\/1184160\/veil-house-turkel-design\" rel=\"nofollow noopener\" target=\"_blank\">aqui<\/a>.<\/p>\n<p>    Compartilhar<\/p>\n<p>Compartilhar<\/p>\n<ul class=\"afd-share__networks clearfix\">\n<li class=\"afd-share__social\"><a aria-label=\"Facebook\" class=\"afd-share__button\" data-insights-category=\"share\" data-insights-label=\"facebook_sharing_options\" data-insights-value=\"1184453\" data-social=\"facebook\" href=\"https:\/\/www.facebook.com\/sharer\/sharer.php?u=https:\/\/www.archdaily.com.br\/pt\/1184453\/veil-house-turkel-design\" rel=\"nofollow noopener\" target=\"_blank\"><\/a>\n<p>Facebook<\/p>\n<\/li>\n<li class=\"afd-share__social\"><a aria-label=\"Twitter\" class=\"afd-share__button\" data-insights-category=\"share\" data-insights-label=\"twitter_sharing_options\" data-insights-value=\"1184453\" data-social=\"twitter\" href=\"https:\/\/twitter.com\/intent\/tweet?text=Veil%20House%20%2F%20Turkel%20Design&amp;url=https:\/\/www.archdaily.com.br\/pt\/1184453\/veil-house-turkel-design&amp;via=archdailybr\" rel=\"nofollow noopener\" target=\"_blank\"><\/a>\n<p>Twitter<\/p>\n<\/li>\n<li class=\"afd-share__social\"><a class=\"afd-share__button\" data-insights-category=\"share\" data-insights-label=\"email_sharing_options\" data-insights-value=\"1184453\" data-social=\"email\" href=\"mailto:?subject=Veil House \/ Turkel Design&amp;body=https:\/\/www.archdaily.com.br\/pt\/1184453\/veil-house-turkel-design\"><\/a>\n<p>Mail<\/p>\n<\/li>\n<li class=\"afd-share__social\"><a aria-label=\"Pinterest\" class=\"afd-share__button\" data-insights-category=\"share\" data-insights-label=\"pinterest_sharing_options\" data-insights-value=\"1184453\" data-social=\"pinterest\" href=\"https:\/\/pinterest.com\/pin\/create\/button\/?url=https%3A%2F%2Fwww.archdaily.com.br%2Fpt%2F1184453%2Fveil-house-turkel-design&amp;media=https%3A%2F%2Fimages.adsttc.com%2Fmedia%2Fimages%2F6a91%2Fb74a%2Fa25c%2F7b00%2F0125%2Ffd24%2Flarge_jpg%2F19_-_Veil_House_by_Turkel_Design_-_Draper_White.jpg%3F1787934557&amp;description=Veil%20House%20%2F%20Turkel%20Design\" rel=\"nofollow noopener\" target=\"_blank\"><\/a>\n<p>Pinterest<\/p>\n<\/li>\n<li class=\"afd-share__social\"><a aria-label=\"Whatsapp\" class=\"afd-share__button\" data-action=\"share\/whatsapp\/share\" data-insights-category=\"share\" data-insights-label=\"whatsapp_sharing_options\" data-insights-value=\"1184453\" data-social=\"whatsapp\" href=\"whatsapp:\/\/send?text=Veil+House+%2F+Turkel+Design+%7C+https%3A%2F%2Fwww.archdaily.com.br%2Fpt%2F1184453%2Fveil-house-turkel-design%3Futm_source%3DWhatsapp%26utm_medium%3DIM%26utm_campaign%3Dshare-button\" rel=\"nofollow\"><\/a>\n<p>Whatsapp<\/p>\n<\/li>\n<\/ul>\n<p>Ou<\/p>\n<p>https:\/\/www.archdaily.com.br\/pt\/1184453\/veil-house-turkel-design<\/p>\n<ul class=\"afd-char-list afd-specs__item-container js-char-list\" wp_automatic_readability=\"-1.7716262975779\">\n<li class=\"afd-specs__item\">\n<\/li>\n<li class=\"afd-specs__item\">\n  \u00c1rea<br \/>\n  \u00c1rea deste projeto de arquitetura<\/p>\n<p>\u00c1rea:\u00a0<br \/>\n        <a href=\"https:\/\/www.archdaily.com\/search\/pt\/projects\/min_area\/291\/max_area\/436?ad_name=project-specs&amp;ad_medium=single\" rel=\"nofollow noopener\" target=\"_blank\">3919<\/a> ft\u00b2<\/li>\n<li class=\"afd-specs__item\">\n<p>  Ano<br \/>\n  Ano de conclus\u00e3o deste projeto de arquitetura<\/p>\n<p>            Ano:\u00a0<\/p>\n<p>                    <a href=\"https:\/\/www.archdaily.com\/search\/pt\/projects\/year\/2025?ad_name=project-specs&amp;ad_medium=single\" rel=\"nofollow noopener\" target=\"_blank\"><br \/>\n          2025<br \/>\n        <\/a><\/p>\n<\/li>\n<li class=\"afd-specs__item\">\n<p>  Fot\u00f3grafo<\/p>\n<\/li>\n<li class=\"afd-specs__item\" wp_automatic_readability=\"-1\">\n<p>  Fabricantes<br \/>\n  Marcas com produtos usados neste projeto de arquitetura<\/p>\n<p>Fabricantes: \u00a0Panda Windows &amp; Doors<\/p>\n<\/li>\n<\/ul>\n<p><a class=\"js-image-size__link lazy-anchor\" href=\"https:\/\/www.archdaily.com\/pt\/1184453\/veil-house-turkel-design\/6a91b749a25c7b000125fd1d-veil-house-turkel-design-photo\" rel=\"nofollow noopener\" target=\"_blank\"><img decoding=\"async\" alt=\"Veil House \/ Turkel Design - Fotografia de Exterior\" data-nr-picture-id=\"6a91b749a25c7b000125fd1d\" height=\"427\" itemprop=\"image\" loading=\"lazy\" longdesc=\"https:\/\/www.archdaily.com\/pt\/1184453\/veil-house-turkel-design\/6a91b749a25c7b000125fd1d-veil-house-turkel-design-photo\" src=\"https:\/\/www.europesays.com\/pt\/wp-content\/uploads\/2026\/09\/1788533421_58_12_-_Veil_House_by_Turkel_Design_-_Draper_White.jpg\" width=\"640\"\/>\u00a9 Draper White<\/a><\/p>\n<p>Descri\u00e7\u00e3o enviada pela equipe de projeto. Surgindo de uma floresta de carvalhos-negros e tupelos que povoa a extremidade noroeste de Martha&#8217;s Vineyard, a Veil House \u00e9 um estudo em modula\u00e7\u00e3o cuidadosa. Encomendada por um m\u00e9dico e uma artista visual, a casa de veraneio de um \u00fanico pavimento foi concebida para apoiar tanto a inspira\u00e7\u00e3o criativa quanto o bem-estar f\u00edsico. Uma conex\u00e3o fluida entre o interior e o exterior promove uma sensa\u00e7\u00e3o de calmaria litor\u00e2nea, enquanto a escala modesta da resid\u00eancia reflete um respeito deliberado por seu entorno costeiro raro e sens\u00edvel.<\/p>\n<p><img decoding=\"async\" src=\"https:\/\/www.europesays.com\/pt\/wp-content\/uploads\/2026\/09\/1788533423_831_loader-blue.gif\" alt=\"Content Loader\" style=\"width: 40px; margin: 24px;\"\/><script async src=\"https:\/\/platform.twitter.com\/widgets.js\" charset=\"utf-8\"><\/script><\/p>\n","protected":false},"excerpt":{"rendered":"\u00a9 Draper White + 15 Curadoria de Susanna Moreira Leia a vers\u00e3o original em ingl\u00eas aqui. Compartilhar Compartilhar&hellip;\n","protected":false},"author":2,"featured_media":511764,"comment_status":"","ping_status":"","sticky":false,"template":"","format":"standard","meta":{"footnotes":"","_share_on_mastodon":"0"},"categories":[144],"tags":[81968,304,361,207,205,206,203,201,202,362,204,114,115,32,33],"class_list":["post-511763","post","type-post","status-publish","format-standard","has-post-thumbnail","category-arte-e-design","tag-aquinnah","tag-arquitetura","tag-arquitetura-residencial","tag-arte","tag-arte-e-design","tag-artedesign","tag-arts","tag-arts-and-design","tag-artsanddesign","tag-casas","tag-design","tag-entertainment","tag-entretenimento","tag-portugal","tag-pt"],"share_on_mastodon":{"url":"https:\/\/pubeurope.com\/@pt\/117213333930659941","error":""},"_links":{"self":[{"href":"https:\/\/www.europesays.com\/pt\/wp-json\/wp\/v2\/posts\/511763","targetHints":{"allow":["GET"]}}],"collection":[{"href":"https:\/\/www.europesays.com\/pt\/wp-json\/wp\/v2\/posts"}],"about":[{"href":"https:\/\/www.europesays.com\/pt\/wp-json\/wp\/v2\/types\/post"}],"author":[{"embeddable":true,"href":"https:\/\/www.europesays.com\/pt\/wp-json\/wp\/v2\/users\/2"}],"replies":[{"embeddable":true,"href":"https:\/\/www.europesays.com\/pt\/wp-json\/wp\/v2\/comments?post=511763"}],"version-history":[{"count":0,"href":"https:\/\/www.europesays.com\/pt\/wp-json\/wp\/v2\/posts\/511763\/revisions"}],"wp:featuredmedia":[{"embeddable":true,"href":"https:\/\/www.europesays.com\/pt\/wp-json\/wp\/v2\/media\/511764"}],"wp:attachment":[{"href":"https:\/\/www.europesays.com\/pt\/wp-json\/wp\/v2\/media?parent=511763"}],"wp:term":[{"taxonomy":"category","embeddable":true,"href":"https:\/\/www.europesays.com\/pt\/wp-json\/wp\/v2\/categories?post=511763"},{"taxonomy":"post_tag","embeddable":true,"href":"https:\/\/www.europesays.com\/pt\/wp-json\/wp\/v2\/tags?post=511763"}],"curies":[{"name":"wp","href":"https:\/\/api.w.org\/{rel}","templated":true}]}}