{"id":511783,"date":"2026-09-04T15:12:13","date_gmt":"2026-09-04T15:12:13","guid":{"rendered":"https:\/\/www.europesays.com\/pt\/511783\/"},"modified":"2026-09-04T15:12:13","modified_gmt":"2026-09-04T15:12:13","slug":"novo-disco-de-the-black-wizards-consolida-sonoridade-do-trio-de-rock-do-porto","status":"publish","type":"post","link":"https:\/\/www.europesays.com\/pt\/511783\/","title":{"rendered":"Novo disco de The Black Wizards consolida sonoridade do trio de rock do Porto"},"content":{"rendered":"\n<p>&#13;<br \/>\nA guitarrista e vocalista Joana Brito, da forma\u00e7\u00e3o original, que j\u00e1 passou por v\u00e1rias `encarna\u00e7\u00f5es`, Helena Brito (bateria), que chegou pouco depois da funda\u00e7\u00e3o, e Jos\u00e9 Roberto Gomes (baixo e voz), que se juntou em 2019, lan\u00e7am o sucessor de &#8220;Reflections&#8221;, sete anos depois do \u00faltimo registo de est\u00fadio.&#13;\n<\/p>\n<p>&#13;<br \/>\nAgora em trio, depois da covid-19 e de uma paragem, os m\u00fasicos encontraram a sonoridade agora cristalizada nas dez faixas do novo disco, que foi gravado e masterizado, no Arda Recorders, no Porto, por Cooper Crain &#8211; que j\u00e1 trabalhou em obras de Stereolab e Ty Segall, entre outros -, e masterizado por Mikey Young (Amyl and the Sniffers, King Gizzard &amp; The Lizard Wizard).&#13;\n<\/p>\n<p>&#13;<br \/>\n&#8220;Estava a fazer falta um trabalho que representasse aquilo que n\u00f3s \u00e9ramos como banda nesse formato. (&#8230;) Decidimos que \u00edamos ser um trio e n\u00e3o \u00edamos chamar mais ningu\u00e9m, e que t\u00ednhamos de escrever e gravar&#8221;, explica \u00e0 Lusa Jos\u00e9 Roberto Gomes.&#13;\n<\/p>\n<p>&#13;<br \/>\nPara Joana Brito, este disco tem &#8220;uma identidade mais direta, mais crua&#8221;, seguindo uma &#8220;inten\u00e7\u00e3o de mudar um pouco o rumo de estilo&#8221;, deixando &#8220;um pouco mais abandonada a onda mais psicad\u00e9lica&#8221; de discos como &#8220;Reflections&#8221;.&#13;\n<\/p>\n<p>&#13;<br \/>\n&#8220;A ideia foi fazer um disco mais direto, mais cru, mais de rock, por assim dizer&#8221;, refor\u00e7a.&#13;\n<\/p>\n<p>&#13;<br \/>\nO disco acabou influenciado pelo atual momento pol\u00edtico no mundo, e Joana Brito lembra a leitura de obras que falam do estado da sociedade, mas tamb\u00e9m &#8220;quest\u00f5es de g\u00e9nero, masculinidade t\u00f3xica, diferen\u00e7as sociais&#8221;, no fundo, &#8220;coisas erradas que acontecem no mundo&#8221; e os deixam &#8220;irritados e frustrados&#8221;.&#13;\n<\/p>\n<p>&#13;<br \/>\nA urg\u00eancia que imprimem nas can\u00e7\u00f5es vem de uma sensa\u00e7\u00e3o de que &#8220;vem a\u00ed algo muito mau, que est\u00e1 sempre na beira&#8221;, diz Jos\u00e9 Roberto Gomes.&#13;\n<\/p>\n<p>&#13;<br \/>\n&#8220;Lembra-me aquela famosa frase, quando Jo\u00e3o Pinto disse: `O meu clube estava \u00e0 beira do precip\u00edcio e tomou a decis\u00e3o correta, deu um passo em frente`. Este disco \u00e9 um bocado isso, mas com as guitarras ao colo. O passo em frente, neste caso, tamb\u00e9m \u00e9 procurar uma esp\u00e9cie de vit\u00f3ria. Estas m\u00fasicas n\u00e3o descrevem s\u00f3 tudo o que est\u00e1 mal no mundo, tamb\u00e9m mostram que vamos dar um passo por cima de alguma forma&#8221;, descreve.&#13;\n<\/p>\n<p>&#13;<br \/>\nJoana Brito lembra, ainda, que as can\u00e7\u00f5es come\u00e7aram a ser escritas na altura em que se realizaram as \u00faltimas elei\u00e7\u00f5es legislativas em Portugal, quando &#8220;houve um crescimento gigante da extrema-direita, o que tamb\u00e9m acabou por influenciar bastante&#8221;.&#13;\n<\/p>\n<p>&#13;<br \/>\nLivros como &#8220;The Descent of Man&#8221;, de Grayson Perry, e &#8220;O Apoio M\u00fatuo&#8221;, de Piotr Kropotkine, surgem nas leituras dos membros da banda que inspiraram &#8220;Force Majeure&#8221;, que ter\u00e1 apresenta\u00e7\u00f5es ao vivo em Portugal e na Europa, incluindo uma digress\u00e3o, em 2027, com a banda francesa Slift.&#13;\n<\/p>\n<p>&#13;<br \/>\nNo dia 22 de outubro, o novo \u00e1lbum \u00e9 apresentado no Porto, no RCA, seguindo-se datas em Espanha e Fran\u00e7a, entre outubro e novembro, com outras datas agendadas at\u00e9 ao final do ano por oficializar.&#13;\n<\/p>\n<p>&#13;<br \/>\nEm fevereiro, The Black Wizards juntam-se a Slift no Porto (dia 03) e Lisboa (04), seguindo-se Madrid (05) e Barcelona (06).&#13;<\/p>\n","protected":false},"excerpt":{"rendered":"&#13; A guitarrista e vocalista Joana Brito, da forma\u00e7\u00e3o original, que j\u00e1 passou por v\u00e1rias `encarna\u00e7\u00f5es`, Helena Brito&hellip;\n","protected":false},"author":2,"featured_media":511784,"comment_status":"","ping_status":"","sticky":false,"template":"","format":"standard","meta":{"footnotes":"","_share_on_mastodon":"0"},"categories":[84],"tags":[81969,16317,109,107,108,81970,6312,81972,32,33,1876,105,103,104,81971,81973,106,110],"class_list":["post-511783","post","type-post","status-publish","format-standard","has-post-thumbnail","category-ciencia-e-tecnologia","tag-black-wizards-force-majeure-acts","tag-brito","tag-ciencia","tag-ciencia-e-tecnologia","tag-cienciaetecnologia","tag-descent-man-grayson-perry","tag-madrid","tag-mutuo","tag-portugal","tag-pt","tag-roberto","tag-science","tag-science-and-technology","tag-scienceandtechnology","tag-sniffers-king-gizzard","tag-stereolab","tag-technology","tag-tecnologia"],"share_on_mastodon":{"url":"","error":""},"_links":{"self":[{"href":"https:\/\/www.europesays.com\/pt\/wp-json\/wp\/v2\/posts\/511783","targetHints":{"allow":["GET"]}}],"collection":[{"href":"https:\/\/www.europesays.com\/pt\/wp-json\/wp\/v2\/posts"}],"about":[{"href":"https:\/\/www.europesays.com\/pt\/wp-json\/wp\/v2\/types\/post"}],"author":[{"embeddable":true,"href":"https:\/\/www.europesays.com\/pt\/wp-json\/wp\/v2\/users\/2"}],"replies":[{"embeddable":true,"href":"https:\/\/www.europesays.com\/pt\/wp-json\/wp\/v2\/comments?post=511783"}],"version-history":[{"count":0,"href":"https:\/\/www.europesays.com\/pt\/wp-json\/wp\/v2\/posts\/511783\/revisions"}],"wp:featuredmedia":[{"embeddable":true,"href":"https:\/\/www.europesays.com\/pt\/wp-json\/wp\/v2\/media\/511784"}],"wp:attachment":[{"href":"https:\/\/www.europesays.com\/pt\/wp-json\/wp\/v2\/media?parent=511783"}],"wp:term":[{"taxonomy":"category","embeddable":true,"href":"https:\/\/www.europesays.com\/pt\/wp-json\/wp\/v2\/categories?post=511783"},{"taxonomy":"post_tag","embeddable":true,"href":"https:\/\/www.europesays.com\/pt\/wp-json\/wp\/v2\/tags?post=511783"}],"curies":[{"name":"wp","href":"https:\/\/api.w.org\/{rel}","templated":true}]}}