{"id":511791,"date":"2026-09-04T15:17:13","date_gmt":"2026-09-04T15:17:13","guid":{"rendered":"https:\/\/www.europesays.com\/pt\/511791\/"},"modified":"2026-09-04T15:17:13","modified_gmt":"2026-09-04T15:17:13","slug":"dave-bautista-mostra-musculos-para-viver-kratos-em-god-of-war-f5-folha-uol-com-br","status":"publish","type":"post","link":"https:\/\/www.europesays.com\/pt\/511791\/","title":{"rendered":"Dave Bautista mostra m\u00fasculos para viver Kratos em &#039;God of War&#039; &#8211; f5.folha.uol.com.br"},"content":{"rendered":"<ol>\n<li><a href=\"https:\/\/news.google.com\/rss\/articles\/CBMiuwFBVV95cUxNV3RWdWZvUEw2STYzZTVuZW9HS0ZLZTJRWTJzNXZKTUdaWFkzaXduWHV4SHV4eF9hMVRlYU5uYm9udHRjZkRTVllCZFVTdHB3MDcxMUkzU3NXV0lSMVZJb2dPR1c5S1IxeEhOandhamFHSEhUZF9POFg4ZFc3bXh5ZzVUU1k4eV9wMDVobXlQa1pfeHpRUExVU180aUVxYkhyMmZTdDZnWnpCTVVCY2Fid1l5dVJyZEZQRHg4?oc=5\" target=\"_blank\" rel=\"nofollow noopener\">Dave Bautista mostra m\u00fasculos para viver Kratos em &#8216;God of War&#8217;<\/a>&nbsp;&nbsp;f5.folha.uol.com.br<\/li>\n<li><a href=\"https:\/\/news.google.com\/rss\/articles\/CBMirwFBVV95cUxPWWxRTVJyakpvR19OTXJSVFJ4S3p2N3J0S0loc05rLS1raUJtdlhTT2RNQ3d4RUVyeVh3WnRtY1dTVUtHeF9JX0FXa0U4dnRDcGhrYUs0UmZCRFN0bFowS2s4WUlQQ3lLY2NHUGlKaXd0bGtadWdrTU5qVFM3YlcyX2xFMnBIQWw2YktqVVpucVVtRTZ3aUMxdEY2MVFpYldlNUUtZmp6VTJFaEh0ZWZr?oc=5\" target=\"_blank\" rel=\"nofollow noopener\">Dave Bautista mostra transforma\u00e7\u00e3o para viver Kratos em &#8220;God of War&#8221;<\/a>&nbsp;&nbsp;CNN Brasil<\/li>\n<li><a href=\"https:\/\/news.google.com\/rss\/articles\/CBMimgJBVV95cUxOcmRvWXFuMzcxWXpjM2NDNTFGbGtvVXllekc3YWlVS0F3UF8wbkdHbzRSNmNlY3Y2OEVMY1A3TGNIYjhSVjUtTlN4RXJaNzJfUzQ0M2Q2a0RWTXltWEUzRTBWbGdNX1pPaDNqZFlmZktjS0dHa1hCX3UxNFN6eXpUaHZ4TE9EcDdhSVd0TXExSHY2SXhuMFNRQ1RDSi1RM0tPS0ZfNTlTTFRmaVhKazFpZ2tXcTN3bkd0VXktMkVTcjl5Nk9hMzlubF9BRjVlVWI5dTJmbmJDN00ydzAwR1hxbXYyN0RkN3prRnRzZUZiWFIzMFhnT3YxMXc2Y2llc200dGRkZWFBREwyNlo5ZldiX3ZPdmJuSGU4REHSAagCQVVfeXFMTmdFSWxIYUJNN0dzUTdqWmFhTnFEclVUOXlJenkyMF8wME50RS1aRjExSXd4UVMwR3VQdFlMQXVLVm1oNG9VQzVsZV9yQTJiaDl3SkdQWjNnOU9ERXludmk1eGlINkJLYXYzQmhHSmQ0YmhhdGlFN3RkNUdtQ2d3WWR1N0gydHhmRF9HOW5qWjF6UG9RSEppS0IxVUFXUFZoOUpPUVF5aG9UU0NkVTllQXF2cDFoX2pYTDFsZnM2SEVMUVdvVm9hSEt4bl9MVGZ5TVktelZra3psVl93eDFRSFN1NUtOZF81a1NmYzNEVERIalBlRTEzMUVFQnM0RVdGUTZsSm9GczhLRDR1Z0ZhSG9fZEVhY1VFbGt4NXJqcjNSd2NVQk5DSm4?oc=5\" target=\"_blank\" rel=\"nofollow noopener\">Dave Bautista, ex-Marvel, mostra primeiros resultados de treino intenso para substituir ator que se feriu em adapta\u00e7\u00e3o de &#8216;God of War&#8217;<\/a>&nbsp;&nbsp;Globo<\/li>\n<li><a href=\"https:\/\/news.google.com\/rss\/articles\/CBMifEFVX3lxTFBqOWNtblE2N0d4WEdVajQ2OFZ1ZnpmZzdpUzBZLWx0dFdLZ3JITE9LUWUtdmNDd0JZLUl6ZkNzbXd2enZjTnEzZ0RQOVpBVGltQU9qUGpTWDhjSm9MRGhmTV9HdThLanNLZlU3dEtoa3AySUt2REtrZmY5R3I?oc=5\" target=\"_blank\" rel=\"nofollow noopener\">God of War | Christopher Judge revela que recusou reprisar o papel no live-action; entenda<\/a>&nbsp;&nbsp;Omelete<\/li>\n<li><a href=\"https:\/\/news.google.com\/rss\/articles\/CBMid0FVX3lxTE1sdDR3ZDZESF9OakZqNF8yYjAzZTU1aDdNRXVnZzFOTXZxZ1VIbGlGYVVVRW1tNW1RQjdMMkt0YjdFV05ZLTB2enBHWC1jT1M1dHdtUloxLUxEVmIwTHk0elJXY2ZybzBQaGFjMDJQZDg4V2syazhZ?oc=5\" target=\"_blank\" rel=\"nofollow noopener\">Dave Bautista mostra evolu\u00e7\u00e3o f\u00edsica para viver Kratos na s\u00e9rie de God of War<\/a>&nbsp;&nbsp;einerd.com<\/li>\n<\/ol>\n","protected":false},"excerpt":{"rendered":"Dave Bautista mostra m\u00fasculos para viver Kratos em &#8216;God of War&#8217;&nbsp;&nbsp;f5.folha.uol.com.br Dave Bautista mostra transforma\u00e7\u00e3o para viver Kratos&hellip;\n","protected":false},"author":2,"featured_media":511792,"comment_status":"","ping_status":"","sticky":false,"template":"","format":"standard","meta":{"footnotes":"","_share_on_mastodon":"0"},"categories":[145],"tags":[514,207,219,211,210,470,223,114,115,224,225,226,221,220,222,2142,32,1587,33,1588,940,2566,218,228,227],"class_list":["post-511791","post","type-post","status-publish","format-standard","has-post-thumbnail","category-celebridades","tag-amazon","tag-arte","tag-bichos","tag-celebridades","tag-celebrities","tag-cinema","tag-colunistas","tag-entertainment","tag-entretenimento","tag-estranho","tag-eu-amo","tag-fofices","tag-horoscopo","tag-humanos","tag-humor","tag-playstation","tag-portugal","tag-prime-video","tag-pt","tag-sries","tag-streaming","tag-televiso","tag-televisao","tag-tudo","tag-videos"],"share_on_mastodon":{"url":"https:\/\/pubeurope.com\/@pt\/117213439086051056","error":""},"_links":{"self":[{"href":"https:\/\/www.europesays.com\/pt\/wp-json\/wp\/v2\/posts\/511791","targetHints":{"allow":["GET"]}}],"collection":[{"href":"https:\/\/www.europesays.com\/pt\/wp-json\/wp\/v2\/posts"}],"about":[{"href":"https:\/\/www.europesays.com\/pt\/wp-json\/wp\/v2\/types\/post"}],"author":[{"embeddable":true,"href":"https:\/\/www.europesays.com\/pt\/wp-json\/wp\/v2\/users\/2"}],"replies":[{"embeddable":true,"href":"https:\/\/www.europesays.com\/pt\/wp-json\/wp\/v2\/comments?post=511791"}],"version-history":[{"count":0,"href":"https:\/\/www.europesays.com\/pt\/wp-json\/wp\/v2\/posts\/511791\/revisions"}],"wp:featuredmedia":[{"embeddable":true,"href":"https:\/\/www.europesays.com\/pt\/wp-json\/wp\/v2\/media\/511792"}],"wp:attachment":[{"href":"https:\/\/www.europesays.com\/pt\/wp-json\/wp\/v2\/media?parent=511791"}],"wp:term":[{"taxonomy":"category","embeddable":true,"href":"https:\/\/www.europesays.com\/pt\/wp-json\/wp\/v2\/categories?post=511791"},{"taxonomy":"post_tag","embeddable":true,"href":"https:\/\/www.europesays.com\/pt\/wp-json\/wp\/v2\/tags?post=511791"}],"curies":[{"name":"wp","href":"https:\/\/api.w.org\/{rel}","templated":true}]}}