{"id":511819,"date":"2026-09-04T15:42:14","date_gmt":"2026-09-04T15:42:14","guid":{"rendered":"https:\/\/www.europesays.com\/pt\/511819\/"},"modified":"2026-09-04T15:42:14","modified_gmt":"2026-09-04T15:42:14","slug":"novo-mapa-mundo-vai-a-votos-na-onu-mostra-a-verdadeira-africa","status":"publish","type":"post","link":"https:\/\/www.europesays.com\/pt\/511819\/","title":{"rendered":"Novo mapa-mundo vai a votos na ONU. Mostra a &#8220;verdadeira&#8221; \u00c1frica"},"content":{"rendered":"<p class=\"wp-caption-text top\"><a href=\"https:\/\/www.equal-earth.com\/Equal-Earth-Map-0-PT.jpg\" rel=\"nofollow noopener\" data-wpel-link=\"external\" class=\"ext-link\" target=\"_blank\">Equal Earth<\/a><\/p>\n<p><img decoding=\"async\" loading=\"lazy\" class=\"size-large wp-image-697159\" src=\"https:\/\/www.europesays.com\/pt\/wp-content\/uploads\/2026\/09\/aab3238922bcc25a6f606eb525ffdc56-1-1024x602.jpg\" alt=\"\" width=\"700\" height=\"412\"  \/><\/p>\n<p class=\"wp-caption-text bot\">O verdadeiro Mapa Mundo \u2014 de acordo com o Equal Earth<\/p>\n<p><strong>Assembleia Geral vota esta sexta-feira o projeto liderado pelo Togo, que quer que o Equal Earth substitua o Mercator, criado em 1569.<\/strong><\/p>\n<p>A Assembleia Geral das Na\u00e7\u00f5es Unidas (ONU) vai votar, esta sexta-feira, uma resolu\u00e7\u00e3o que prop\u00f5e o abandono progressivo do tradicional mapa-m\u00fandi baseado na proje\u00e7\u00e3o de Mercator, substituindo-o por uma representa\u00e7\u00e3o que mostre de forma mais fiel a verdadeira dimens\u00e3o de \u00c1frica.<\/p>\n<p>A iniciativa \u00e9 patrocinada pelo <strong>Togo<\/strong> e conta com o apoio dos restantes 54 Estados-membros da Uni\u00e3o Africana, segundo <strong>Robert Dussey<\/strong>, ministro dos Neg\u00f3cios Estrangeiros togol\u00eas, citado pelo <a href=\"https:\/\/www.theguardian.com\/world\/2026\/sep\/04\/un-vote-world-map-mercator-equal-earth-africa\" data-wpel-link=\"external\" rel=\"noopener nofollow\" class=\"ext-link\" target=\"_blank\">The Guardian<\/a>. O governante defende que a quest\u00e3o n\u00e3o \u00e9 pol\u00edtica, mas cient\u00edfica, e que as distor\u00e7\u00f5es da proje\u00e7\u00e3o de Mercator est\u00e3o h\u00e1 muito demonstradas.<\/p>\n<p>Criado pelo cart\u00f3grafo flamengo Gerardus Mercator em 1569 para facilitar a navega\u00e7\u00e3o mar\u00edtima, este modelo continua a ser amplamente utilizado na educa\u00e7\u00e3o, na tecnologia e em institui\u00e7\u00f5es p\u00fablicas. No entanto, a forma como projeta a superf\u00edcie esf\u00e9rica da Terra num plano faz com que as regi\u00f5es pr\u00f3ximas do equador pare\u00e7am muito menores, enquanto as \u00e1reas situadas em latitudes mais elevadas surgem aumentadas.<\/p>\n<p>Uma das compara\u00e7\u00f5es mais conhecidas \u00e9 a de \u00c1frica com a <a href=\"https:\/\/zap.aeiou.pt\/tamanho-real-gronelandia-664811\" data-wpel-link=\"internal\" rel=\"nofollow noopener\" target=\"_blank\">Gronel\u00e2ndia<\/a>: nos mapas de Mercator, os dois territ\u00f3rios parecem ter dimens\u00f5es semelhantes, apesar de o continente africano ser cerca de 14 vezes maior.<\/p>\n<p class=\"wp-caption-text top\">Lars H. Rohwedder\/Wikimedia Commons<\/p>\n<p><img loading=\"eager\" fetchpriority=\"high\" decoding=\"async\" class=\"wp-image-623164 size-kopa-image-size-0\" src=\"https:\/\/www.europesays.com\/pt\/wp-content\/uploads\/2026\/09\/c81e728d9d4c2f636f067f89cc14862c-24-579x382.jpg\" alt=\"\" width=\"579\" height=\"382\"  \/><\/p>\n<p class=\"wp-caption-text bot\">Mapa do Mundo: a proje\u00e7\u00e3o de Mercator<\/p>\n<p>A campanha <a href=\"https:\/\/correctthemap.org\/\" data-wpel-link=\"external\" rel=\"noopener nofollow\" class=\"ext-link\" target=\"_blank\">#CorrectTheMap<\/a> salienta ainda que, na realidade, seria poss\u00edvel colocar dentro de \u00c1frica os Estados Unidos, a China, a \u00cdndia, o Jap\u00e3o, o M\u00e9xico e grande parte da Europa.<\/p>\n<p>A Uni\u00e3o Africana apoiou formalmente a campanha em agosto de 2025 e pediu depois ao Togo que liderasse os esfor\u00e7os para levar a quest\u00e3o \u00e0s Na\u00e7\u00f5es Unidas.<\/p>\n<p>A resolu\u00e7\u00e3o defende a ado\u00e7\u00e3o do <strong>Equal Earth<\/strong>, um modelo criado em 2018 por uma equipa internacional de cart\u00f3grafos e que preserva melhor as propor\u00e7\u00f5es reais das \u00e1reas. Ao contr\u00e1rio de outras alternativas, procura conciliar maior rigor na representa\u00e7\u00e3o das dimens\u00f5es com uma apar\u00eancia visual familiar.<\/p>\n<p class=\"wp-caption-text top\"><a href=\"https:\/\/www.equal-earth.com\/Equal-Earth-Map-0-PT.jpg\" rel=\"nofollow noopener\" data-wpel-link=\"external\" class=\"ext-link\" target=\"_blank\">Equal Earth<\/a><\/p>\n<p><img decoding=\"async\" loading=\"lazy\" class=\"wp-image-697159 size-kopa-image-size-0\" src=\"https:\/\/www.europesays.com\/pt\/wp-content\/uploads\/2026\/09\/aab3238922bcc25a6f606eb525ffdc56-1-579x382.jpg\" alt=\"\" width=\"579\" height=\"382\"  \/><\/p>\n<p class=\"wp-caption-text bot\">O verdadeiro Mapa Mundo \u2014 de acordo com o Equal Earth<\/p>\n<p>\u00a0<\/p>\n<p>Cr\u00edticos da proje\u00e7\u00e3o de Mercator t\u00eam, historicamente, associado as suas distor\u00e7\u00f5es a uma vis\u00e3o ocidental do mundo. Alguns ativistas falam mesmo em \u201ccolonialismo cartogr\u00e1fico\u201d, e argumentam que a redu\u00e7\u00e3o visual do Sul Global e o aumento dos pa\u00edses do hemisf\u00e9rio norte contribu\u00edram para refor\u00e7ar determinadas perce\u00e7\u00f5es sobre poder e import\u00e2ncia geopol\u00edtica.<\/p>\n<p>As resolu\u00e7\u00f5es da Assembleia Geral n\u00e3o s\u00e3o juridicamente vinculativas, mas uma aprova\u00e7\u00e3o poder\u00e1 incentivar mudan\u00e7as em curr\u00edculos escolares, plataformas tecnol\u00f3gicas e outras utiliza\u00e7\u00f5es quotidianas de mapas.<\/p>\n<p>O Governo togol\u00eas j\u00e1 planeia organizar em Lom\u00e9, no primeiro trimestre do pr\u00f3ximo ano, um encontro com a UNESCO, a Uni\u00e3o Africana e empresas tecnol\u00f3gicas, incluindo a Google Maps, para discutir a aplica\u00e7\u00e3o pr\u00e1tica da eventual resolu\u00e7\u00e3o.<\/p>\n","protected":false},"excerpt":{"rendered":"Equal Earth O verdadeiro Mapa Mundo \u2014 de acordo com o Equal Earth Assembleia Geral vota esta sexta-feira&hellip;\n","protected":false},"author":2,"featured_media":511820,"comment_status":"","ping_status":"","sticky":false,"template":"","format":"standard","meta":{"footnotes":"","_share_on_mastodon":"0"},"categories":[50],"tags":[2713,27,28,14475,15,16,5541,14,736,25,26,21,22,62,12,13,19,20,910,4007,23,24,81944,17,18,29,30,31,63,64,65],"class_list":["post-511819","post","type-post","status-publish","format-standard","has-post-thumbnail","category-mundo","tag-africa","tag-breaking-news","tag-breakingnews","tag-cartografia","tag-featured-news","tag-featurednews","tag-geografia","tag-headlines","tag-historia","tag-latest-news","tag-latestnews","tag-main-news","tag-mainnews","tag-mundo","tag-news","tag-noticias","tag-noticias-principais","tag-noticiasprincipais","tag-onu","tag-politica-internacional","tag-principais-noticias","tag-principaisnoticias","tag-togo","tag-top-stories","tag-topstories","tag-ultimas","tag-ultimas-noticias","tag-ultimasnoticias","tag-world","tag-world-news","tag-worldnews"],"share_on_mastodon":{"url":"https:\/\/pubeurope.com\/@pt\/117213538435054289","error":""},"_links":{"self":[{"href":"https:\/\/www.europesays.com\/pt\/wp-json\/wp\/v2\/posts\/511819","targetHints":{"allow":["GET"]}}],"collection":[{"href":"https:\/\/www.europesays.com\/pt\/wp-json\/wp\/v2\/posts"}],"about":[{"href":"https:\/\/www.europesays.com\/pt\/wp-json\/wp\/v2\/types\/post"}],"author":[{"embeddable":true,"href":"https:\/\/www.europesays.com\/pt\/wp-json\/wp\/v2\/users\/2"}],"replies":[{"embeddable":true,"href":"https:\/\/www.europesays.com\/pt\/wp-json\/wp\/v2\/comments?post=511819"}],"version-history":[{"count":0,"href":"https:\/\/www.europesays.com\/pt\/wp-json\/wp\/v2\/posts\/511819\/revisions"}],"wp:featuredmedia":[{"embeddable":true,"href":"https:\/\/www.europesays.com\/pt\/wp-json\/wp\/v2\/media\/511820"}],"wp:attachment":[{"href":"https:\/\/www.europesays.com\/pt\/wp-json\/wp\/v2\/media?parent=511819"}],"wp:term":[{"taxonomy":"category","embeddable":true,"href":"https:\/\/www.europesays.com\/pt\/wp-json\/wp\/v2\/categories?post=511819"},{"taxonomy":"post_tag","embeddable":true,"href":"https:\/\/www.europesays.com\/pt\/wp-json\/wp\/v2\/tags?post=511819"}],"curies":[{"name":"wp","href":"https:\/\/api.w.org\/{rel}","templated":true}]}}