{"id":511823,"date":"2026-09-04T15:45:14","date_gmt":"2026-09-04T15:45:14","guid":{"rendered":"https:\/\/www.europesays.com\/pt\/511823\/"},"modified":"2026-09-04T15:45:14","modified_gmt":"2026-09-04T15:45:14","slug":"jane-fonda-defende-mark-ruffalo-de-acusacoes-da-paramount-04-09-2026-ilustrada","status":"publish","type":"post","link":"https:\/\/www.europesays.com\/pt\/511823\/","title":{"rendered":"Jane Fonda defende Mark Ruffalo de acusa\u00e7\u00f5es da Paramount &#8211; 04\/09\/2026 &#8211; Ilustrada"},"content":{"rendered":"<p><a href=\"https:\/\/www.google.com\/goto?url=CAESbwHrOzAViD1rCDxMU5bDWL3rq8r-lvm7yRkn555rOeLsTkHE3w1BPA5MQEwNmt9Im68jglxRLVtKy9VKn701kzt4Gvx_WT71lHzTBd3qj5W2voOz3H0PX2vtw_RJLHOEPwW-Lu9DlkZ9y6IbR1Lz1A\" rel=\"nofollow noopener\" target=\"_blank\">Jane Fonda<\/a> criticou a poss\u00edvel fus\u00e3o entre a <a href=\"https:\/\/www.google.com\/goto?url=CAESawHrOzAVtS3_ASzlaEdxfm8Zd24oQoYvURQnQZ0NIJXtacz9V9XVpfkztI3jZ3OS2kTtpV9RR790l2YtHbKD21c1axrJr91pvtmDgwaeYlAWHXaSNOsZxhRSUSAUTDu6oFS1MTiDT0sZoN5L\" rel=\"nofollow noopener\" target=\"_blank\">Warner <\/a>e a <a href=\"https:\/\/www.google.com\/goto?url=CAESbgHrOzAVUYnYMg8mAVBqFG0xxtBq_PRaOShnBu6mLxpi55eKv3HWXNof2NgAIXyOmm5YU0xy7AzjWzqmqxPbinjfiYhQioHGGBvOdYfug9Qr9J8XrWTxyWib3MQwawXuHs0m0Wo4qmh6XayvB9hx\" rel=\"nofollow noopener\" target=\"_blank\">Paramount<\/a>, anunciada em fevereiro, e defendeu o ator <a href=\"https:\/\/www.google.com\/goto?url=CAESvgEB6zswFQFLirXU9W6d3rV52ur8HMe01gqPWq4aZfe6Z_v2UfR7ic6Rmh1MZCqcEixnxbA3oNexEpECz4NGthI9cmW9TL04a1LDqKHbGYWGdUnmFfMrQYGE5m4PfwrEZLALwtZAuQo2LDfa62k2a-KlWh_-PVqUWwcXe14rTT8T2y2vPj5eZE54Tnk1KuVgy6oHkF8b6qyZAjmMx9T-_12QTpyS5JK-HEOrgmEeU7AgCWDOfBAw3DLsnNykd11K\" rel=\"nofollow noopener\" target=\"_blank\">Mark Ruffalo<\/a>, acusado pela Paramount de antissemitismo por tamb\u00e9m se opor \u00e0 uni\u00e3o das empresas, durante o <a href=\"https:\/\/www.google.com\/goto?url=CAESdwHrOzAVuk5rNedgoz4HH9T5i2VyGwPS2FG14hHIdMNYtdc6WZxYuAOZkz4VlsasSplgvJm81NyX3UBmp3PXz7Gho4rZv3r5gqzG9gxVqKEuayr4NuS4JsjDyHLN_vv2KSyqIYVNE6zMLnqrBbB_OEAtk8KStHLV\" rel=\"nofollow noopener\" target=\"_blank\">Festival de Veneza<\/a>.<\/p>\n<p>&#8220;Eles querem viver para sempre, enquanto matam o resto de n\u00f3s. H\u00e1 duas coisas: a maioria desses caras, esses magnatas da tecnologia, esses oligarcas e bilion\u00e1rios, acham que as leis pelas quais o resto de n\u00f3s vive n\u00e3o importam para eles, incluindo as leis da f\u00edsica&#8221;, afirmou ela numa palestra do DVF Awards, pr\u00eamio da estilista <a href=\"https:\/\/www.google.com\/goto?url=CAEScwHrOzAV-l8WYbpD0LpCPUt9YxDmD9_LrH7sZFGgP2EM0q85k3pD34BEnQSAvdtM4ypoBinbzQDnB5vGkB5V91LkoriR4kuncPFG14hGqe2MVDBg_hF9RFflokkwwBt4Z0vxFtPVT2Gkva8_1IoJoTQVWGg\" rel=\"nofollow noopener\" target=\"_blank\">Diane Von Furstenberg<\/a> que celebra mulheres dedicadas a causas globais e integra o evento.<\/p>\n<p>&#8220;Depois, eles v\u00e3o tirar o direito ao voto. D\u00e1 para acreditar? E n\u00f3s n\u00e3o vamos tolerar isso&#8221;, adicionou Fonda, conhecida por filmes como &#8220;Barbarella&#8221; e a s\u00e9rie &#8220;<a href=\"https:\/\/www.google.com\/goto?url=CAESvgEB6zswFa0bRjYyJe4m5wUQJxN0LpnsbENYx8y-RtCxby1PE4j8YHwQ2lWvQKMEosoOYVwIwjRWFVh8vm78QBbgBaLA3TOMy5wx7teAHJsntnyOFa6QwBCNfd1T9gD1xai8rYh8P6V6fW_L6xlnPu4RYz1KiAjGJh_wNQmH64_Guk08WbvslUNskWTIGr72x9w6Txrk7WSWQsEsR_swdRgxrZ9_wiko0UzA2p3ERcxbhv1V5TYZpZRwjGXqgz3c\" rel=\"nofollow noopener\" target=\"_blank\">Grace e Frankie<\/a>&#8221; e grande ativista de <a href=\"https:\/\/www.google.com\/goto?url=CAESbgHrOzAVdDzmrR28tix9iEFaVPhUxFdS-1j6ADKvkKDbXDXJtOYXrCTFF60cm5N3Cue17vi_0pvJfv8CYa06yj1MiTyiueWolUaMZOljoVP-DF6OirxXsj0oTL_s59W-ak6BDlzNDv5anu9-WLtU\" rel=\"nofollow noopener\" target=\"_blank\">Hollywood <\/a>na luta ambiental, pelos direitos civis e em defesa das mulheres, entre outras causas.<\/p>\n<p>No evento, em que foi homenageada junto de figuras como Wawira Njiru, CEO da ONG Food4Education, e <a href=\"https:\/\/www.google.com\/goto?url=CAESvAEB6zswFe8tLGaQRIYCich4wpwg4OfkzNezshpJe1ZhvA5xIf6nEmzcRpGVWPdBhv6AAWchdgct5STvBiwBPJOim9aboBKGcUKufGLV36p0UnVHgu_-HaYGgmRXUwT3btR47aTMKvbAP0gdejHnZU4qPLh-geYteBP1Rl9GRc3TJ8ICoJ0tpQq5W7W2whch0SDUJ8UB0TYccewAYvRIr655AxinhIpWxlVov4K1muKnnlzZo3Ov8tUqcXRCpQ\" rel=\"nofollow noopener\" target=\"_blank\">Gis\u00e8le Pelicot<\/a>, artista francesa e sobrevivente do caso de estupro em massa na cidade de Mazan, a atriz ainda disse que quem atacou Ruffalo deveria se envergonhar e que ele tem muito apoio. O artista tem se destacado, nos \u00faltimos tempos, como uma voz na defesa da popula\u00e7\u00e3o palestina.<\/p>\n<p>Desde o in\u00edcio do segundo mandato de <a href=\"https:\/\/www.google.com\/goto?url=CAEScQHrOzAVFw_2KlEZp8x95PITz7oREtqUZ-TwJKbCfCqJ_-rYugY00vuHLGxKs22kxwuWDjmqCUTNZLkPgZlTNETzNmIgzNoumRak6AvVI0bhTT775-h1wJDlMX8g3_YO5QK3lQ9DrxAp-hWH0FpkRRCd\" rel=\"nofollow noopener\" target=\"_blank\">Donald Trump<\/a>, <a href=\"https:\/\/www.google.com\/goto?url=CAESbgHrOzAVO8VA-Phwj9bv88jmjN2dmfdn71OEoXoCqG890_vo6feLMrz9-RNTrwfWughvEHUwL0rqhqiVSq1xPJhxjzIYPRhS1xdXY6baYsMCSYQYnZ5Uo8O9_HBb6VDFBwOmLEDNTlVoew1yMxoo\" rel=\"nofollow noopener\" target=\"_blank\">Hollywood <\/a>retraiu as cr\u00edticas ao presidente, com v\u00e1rios artistas deixando de discursar abertamente contra o governo em eventos e premia\u00e7\u00f5es. Fonda tamb\u00e9m disse n\u00e3o ter medo de denunciar Trump.<\/p>\n<p>&#8220;Vivi a minha vida. Ele n\u00e3o pode fazer nada comigo. N\u00e3o tenho medo, mas isso n\u00e3o \u00e9 verdade para todos&#8221;, disse. A artista ainda incentivou os presentes a apoiarem o <a href=\"https:\/\/www.google.com\/goto?url=CAEStgEB6zswFcPjJXGiXiKffprHPO_NLic0ORZLoRYvG0RPw52OMosV33tjw5wGeZ3eHh78mpG5UMWzIPazPeE46WXg84YuMUcoSt68htTg5O7Lx0OnQKH8W7vtDgkxqtAyC6_907CZ87WH9_W0hzUhL9Ftk63MxdXZCxwtSE5RpaTvtl17izrFYn_dqZJtRibo7_PSt1DjwimiDno6oFY6vBy_GouiTwglaUZg13WekpVP9x0zQl0fuw\" rel=\"nofollow noopener\" target=\"_blank\">Comit\u00ea para a Primeira Emenda<\/a>, organiza\u00e7\u00e3o hist\u00f3rica, voltada \u00e0 defesa da liberdade de express\u00e3o, que relan\u00e7ou no ano passado.<\/p>\n<p>&#8220;Cada vez mais pessoas est\u00e3o se manifestando porque suas vidas est\u00e3o em risco. A <a href=\"https:\/\/www.google.com\/goto?url=CAESfAHrOzAV-faIsNi6HO3spzYdmIfjUQTRyabw_HelyozVs3FraHPSSvKbDMyHUFd3XsXMf8qlrKA5bDA_vC36oJdTgdANq-eQ2MdwmxIIcc0zOIOgeVTRrFFlfYa-TDY8ZWDafUBXcD189wp-uHlZIuqOK29GtRXbiTjtsbk\" rel=\"nofollow noopener\" target=\"_blank\">intelig\u00eancia artificial<\/a> pode acabar com tudo, e centros de dados est\u00e3o sendo instalados nos bairros, ent\u00e3o houve uma mudan\u00e7a no pa\u00eds. Republicanos e democratas est\u00e3o dizendo: &#8216;N\u00e3o, voc\u00eas n\u00e3o v\u00e3o instalar um centro de dados na minha comunidade&#8217;. Podemos ver agora que at\u00e9 mesmo os membros do MAGA n\u00e3o est\u00e3o gostando do fato de seus l\u00edderes estarem lucrando com a mis\u00e9ria e a crueldade.&#8221;<\/p>\n<p>O evento coincidiu com a morte de <a href=\"https:\/\/www.google.com\/goto?url=CAEStwEB6zswFQ-sdjAAgz7BoOrZeqB4_XVHK9cm3QdwRgoinOeJOCz5yrRwaOg1coq9F_AkjXRKZyXLPCZmKNeNgcKxter-Smu2uXpcmtjvMWsxi-L-UEwkAarsCk2OeeAq3NA3744We0ADe9Rq1zYX7F33j_GQPZ31_XveysNWY9flsqnSN2rzHNsBYJejNXVKkwqhAduJ9GZoWPVkOBmEM9KzpbYWjfxnSVev6xGMT0IrLPSou1Y9ybQ\" rel=\"nofollow noopener\" target=\"_blank\">Gloria Steinem<\/a>, pioneira do feminismo que morreu nesta quinta, aos 92 anos. &#8220;Esta noite \u00e9 dedicada a ela, e creio que ela segue viva nas vidas transformadas de tantas mulheres, incluindo a minha.&#8221;<\/p>\n","protected":false},"excerpt":{"rendered":"Jane Fonda criticou a poss\u00edvel fus\u00e3o entre a Warner e a Paramount, anunciada em fevereiro, e defendeu o&hellip;\n","protected":false},"author":2,"featured_media":511824,"comment_status":"","ping_status":"","sticky":false,"template":"","format":"standard","meta":{"footnotes":"","_share_on_mastodon":"0"},"categories":[145],"tags":[7620,211,210,470,92,114,115,235,1203,14554,236,2595,23381,14103,5267,364,32,33,941,940,599],"class_list":["post-511823","post","type-post","status-publish","format-standard","has-post-thumbnail","category-celebridades","tag-ativismo","tag-celebridades","tag-celebrities","tag-cinema","tag-donald-trump","tag-entertainment","tag-entretenimento","tag-estados-unidos","tag-festival-de-cinema","tag-festival-de-veneza","tag-folha","tag-hollywood","tag-jane-fonda","tag-mark-ruffalo","tag-mostra-de-cinema","tag-paramount","tag-portugal","tag-pt","tag-series","tag-streaming","tag-warner"],"share_on_mastodon":{"url":"https:\/\/pubeurope.com\/@pt\/117213549305446385","error":""},"_links":{"self":[{"href":"https:\/\/www.europesays.com\/pt\/wp-json\/wp\/v2\/posts\/511823","targetHints":{"allow":["GET"]}}],"collection":[{"href":"https:\/\/www.europesays.com\/pt\/wp-json\/wp\/v2\/posts"}],"about":[{"href":"https:\/\/www.europesays.com\/pt\/wp-json\/wp\/v2\/types\/post"}],"author":[{"embeddable":true,"href":"https:\/\/www.europesays.com\/pt\/wp-json\/wp\/v2\/users\/2"}],"replies":[{"embeddable":true,"href":"https:\/\/www.europesays.com\/pt\/wp-json\/wp\/v2\/comments?post=511823"}],"version-history":[{"count":0,"href":"https:\/\/www.europesays.com\/pt\/wp-json\/wp\/v2\/posts\/511823\/revisions"}],"wp:featuredmedia":[{"embeddable":true,"href":"https:\/\/www.europesays.com\/pt\/wp-json\/wp\/v2\/media\/511824"}],"wp:attachment":[{"href":"https:\/\/www.europesays.com\/pt\/wp-json\/wp\/v2\/media?parent=511823"}],"wp:term":[{"taxonomy":"category","embeddable":true,"href":"https:\/\/www.europesays.com\/pt\/wp-json\/wp\/v2\/categories?post=511823"},{"taxonomy":"post_tag","embeddable":true,"href":"https:\/\/www.europesays.com\/pt\/wp-json\/wp\/v2\/tags?post=511823"}],"curies":[{"name":"wp","href":"https:\/\/api.w.org\/{rel}","templated":true}]}}