{"id":511825,"date":"2026-09-04T15:48:17","date_gmt":"2026-09-04T15:48:17","guid":{"rendered":"https:\/\/www.europesays.com\/pt\/511825\/"},"modified":"2026-09-04T15:48:17","modified_gmt":"2026-09-04T15:48:17","slug":"medicacao-e-ajuda-profissional-ex-namorada-de-maycon-quebra-o-silencio-sobre-o-pior-ano-da-sua-vida-big-brother-verao-2026-ultimas-noticias-videos-e-diretos","status":"publish","type":"post","link":"https:\/\/www.europesays.com\/pt\/511825\/","title":{"rendered":"Medica\u00e7\u00e3o e ajuda profissional: Ex-namorada de Maycon quebra o sil\u00eancio sobre o pior ano da sua vida &#8211; Big Brother Ver\u00e3o 2026: \u00daltimas Not\u00edcias, V\u00eddeos e Diretos"},"content":{"rendered":"<p><a href=\"https:\/\/tvi.iol.pt\/secretstory\/raquel-coelho\/maycon-douglas\/namorada-de-maycon-foge-de-portugal-um-mes-apos-funeral-e-o-refugio-escolhido-tem-um-significado-arrepiante\" rel=\"nofollow noopener\" target=\"_blank\">A ex-namorada de Maycon decidiu abordar publicamente um tema delicado<\/a> e que continua a ser vivido em sil\u00eancio por muitas pessoas. Num v\u00eddeo publicado nas redes sociais, onde surge a dar a cara, deixou uma importante mensagem sobre sa\u00fade mental e preven\u00e7\u00e3o do suic\u00eddio.<\/p>\n<p>\u00abSetembro \u00e9 o m\u00eas da preven\u00e7\u00e3o do suic\u00eddio e, este ano, senti que n\u00e3o podia deixar passar esta data sem falar sobre isto\u00bb, come\u00e7ou por dizer.<\/p>\n<p><strong>A jovem admitiu que n\u00e3o \u00e9 um assunto f\u00e1cil para si e revelou que j\u00e1 atravessou \u00abuma das fases mais dif\u00edceis\u00bb<\/strong> da sua vida, altura em que sentiu necessidade de procurar ajuda.<\/p>\n<p>\u00abN\u00e3o porque seja um tema f\u00e1cil para mim. Pelo contr\u00e1rio. Mas porque acredito que quanto mais falarmos sobre sa\u00fade mental, mais normal ser\u00e1 para algu\u00e9m dizer \u201cn\u00e3o estou bem\u201d e procurar ajuda antes de chegar ao limite\u00bb, explicou.<\/p>\n<p>Sem esconder a import\u00e2ncia que pedir ajuda teve no seu pr\u00f3prio percurso, acrescentou: \u00abEu pr\u00f3pria j\u00e1 passei por uma das fases mais dif\u00edceis da minha vida e precisei de pedir ajuda. E hoje consigo dizer que estou melhor\u00bb.<\/p>\n<p>A ex-companheira do <a href=\"https:\/\/tvi.iol.pt\/secretstory\/maycon-douglas\/secret-story\/policia-maritima-esclarece-misterio-sobre-carro-de-maycon-douglas-encontrado-em-marcha-atras\" rel=\"nofollow noopener\" target=\"_blank\">antigo concorrente que perdeu a vida no inicio do ano <\/a>aproveitou ainda o momento para refor\u00e7ar uma mensagem que considera essencial: \u00abPedir ajuda n\u00e3o \u00e9 fraqueza. Falar pode salvar vidas\u00bb.<\/p>\n<p>No final, deixou um apelo para que este m\u00eas n\u00e3o seja apenas de mem\u00f3ria, mas tamb\u00e9m de aten\u00e7\u00e3o para quem continua a precisar de apoio: \u00abQue setembro sirva n\u00e3o s\u00f3 para lembrar quem perdemos, mas tamb\u00e9m para estarmos mais atentos a quem ainda est\u00e1 aqui\u00bb.<\/p>\n","protected":false},"excerpt":{"rendered":"A ex-namorada de Maycon decidiu abordar publicamente um tema delicado e que continua a ser vivido em sil\u00eancio&hellip;\n","protected":false},"author":2,"featured_media":511826,"comment_status":"","ping_status":"","sticky":false,"template":"","format":"standard","meta":{"footnotes":"","_share_on_mastodon":"0"},"categories":[142],"tags":[331,48,333,328,335,336,114,115,334,332,330,338,10223,13,32,33,42823,10382,151,162,227],"class_list":["post-511825","post","type-post","status-publish","format-standard","has-post-thumbnail","category-tv","tag-big","tag-big-brother","tag-comentadores","tag-concorrentes","tag-confrontos","tag-discussoes","tag-entertainment","tag-entretenimento","tag-exclusivos","tag-expulso","tag-gala","tag-maria-botelho-moniz","tag-maycon-douglas","tag-noticias","tag-portugal","tag-pt","tag-raquel-coelho","tag-suicidio","tag-tv","tag-tvi","tag-videos"],"share_on_mastodon":{"url":"https:\/\/pubeurope.com\/@pt\/117213561221783156","error":""},"_links":{"self":[{"href":"https:\/\/www.europesays.com\/pt\/wp-json\/wp\/v2\/posts\/511825","targetHints":{"allow":["GET"]}}],"collection":[{"href":"https:\/\/www.europesays.com\/pt\/wp-json\/wp\/v2\/posts"}],"about":[{"href":"https:\/\/www.europesays.com\/pt\/wp-json\/wp\/v2\/types\/post"}],"author":[{"embeddable":true,"href":"https:\/\/www.europesays.com\/pt\/wp-json\/wp\/v2\/users\/2"}],"replies":[{"embeddable":true,"href":"https:\/\/www.europesays.com\/pt\/wp-json\/wp\/v2\/comments?post=511825"}],"version-history":[{"count":0,"href":"https:\/\/www.europesays.com\/pt\/wp-json\/wp\/v2\/posts\/511825\/revisions"}],"wp:featuredmedia":[{"embeddable":true,"href":"https:\/\/www.europesays.com\/pt\/wp-json\/wp\/v2\/media\/511826"}],"wp:attachment":[{"href":"https:\/\/www.europesays.com\/pt\/wp-json\/wp\/v2\/media?parent=511825"}],"wp:term":[{"taxonomy":"category","embeddable":true,"href":"https:\/\/www.europesays.com\/pt\/wp-json\/wp\/v2\/categories?post=511825"},{"taxonomy":"post_tag","embeddable":true,"href":"https:\/\/www.europesays.com\/pt\/wp-json\/wp\/v2\/tags?post=511825"}],"curies":[{"name":"wp","href":"https:\/\/api.w.org\/{rel}","templated":true}]}}