{"id":511829,"date":"2026-09-04T15:51:17","date_gmt":"2026-09-04T15:51:17","guid":{"rendered":"https:\/\/www.europesays.com\/pt\/511829\/"},"modified":"2026-09-04T15:51:17","modified_gmt":"2026-09-04T15:51:17","slug":"champions-mendy-paga-fatura-de-100-milhoes-e-fica-de-fora-da-lista-do-real-madrid","status":"publish","type":"post","link":"https:\/\/www.europesays.com\/pt\/511829\/","title":{"rendered":"Champions: Mendy \u00abpaga fatura\u00bb de 100 milh\u00f5es e fica de fora da lista do Real Madrid"},"content":{"rendered":"<p>Ferland Mendy \u00e9 uma das grandes aus\u00eancias da lista do Real Madrid para a fase de liga da Liga dos Campe\u00f5es. O lateral-esquerdo franc\u00eas ficou fora dos 25 jogadores inscritos na Lista A, abrindo espa\u00e7o para <a href=\"https:\/\/maisfutebol.iol.pt\/espanha\/internacional\/oficial-real-madrid-paga-tres-milhoes-por-jovem-do-racing-santander\" target=\"_blank\" rel=\"nofollow noopener\">Sergio Mart\u00ednez, jovem m\u00e9dio contratado ao Racing<\/a> e que poder\u00e1 ser uma solu\u00e7\u00e3o imediata para Jos\u00e9 Mourinho.<\/p>\n<p>A exclus\u00e3o de Mendy n\u00e3o se explica apenas pela grave les\u00e3o no tend\u00e3o do reto femoral da coxa direita que o mant\u00e9m afastado dos relvados. Tamb\u00e9m Milit\u00e3o e Rodrygo continuam a recuperar de problemas f\u00edsicos e, ainda assim, foram inscritos pelo Real Madrid. No caso do franc\u00eas, pesou igualmente a concorr\u00eancia no lado esquerdo da defesa, onde Mourinho conta com \u00c1lvaro Carreras (ex-Benfica) e Cucurella, cada um a custar 50 milh\u00f5es de euros.<\/p>\n<p> <strong>Um m\u00e9dio para uma estreia de emerg\u00eancia<\/strong> <\/p>\n<p>A escolha de Sergio Mart\u00ednez para a Lista A surge tamb\u00e9m num contexto particular. O m\u00e9dio n\u00e3o re\u00fane os requisitos para integrar a Lista B e Mourinho v\u00ea-se privado de Arda G\u00fcler, Camavinga e Bernardo Silva, todos suspensos para a estreia na Champions, frente ao Inter, na pr\u00f3xima ter\u00e7a-feira, no Santiago Bernab\u00e9u.<\/p>\n<p>Assim, apenas cinco dias depois de ter surgido pela primeira vez numa convocat\u00f3ria do Real Madrid, o jovem natural de Laredo pode mesmo estrear-se na Liga dos Campe\u00f5es.<\/p>\n<p> <strong>O limite da UEFA obrigou Mourinho a escolher<\/strong> <\/p>\n<p>O Real Madrid tinha mais jogadores dispon\u00edveis do que vagas na Lista A da UEFA. A inscri\u00e7\u00e3o est\u00e1 limitada a 25 futebolistas, com um m\u00e1ximo de 17 n\u00e3o formados localmente, e Sergio Mart\u00ednez n\u00e3o podia ser transferido para a Lista B por n\u00e3o ter sido formado no clube merengue.\u00a0Restava, por isso, encontrar espa\u00e7o na Lista A.<\/p>\n<p>Mendy foi o escolhido para sair. Uma decis\u00e3o \u00abfacilitada\u00bb pelo seu historial recente de les\u00f5es e, sobretudo, pelo investimento feito pelo Real Madrid no corredor esquerdo: 100 milh\u00f5es de euros entre Carreras e Cucurella deixam o franc\u00eas, pelo menos na Liga dos Campe\u00f5es, sem lugar.<\/p>\n","protected":false},"excerpt":{"rendered":"Ferland Mendy \u00e9 uma das grandes aus\u00eancias da lista do Real Madrid para a fase de liga da&hellip;\n","protected":false},"author":2,"featured_media":511830,"comment_status":"","ping_status":"","sticky":false,"template":"","format":"standard","meta":{"footnotes":"","_share_on_mastodon":"0"},"categories":[87],"tags":[9446,135,82,7706,81977,46,9024,900,7864,32,33,47,2007,81978,134],"class_list":["post-511829","post","type-post","status-publish","format-standard","has-post-thumbnail","category-desporto","tag-alvaro-carreras","tag-desporto","tag-internacional","tag-liga-campeoes","tag-lista-a","tag-maisfutebol","tag-marc-cucurella","tag-mendy","tag-mourinho","tag-portugal","tag-pt","tag-pura-paixao","tag-real-madrid","tag-sergi-martinez","tag-sports"],"share_on_mastodon":{"url":"https:\/\/pubeurope.com\/@pt\/117213573049624644","error":""},"_links":{"self":[{"href":"https:\/\/www.europesays.com\/pt\/wp-json\/wp\/v2\/posts\/511829","targetHints":{"allow":["GET"]}}],"collection":[{"href":"https:\/\/www.europesays.com\/pt\/wp-json\/wp\/v2\/posts"}],"about":[{"href":"https:\/\/www.europesays.com\/pt\/wp-json\/wp\/v2\/types\/post"}],"author":[{"embeddable":true,"href":"https:\/\/www.europesays.com\/pt\/wp-json\/wp\/v2\/users\/2"}],"replies":[{"embeddable":true,"href":"https:\/\/www.europesays.com\/pt\/wp-json\/wp\/v2\/comments?post=511829"}],"version-history":[{"count":0,"href":"https:\/\/www.europesays.com\/pt\/wp-json\/wp\/v2\/posts\/511829\/revisions"}],"wp:featuredmedia":[{"embeddable":true,"href":"https:\/\/www.europesays.com\/pt\/wp-json\/wp\/v2\/media\/511830"}],"wp:attachment":[{"href":"https:\/\/www.europesays.com\/pt\/wp-json\/wp\/v2\/media?parent=511829"}],"wp:term":[{"taxonomy":"category","embeddable":true,"href":"https:\/\/www.europesays.com\/pt\/wp-json\/wp\/v2\/categories?post=511829"},{"taxonomy":"post_tag","embeddable":true,"href":"https:\/\/www.europesays.com\/pt\/wp-json\/wp\/v2\/tags?post=511829"}],"curies":[{"name":"wp","href":"https:\/\/api.w.org\/{rel}","templated":true}]}}