{"id":511843,"date":"2026-09-04T16:02:38","date_gmt":"2026-09-04T16:02:38","guid":{"rendered":"https:\/\/www.europesays.com\/pt\/511843\/"},"modified":"2026-09-04T16:02:38","modified_gmt":"2026-09-04T16:02:38","slug":"em-novo-horario-comedia-sbt-entra-em-ranking-dos-mais-assistidos-do-canal","status":"publish","type":"post","link":"https:\/\/www.europesays.com\/pt\/511843\/","title":{"rendered":"Em novo hor\u00e1rio, Com\u00e9dia SBT entra em ranking dos mais assistidos do canal"},"content":{"rendered":"<p>Remanejado para as noites de domingo, o Com\u00e9dia SBT voltou a entrar no ranking de mais assistidos do canal, algo que s\u00f3 havia alcan\u00e7ado na estreia &#8211; quando ainda era \u00e0s segundas -, em fevereiro. O humor\u00edstico comandado por <a href=\"https:\/\/natelinha.uol.com.br\/famosos\/tudo-sobre\/victor-sarro\" rel=\"nofollow noopener\" target=\"_blank\">Victor Sarro<\/a> e Rodrigo Capella cravou 2,6 pontos no PNT (Painel Nacional de Televis\u00e3o).<\/p>\n<p>continua depois da publicidade<\/p>\n<p>Os dados dizem respeito \u00e0 semana de\u00a017 a 23 de agosto. Cada ponto equivale a 277.670 domic\u00edlios e 699.962 indiv\u00edduos. O PNT abrange 15 pra\u00e7as: S\u00e3o Paulo, Campinas, Rio de Janeiro, Belo Horizonte, Vit\u00f3ria, Porto Alegre, Curitiba, Florian\u00f3polis, Goi\u00e2nia, Distrito Federal, Salvador, Fortaleza, Recife, Bel\u00e9m e Manaus.<\/p>\n<p>No ar desde fevereiro, o Com\u00e9dia SBT\u00a0vinha sendo apresentado nas noites de s\u00e1bado. Agora, passou a ser transmitido justamente depois da maior audi\u00eancia da casa, o Programa Silvio Santos.<\/p>\n<p>continua depois da publicidade<\/p>\n<p>+\u00a0<a href=\"https:\/\/natelinha.uol.com.br\/famosos\/2026\/09\/03\/angelica-se-declara-para-luciano-huck-que-faz-55-anos-quantas-historias-247134.php\" rel=\"nofollow noopener\" target=\"_blank\">Ang\u00e9lica se declara para Luciano Huck, que faz 55 anos: &#8220;Quantas hist\u00f3rias&#8221;<\/a><\/p>\n<p>+\u00a0<a href=\"https:\/\/natelinha.uol.com.br\/televisao\/2026\/09\/03\/boni-alugou-galpao-apos-grande-quantidade-de-cartas-recebidas-por-xuxa-na-globo-brutal-247128.php\" rel=\"nofollow noopener\" target=\"_blank\">Boni alugou galp\u00e3o ap\u00f3s grande quantidade de cartas recebidas por Xuxa na Globo: &#8220;Brutal&#8221;<\/a><\/p>\n<p><strong>Outros destaques do top 10 do Ibope:<\/strong><\/p>\n<ul>\n<li>Falando em Programa Silvio Santos, o dominical de Patr\u00edcia Abravanel igualou seu recorde em 2026 e alcan\u00e7ou 6,1 pontos.<\/li>\n<li>Quem Ama Cuida chegou \u00e0 s\u00e9tima semana seguida no topo do Brasil. A novela criada por Claudia Souto e Walcyr Carrasco fechou com 24,4 pontos, recorde at\u00e9 aqui.<\/li>\n<li>O Domingo Espetacular, que foi ao ar mais tarde no dia 23, teve recorde negativo. A revista eletr\u00f4nica da Record amargou apenas 4,5 pontos.<\/li>\n<\/ul>\n<p><strong>Confira o top 10 do Ibope de\u00a017 a 23 de agosto:<\/strong><\/p>\n<tr style=\"height: 77px;\">\n<img decoding=\"async\" loading=\"lazy\" class=\"horizontal\" src=\"https:\/\/www.europesays.com\/pt\/wp-content\/uploads\/2026\/09\/1788537754_219_globo.webp\" alt=\"Logo Globo\" width=\"42\" height=\"42\"\/>\u00a0<br \/>\n<\/tr>\n<tr style=\"height: 49px;\">\n<td style=\"height: 49px;\">Quem Ama Cuida<\/td>\n<td style=\"height: 49px;\">24,4<\/td>\n<\/tr>\n<tr style=\"height: 49px;\">\n<td style=\"height: 49px;\">Jornal Nacional<\/td>\n<td style=\"height: 49px;\">22,9<\/td>\n<\/tr>\n<tr style=\"height: 49px;\">\n<td style=\"height: 49px;\">Copa Libertadores: Flamengo x Cruzeiro<\/td>\n<td style=\"height: 49px;\">22,2<\/td>\n<\/tr>\n<tr style=\"height: 49px;\">\n<td style=\"height: 49px;\">Pra\u00e7a TV 2\u00aa Edi\u00e7\u00e3o<\/td>\n<td style=\"height: 49px;\">20,9<\/td>\n<\/tr>\n<tr style=\"height: 49px;\">\n<td style=\"height: 49px;\">Por Voc\u00ea<\/td>\n<td style=\"height: 49px;\">20,7<\/td>\n<\/tr>\n<tr style=\"height: 49px;\">\n<td style=\"height: 49px;\">Quem Ama Cuida (s\u00e1bado)<\/td>\n<td style=\"height: 49px;\">20,3<\/td>\n<\/tr>\n<tr style=\"height: 49px;\">\n<td style=\"height: 49px;\">Pronunciamento de Alexandre Padilha (Ministro da Sa\u00fade)<\/td>\n<td style=\"height: 49px;\">19,8<\/td>\n<\/tr>\n<tr style=\"height: 49px;\">\n<td style=\"height: 49px;\">Jornal Nacional (s\u00e1bado)<\/td>\n<td style=\"height: 49px;\">19,1<\/td>\n<\/tr>\n<tr style=\"height: 49px;\">\n<td style=\"height: 49px;\">A Nobreza do Amor<\/td>\n<td style=\"height: 49px;\">18,5<\/td>\n<\/tr>\n<tr style=\"height: 49px;\">\n<td style=\"height: 49px;\">Pra\u00e7a TV 2\u00aa Edi\u00e7\u00e3o (s\u00e1bado)<\/td>\n<td style=\"height: 49px;\">17,8<\/td>\n<\/tr>\n<tr>\n<img decoding=\"async\" loading=\"lazy\" class=\"horizontal\" src=\"https:\/\/www.europesays.com\/pt\/wp-content\/uploads\/2026\/09\/1788537755_761_record.webp\" alt=\"Logo Record\" width=\"42\" height=\"42\"\/><br \/>\n<\/tr>\n<tr>\n<td style=\"width: 927.75px;\">Jornal da Record<\/td>\n<td style=\"width: 216.25px;\">6,5<\/td>\n<\/tr>\n<tr>\n<td style=\"width: 927.75px;\">Pronunciamento de Alexandre Padilha (Ministro da Sa\u00fade)<\/td>\n<td style=\"width: 216.25px;\">5,9<\/td>\n<\/tr>\n<tr>\n<td style=\"width: 927.75px;\">Cora\u00e7\u00e3o de M\u00e3e<\/td>\n<td style=\"width: 216.25px;\">5,4<\/td>\n<\/tr>\n<tr>\n<td style=\"width: 927.75px;\">Acerte ou Caia!<\/td>\n<td style=\"width: 216.25px;\">5,0<\/td>\n<\/tr>\n<tr>\n<td style=\"width: 927.75px;\">Jornal da Record (s\u00e1bado)<\/td>\n<td style=\"width: 216.25px;\">4,9<\/td>\n<\/tr>\n<tr>\n<td style=\"width: 927.75px;\">Aquecimento Futebol<\/td>\n<td style=\"width: 216.25px;\">4,9<\/td>\n<\/tr>\n<tr>\n<td style=\"width: 927.75px;\">Religioso Vespertino<\/td>\n<td style=\"width: 216.25px;\">4,8<\/td>\n<\/tr>\n<tr>\n<td style=\"width: 927.75px;\">Campeonato Brasileiro: Chapecoense x S\u00e3o Paulo<\/td>\n<td style=\"width: 216.25px;\">4,7<\/td>\n<\/tr>\n<tr>\n<td style=\"width: 927.75px;\">Domingo Espetacular<\/td>\n<td style=\"width: 216.25px;\">4,5<\/td>\n<\/tr>\n<tr>\n<td style=\"width: 927.75px;\">Cidade Alerta\u00a0<\/td>\n<td style=\"width: 216.25px;\">4,4<\/td>\n<\/tr>\n<tr>\n<img decoding=\"async\" loading=\"lazy\" class=\"horizontal\" src=\"https:\/\/www.europesays.com\/pt\/wp-content\/uploads\/2026\/09\/1788537756_234_sbt.webp\" alt=\"Logo SBT\" width=\"42\" height=\"42\"\/>\u00a0<br \/>\n<\/tr>\n<tr>\n<td style=\"width: 928.578px;\">Programa Silvio Santos<\/td>\n<td style=\"width: 215.422px;\">6,1<\/td>\n<\/tr>\n<tr>\n<td style=\"width: 928.578px;\">Roda a Roda<\/td>\n<td style=\"width: 215.422px;\">5,6<\/td>\n<\/tr>\n<tr>\n<td style=\"width: 928.578px;\">Domingo Legal II<\/td>\n<td style=\"width: 215.422px;\">5,0<\/td>\n<\/tr>\n<tr>\n<td style=\"width: 928.578px;\">Domingo Legal III<\/td>\n<td style=\"width: 215.422px;\">4,9<\/td>\n<\/tr>\n<tr>\n<td style=\"width: 928.578px;\">Domingo Legal I<\/td>\n<td style=\"width: 215.422px;\">4,4<\/td>\n<\/tr>\n<tr>\n<td style=\"width: 928.578px;\">Copa Sul-Americana: S\u00e3o Paulo x Bol\u00edvar<\/td>\n<td style=\"width: 215.422px;\">3,9<\/td>\n<\/tr>\n<tr>\n<td style=\"width: 928.578px;\">A Pra\u00e7a \u00c9 Nossa<\/td>\n<td style=\"width: 215.422px;\">3,3<\/td>\n<\/tr>\n<tr>\n<td style=\"width: 928.578px;\">Programa do Ratinho<\/td>\n<td style=\"width: 215.422px;\">3,0<\/td>\n<\/tr>\n<tr>\n<td style=\"width: 928.578px;\">Pronunciamento de Alexandre Padilha (Ministro da Sa\u00fade)<\/td>\n<td style=\"width: 215.422px;\">2,6<\/td>\n<\/tr>\n<tr>\n<td style=\"width: 928.578px;\">Com\u00e9dia SBT<\/td>\n<td style=\"width: 215.422px;\">2,6<\/td>\n<\/tr>\n<tr>\n\u00a0<img decoding=\"async\" loading=\"lazy\" class=\"horizontal\" src=\"https:\/\/www.europesays.com\/pt\/wp-content\/uploads\/2026\/09\/1788537757_848_band.webp\" alt=\"Logo Band\" width=\"42\" height=\"42\"\/>\u00a0<br \/>\n<\/tr>\n<tr>\n<td style=\"width: 929.484px;\">Pronunciamento de Alexandre Padilha (Ministro da Sa\u00fade)<\/td>\n<td style=\"width: 214.516px;\">2,1<\/td>\n<\/tr>\n<tr>\n<td style=\"width: 929.484px;\">Jornal da Band\u00a0<\/td>\n<td style=\"width: 214.516px;\">2,0<\/td>\n<\/tr>\n<tr>\n<td style=\"width: 929.484px;\">Band Elei\u00e7\u00f5es: Debate Presidencial<\/td>\n<td style=\"width: 214.516px;\">1,6<\/td>\n<\/tr>\n<tr>\n<td style=\"width: 929.484px;\">Jornal da Band (s\u00e1bado)<\/td>\n<td style=\"width: 214.516px;\">1,5<\/td>\n<\/tr>\n<tr>\n<td style=\"width: 929.484px;\">Brasil Urgente I<\/td>\n<td style=\"width: 214.516px;\">1,3<\/td>\n<\/tr>\n<tr>\n<td style=\"width: 929.484px;\">Planeta Selvagem<\/td>\n<td style=\"width: 214.516px;\">1,3<\/td>\n<\/tr>\n<tr>\n<td style=\"width: 929.484px;\">Guerra das Rosas<\/td>\n<td style=\"width: 214.516px;\">1,2<\/td>\n<\/tr>\n<tr>\n<td style=\"width: 929.484px;\">Jogo Aberto (manh\u00e3)<\/td>\n<td style=\"width: 214.516px;\">1,1<\/td>\n<\/tr>\n<tr>\n<td style=\"width: 929.484px;\">MasterChef Brasil 13<\/td>\n<td style=\"width: 214.516px;\">1,0<\/td>\n<\/tr>\n<tr>\n<td style=\"width: 929.484px;\">Canal Livre<\/td>\n<td style=\"width: 214.516px;\">0,9<\/td>\n<\/tr>\n<tr>\n\u00a0<img decoding=\"async\" loading=\"lazy\" class=\"horizontal\" src=\"https:\/\/www.europesays.com\/pt\/wp-content\/uploads\/2026\/09\/logo-redetv_5023.jpeg\" alt=\"Em novo hor\u00e1rio, Com\u00e9dia SBT entra em ranking dos mais assistidos do canal\"\/>\u00a0<br \/>\n<\/tr>\n<tr>\n<td style=\"width: 930.156px;\">Opera\u00e7\u00e3o de Risco II<\/td>\n<td style=\"width: 213.844px;\">0,8<\/td>\n<\/tr>\n<tr>\n<td style=\"width: 930.156px;\">Opera\u00e7\u00e3o de Risco I<\/td>\n<td style=\"width: 213.844px;\">0,7<\/td>\n<\/tr>\n<tr>\n<td style=\"width: 930.156px;\">Sensacional<\/td>\n<td style=\"width: 213.844px;\">0,7<\/td>\n<\/tr>\n<tr>\n<td style=\"width: 930.156px;\">A Tarde \u00c9 Sua<\/td>\n<td style=\"width: 213.844px;\">0,5<\/td>\n<\/tr>\n<tr>\n<td style=\"width: 930.156px;\">Superpop<\/td>\n<td style=\"width: 213.844px;\">0,5<\/td>\n<\/tr>\n<tr>\n<td style=\"width: 930.156px;\">TV Fama<\/td>\n<td style=\"width: 213.844px;\">0,5<\/td>\n<\/tr>\n<tr>\n<td style=\"width: 930.156px;\">Para Aqui<\/td>\n<td style=\"width: 213.844px;\">0,4<\/td>\n<\/tr>\n<tr>\n<td style=\"width: 930.156px;\">V\u00ea se Pode<\/td>\n<td style=\"width: 213.844px;\">0,3<\/td>\n<\/tr>\n<tr>\n<td style=\"width: 930.156px;\">Mega Sonho<\/td>\n<td style=\"width: 213.844px;\">0,3<\/td>\n<\/tr>\n<tr>\n<td style=\"width: 930.156px;\">Bastidores do Crime<\/td>\n<td style=\"width: 213.844px;\">0,3<\/td>\n<\/tr>\n","protected":false},"excerpt":{"rendered":"Remanejado para as noites de domingo, o Com\u00e9dia SBT voltou a entrar no ranking de mais assistidos do&hellip;\n","protected":false},"author":2,"featured_media":511844,"comment_status":"","ping_status":"","sticky":false,"template":"","format":"standard","meta":{"footnotes":"","_share_on_mastodon":"0"},"categories":[142],"tags":[114,115,32,33,81997,936,151,81996],"class_list":["post-511843","post","type-post","status-publish","format-standard","has-post-thumbnail","category-tv","tag-entertainment","tag-entretenimento","tag-portugal","tag-pt","tag-rodrigo-capella","tag-sbt","tag-tv","tag-victor-sarro"],"share_on_mastodon":{"url":"https:\/\/pubeurope.com\/@pt\/117213617529449491","error":""},"_links":{"self":[{"href":"https:\/\/www.europesays.com\/pt\/wp-json\/wp\/v2\/posts\/511843","targetHints":{"allow":["GET"]}}],"collection":[{"href":"https:\/\/www.europesays.com\/pt\/wp-json\/wp\/v2\/posts"}],"about":[{"href":"https:\/\/www.europesays.com\/pt\/wp-json\/wp\/v2\/types\/post"}],"author":[{"embeddable":true,"href":"https:\/\/www.europesays.com\/pt\/wp-json\/wp\/v2\/users\/2"}],"replies":[{"embeddable":true,"href":"https:\/\/www.europesays.com\/pt\/wp-json\/wp\/v2\/comments?post=511843"}],"version-history":[{"count":0,"href":"https:\/\/www.europesays.com\/pt\/wp-json\/wp\/v2\/posts\/511843\/revisions"}],"wp:featuredmedia":[{"embeddable":true,"href":"https:\/\/www.europesays.com\/pt\/wp-json\/wp\/v2\/media\/511844"}],"wp:attachment":[{"href":"https:\/\/www.europesays.com\/pt\/wp-json\/wp\/v2\/media?parent=511843"}],"wp:term":[{"taxonomy":"category","embeddable":true,"href":"https:\/\/www.europesays.com\/pt\/wp-json\/wp\/v2\/categories?post=511843"},{"taxonomy":"post_tag","embeddable":true,"href":"https:\/\/www.europesays.com\/pt\/wp-json\/wp\/v2\/tags?post=511843"}],"curies":[{"name":"wp","href":"https:\/\/api.w.org\/{rel}","templated":true}]}}