{"id":511873,"date":"2026-09-04T16:23:13","date_gmt":"2026-09-04T16:23:13","guid":{"rendered":"https:\/\/www.europesays.com\/pt\/511873\/"},"modified":"2026-09-04T16:23:13","modified_gmt":"2026-09-04T16:23:13","slug":"nao-lhes-damos-nada-a-frase-que-pode-custar-milhares-de-milhoes-a-deutsche-telekom","status":"publish","type":"post","link":"https:\/\/www.europesays.com\/pt\/511873\/","title":{"rendered":"&#8220;N\u00e3o lhes damos nada!&#8221;: a frase que pode custar milhares de milh\u00f5es \u00e0 Deutsche Telekom"},"content":{"rendered":"<p class=\"wp-caption-text top\"><a href=\"https:\/\/commons.wikimedia.org\/wiki\/File:Bonn_DTAG2.jpg\" rel=\"nofollow noopener\" data-wpel-link=\"external\" class=\"ext-link\" target=\"_blank\">Qualle \/ Wikimedia<\/a><\/p>\n<p><img loading=\"eager\" fetchpriority=\"high\" decoding=\"async\" class=\"size-kopa-image-size-3 wp-image-763249\" src=\"https:\/\/www.europesays.com\/pt\/wp-content\/uploads\/2026\/09\/7d0f69d78b188df247a4d6b2fb8509ca-783x450.jpg\" alt=\"\" width=\"700\" height=\"402\"  \/><\/p>\n<p class=\"wp-caption-text bot\">Deutsche Telekom<\/p>\n<p><strong>Mensagem do presidente executivo foi divulgada. Acionistas minorit\u00e1rios da T-Mobile US n\u00e3o gostaram. E isso n\u00e3o \u00e9 um pormenor.<\/strong><\/p>\n<p>O caso surge num momento particularmente sens\u00edvel para a Deutsche Telekom: a T-Mobile US tornou-se a principal fonte de lucros do grupo alem\u00e3o e \u00e9 hoje determinante para a sua estrat\u00e9gia internacional.<\/p>\n<p>Em 2020 ficou conclu\u00edda a fus\u00e3o entre a T-Mobile US e a Sprint; uma opera\u00e7\u00e3o que transformou profundamente o mercado de telecomunica\u00e7\u00f5es nos EUA e consolidou a posi\u00e7\u00e3o da empresa alem\u00e3 no pa\u00eds norte-americano.<\/p>\n<p>Mas agora h\u00e1 um processo judicial que poder\u00e1 ter consequ\u00eancias financeiras muito significativas para a Deutsche Telekom.<\/p>\n<p>Um julgamento pouco conhecido ofusca o maior neg\u00f3cio do CEO. <\/p>\n<p>No centro da disputa est\u00e1 uma alegada mensagem enviada em maio de 2020 pelo presidente executivo da Deutsche Telekom, Timotheus H\u00f6ttges, ao seu conselheiro e confidente Thorsten Langheim, agora membro do conselho da empresa nos EUA.<\/p>\n<p>Na mensagem, citada no <a href=\"https:\/\/www.handelsblatt.com\/technik\/it-internet\/telekom-mutmassliche-sms-von-hoettges-koennte-milliarden-kosten-konzern-schweigt\/100248712.html\" data-wpel-link=\"external\" rel=\"noopener nofollow\" class=\"ext-link\" target=\"_blank\">Handelsblatt<\/a>, H\u00f6ttges ter\u00e1 escrito <strong>\u201cN\u00e3o lhes damos nada!!!\u201d<\/strong>, numa refer\u00eancia aos acionistas minorit\u00e1rios da T-Mobile US.<\/p>\n<p>Essa mensagem \u00e9 agora apontada como uma pe\u00e7a importante num processo movido por acionistas que contestam a forma como os seus interesses foram tratados durante a opera\u00e7\u00e3o.<\/p>\n<p>O caso ganhou particular relev\u00e2ncia porque H\u00f6ttges prestou depoimento sob juramento durante dois dias, em janeiro de 2025, numa audi\u00eancia realizada nos escrit\u00f3rios de uma sociedade de advogados em Londres.<\/p>\n<p>Segundo o jornal alem\u00e3o, o processo poder\u00e1 custar milhares de milh\u00f5es de euros \u00e0 Deutsche Telekom, caso os tribunais deem raz\u00e3o aos acionistas.<\/p>\n<p>Para complicar a situa\u00e7\u00e3o, a empresa enfrenta ainda alega\u00e7\u00f5es relacionadas com gestores da SoftBank, ent\u00e3o respons\u00e1vel pelo controlo da Sprint, suspeitos de utilizarem fundos da empresa para obter informa\u00e7\u00f5es privilegiadas.<\/p>\n","protected":false},"excerpt":{"rendered":"Qualle \/ Wikimedia Deutsche Telekom Mensagem do presidente executivo foi divulgada. Acionistas minorit\u00e1rios da T-Mobile US n\u00e3o gostaram.&hellip;\n","protected":false},"author":2,"featured_media":511874,"comment_status":"","ping_status":"","sticky":false,"template":"","format":"standard","meta":{"footnotes":"","_share_on_mastodon":"0"},"categories":[83],"tags":[1305,88,89,2384,90,413,603,32,33,8649],"class_list":["post-511873","post","type-post","status-publish","format-standard","has-post-thumbnail","category-empresas","tag-alemanha","tag-business","tag-economy","tag-empresa","tag-empresas","tag-eua","tag-justica","tag-portugal","tag-pt","tag-telecomunicacoes"],"share_on_mastodon":{"url":"https:\/\/pubeurope.com\/@pt\/117213699720459634","error":""},"_links":{"self":[{"href":"https:\/\/www.europesays.com\/pt\/wp-json\/wp\/v2\/posts\/511873","targetHints":{"allow":["GET"]}}],"collection":[{"href":"https:\/\/www.europesays.com\/pt\/wp-json\/wp\/v2\/posts"}],"about":[{"href":"https:\/\/www.europesays.com\/pt\/wp-json\/wp\/v2\/types\/post"}],"author":[{"embeddable":true,"href":"https:\/\/www.europesays.com\/pt\/wp-json\/wp\/v2\/users\/2"}],"replies":[{"embeddable":true,"href":"https:\/\/www.europesays.com\/pt\/wp-json\/wp\/v2\/comments?post=511873"}],"version-history":[{"count":0,"href":"https:\/\/www.europesays.com\/pt\/wp-json\/wp\/v2\/posts\/511873\/revisions"}],"wp:featuredmedia":[{"embeddable":true,"href":"https:\/\/www.europesays.com\/pt\/wp-json\/wp\/v2\/media\/511874"}],"wp:attachment":[{"href":"https:\/\/www.europesays.com\/pt\/wp-json\/wp\/v2\/media?parent=511873"}],"wp:term":[{"taxonomy":"category","embeddable":true,"href":"https:\/\/www.europesays.com\/pt\/wp-json\/wp\/v2\/categories?post=511873"},{"taxonomy":"post_tag","embeddable":true,"href":"https:\/\/www.europesays.com\/pt\/wp-json\/wp\/v2\/tags?post=511873"}],"curies":[{"name":"wp","href":"https:\/\/api.w.org\/{rel}","templated":true}]}}