{"id":511883,"date":"2026-09-04T16:34:36","date_gmt":"2026-09-04T16:34:36","guid":{"rendered":"https:\/\/www.europesays.com\/pt\/511883\/"},"modified":"2026-09-04T16:34:36","modified_gmt":"2026-09-04T16:34:36","slug":"depois-de-single-e-ep-lisa-anuncia-o-filme-always-lalisa-veja-agenda-solo-das-integrantes-do-blackpink","status":"publish","type":"post","link":"https:\/\/www.europesays.com\/pt\/511883\/","title":{"rendered":"Depois de single e EP, Lisa anuncia o filme &#8220;Always Lalisa&#8221;: veja agenda solo das integrantes do BLACKPINK"},"content":{"rendered":"<p class=\"wp-block-paragraph\"><strong><a href=\"https:\/\/portalpopline.com.br\/blackpink\/\" data-type=\"category\" data-id=\"15230\" rel=\"nofollow noopener\" target=\"_blank\">Lisa<\/a><\/strong>, integrante do <strong><a href=\"https:\/\/portalpopline.com.br\/blackpink\/\" data-type=\"category\" data-id=\"15230\" rel=\"nofollow noopener\" target=\"_blank\">BLACKPINK<\/a><\/strong>, confirmou a expans\u00e3o de seus projetos individuais com o an\u00fancio do document\u00e1rio <strong>\u201cAlways Lalisa\u201d<\/strong>. Dirigido por<strong> Sue Kim<\/strong> e produzido pela Sony Music Vision, o filme retrata um ano decisivo na carreira da artista, cobrindo sua independ\u00eancia em rela\u00e7\u00e3o ao grupo, novos trabalhos no mercado pop global e o in\u00edcio de sua trajet\u00f3ria como atriz.<\/p>\n<p><img loading=\"lazy\" decoding=\"async\" width=\"1320\" height=\"1320\" src=\"data:image\/svg+xml,%3Csvg%20xmlns=\" http:=\"\" alt=\"Membros do BLACKPINK focam na carreira solo: Lisa anuncia single e EP solo ap\u00f3s Jennie e Jisoo\" class=\"wp-image-3440207\" data-lazy- data-lazy- data-lazy-src=\"https:\/\/www.europesays.com\/pt\/wp-content\/uploads\/2026\/09\/lisa-press-play-1320x1320.jpg\"\/>(Foto: Divulga\u00e7\u00e3o)<\/p>\n<p class=\"wp-block-paragraph\">O longa <a href=\"https:\/\/portalpopline.com.br\/lisa-blackpink-documentario-solo\/\" rel=\"nofollow noopener\" target=\"_blank\">far\u00e1 sua estreia mundial no Festival Internacional de Cinema de Toronto (TIFF) antes de chegar \u00e0s salas de cinema e IMAX no dia 12 de outubro de 2026<\/a>, sob distribui\u00e7\u00e3o da Trafalgar Releasing. Para os f\u00e3s brasileiros, a produtora LLOUD sinalizou nas redes sociais o lan\u00e7amento no pa\u00eds. O projeto tamb\u00e9m tem exibi\u00e7\u00e3o confirmada na plataforma YouTube Premium no segundo semestre de 2026, ap\u00f3s a janela de exibi\u00e7\u00e3o nos cinemas.<\/p>\n<p>Lisa no segundo semestre de 2026: chegada do EP \u201cPress Play\u201d e do single \u201cSaWaDiKa\u201d<\/p>\n<p class=\"wp-block-paragraph\">Al\u00e9m das telonas, o cronograma musical da artista conta com lan\u00e7amentos estrat\u00e9gicos. <strong>Lisa <\/strong>apresenta o single \u201cSaWaDiKa\u201d neste dia 03 de setembro, faixa de trabalho que antecede o lan\u00e7amento do EP<strong> \u201cPress Play\u201d<\/strong>, agendado para 23 de outubro.<\/p>\n<p class=\"wp-block-paragraph\">J\u00e1 dispon\u00edvel para pr\u00e9-save nos servi\u00e7os de streaming, o projeto conta com seis faixas. O material promocional destaca que o trabalho presta homenagem \u00e0s ra\u00edzes da cantora na Tail\u00e2ndia e registra sua consolida\u00e7\u00e3o como \u00edcone global.<\/p>\n","protected":false},"excerpt":{"rendered":"Lisa, integrante do BLACKPINK, confirmou a expans\u00e3o de seus projetos individuais com o an\u00fancio do document\u00e1rio \u201cAlways Lalisa\u201d.&hellip;\n","protected":false},"author":2,"featured_media":511884,"comment_status":"","ping_status":"","sticky":false,"template":"","format":"standard","meta":{"footnotes":"","_share_on_mastodon":"0"},"categories":[141],"tags":[81998,3194,269,470,1414,114,115,8002,8004,1688,9984,149,150,32,81999,33,82000,16843],"class_list":["post-511883","post","type-post","status-publish","format-standard","has-post-thumbnail","category-musica","tag-always-lalisa","tag-blackpink","tag-capa","tag-cinema","tag-documentario","tag-entertainment","tag-entretenimento","tag-jennie","tag-jisoo","tag-k-pop","tag-lisa","tag-music","tag-musica","tag-portugal","tag-press-play","tag-pt","tag-sawadika","tag-youtube-premium"],"share_on_mastodon":{"url":"https:\/\/pubeurope.com\/@pt\/117213742153373129","error":""},"_links":{"self":[{"href":"https:\/\/www.europesays.com\/pt\/wp-json\/wp\/v2\/posts\/511883","targetHints":{"allow":["GET"]}}],"collection":[{"href":"https:\/\/www.europesays.com\/pt\/wp-json\/wp\/v2\/posts"}],"about":[{"href":"https:\/\/www.europesays.com\/pt\/wp-json\/wp\/v2\/types\/post"}],"author":[{"embeddable":true,"href":"https:\/\/www.europesays.com\/pt\/wp-json\/wp\/v2\/users\/2"}],"replies":[{"embeddable":true,"href":"https:\/\/www.europesays.com\/pt\/wp-json\/wp\/v2\/comments?post=511883"}],"version-history":[{"count":0,"href":"https:\/\/www.europesays.com\/pt\/wp-json\/wp\/v2\/posts\/511883\/revisions"}],"wp:featuredmedia":[{"embeddable":true,"href":"https:\/\/www.europesays.com\/pt\/wp-json\/wp\/v2\/media\/511884"}],"wp:attachment":[{"href":"https:\/\/www.europesays.com\/pt\/wp-json\/wp\/v2\/media?parent=511883"}],"wp:term":[{"taxonomy":"category","embeddable":true,"href":"https:\/\/www.europesays.com\/pt\/wp-json\/wp\/v2\/categories?post=511883"},{"taxonomy":"post_tag","embeddable":true,"href":"https:\/\/www.europesays.com\/pt\/wp-json\/wp\/v2\/tags?post=511883"}],"curies":[{"name":"wp","href":"https:\/\/api.w.org\/{rel}","templated":true}]}}