{"id":511895,"date":"2026-09-04T16:40:11","date_gmt":"2026-09-04T16:40:11","guid":{"rendered":"https:\/\/www.europesays.com\/pt\/511895\/"},"modified":"2026-09-04T16:40:11","modified_gmt":"2026-09-04T16:40:11","slug":"tao-ou-mais-inteligente-que-o-ser-humano-openai-anuncia-a-chegada-a-uma-nova-era-a-da-agi","status":"publish","type":"post","link":"https:\/\/www.europesays.com\/pt\/511895\/","title":{"rendered":"T\u00e3o ou mais inteligente que o ser humano: OpenAI anuncia a chegada a uma nova era, a da AGI"},"content":{"rendered":"<p>                O mundo ainda est\u00e1 a tentar perceber qu\u00e3o grave foi o problema causado por sistemas de Intelig\u00eancia Artificial nesta mesma empresa, mas o an\u00fancio do Astra pode fazer esquecer isso<\/p>\n<p style=\"margin-bottom:11px\">Numa altura em que grande parte do mundo ainda tenta perceber ao certo o que \u00e9 a Intelig\u00eancia Artificial (IA), a OpenAI acaba de nos atirar com um novo conceito.<\/p>\n<p>Bem-vindo \u00e0 AGI, sigla inglesa para Intelig\u00eancia Artificial Geral. Trata-se do novo conceito da empresa norte-americana, que continua a tentar dar passos no sentido de liderar o setor mais emergente da economia mundial.<\/p>\n<p>De acordo com o presidente da OpenAI, o mundo entrou nesta nova era, a da AGI, depois de a empresa ter divulgado o seu modelo mais recente, o Astra, que o pr\u00f3prio Greg Brockman definiou como \u201co modelo mais inteligente e alinhado do mundo\u201d.<\/p>\n<p>Declara\u00e7\u00f5es feitas a partir de S\u00e3o Francisco, onde o modelo foi divulgado apenas algumas semanas depois do <a href=\"https:\/\/cnnportugal.iol.pt\/ia\/inteligencia-artificial\/a-ia-fugiu-do-laboratorio-eis-o-que-realmente-aconteceu-na-openai-e-porque-o-verdadeiro-perigo-pode-ser-outro\/20260722\/6a61066ed34e511da0b2f23b\" target=\"_blank\" rel=\"nofollow noopener\">caso mais grave relacionado com a IA<\/a>, e que viu modelos aut\u00f3nomos a conseguirem furar o controlo humano para agirem sozinhos e fazerem coisas que n\u00e3o era suposto.<\/p>\n<p>O caso foi t\u00e3o grave que a preocupa\u00e7\u00e3o internacional levou a OpenAI a fazer uma pausa no treino do Astra, que agora chega com este an\u00fancio enigm\u00e1tico de uma nova era.<\/p>\n<p>O conceito de AGI em si n\u00e3o \u00e9 novo, mas a sua exist\u00eancia sim. H\u00e1 muito que se discute este objetivo para a ind\u00fastria, que define este patamar como aquele em que a IA vai passar a conseguir aprender, raciocinar e aplicar o conhecimento numa vasta gama de tarefas e dom\u00ednios a um n\u00edvel igual ou superior ao humano.<\/p>\n<p>De acordo com a OpenAI, trata-se de \u201csistemas aut\u00f3nomos que superam os humanos em trabalhos economicamente mais valiosos\u201d.<\/p>\n<p>&#8220;Se avan\u00e7armos alguns anos e olharmos para tr\u00e1s, quando nos perguntarmos quando \u00e9 que a Intelig\u00eancia Artificial Geral (AGI) foi realmente criada, penso que ser\u00e1 por volta desta altura, e penso que poder\u00e1 ser por volta deste modelo\u201d, afirmou Greg Brockman.<\/p>\n<p>Na tentativa de fazer o comum mortal perceber melhor o que estava em causa, o respons\u00e1vel da OpenAI referiu que estes novos modelos j\u00e1 ser\u00e3o capazes de resolver problemas matem\u00e1ticos \u201cn\u00e3o resolvidos h\u00e1 100 anos\u201d.<\/p>\n<p>Al\u00e9m disso, garantiu, a AGI tamb\u00e9m poder\u00e1 ser utilizada para \u201cacelerar a economia e para o beneficiar a si e \u00e0 sua vida pessoal\u201d.<\/p>\n<p>\u201cPenso que n\u00e3o \u00e9 descabido sentir que estamos na era da Intelig\u00eancia Artificial Geral (AGI)\u201d, completou.<\/p>\n<p>Na pr\u00e1tica, referiu Greg Brockman, o Astra vai permitir \u201cum grande avan\u00e7o na descoberta cient\u00edfica, matem\u00e1tica e sa\u00fade\u201d. Mais concretamente, o respons\u00e1vel da OpenAI sublinhou que o modelo poder\u00e1 ajudar em quest\u00f5es como impostos, a construir jogos de computador, a desenhar visualiza\u00e7\u00f5es arquitet\u00f3nicas ou at\u00e9 coisas t\u00e3o simples como pedir comida. Num exemplo ainda mais concreto, uma simples procura de trabalho que demoraria cinco horas para um humano \u00e9 feita pelo Astra em dois minutos e 51 segundos.<\/p>\n","protected":false},"excerpt":{"rendered":"O mundo ainda est\u00e1 a tentar perceber qu\u00e3o grave foi o problema causado por sistemas de Intelig\u00eancia Artificial&hellip;\n","protected":false},"author":2,"featured_media":511896,"comment_status":"","ping_status":"","sticky":false,"template":"","format":"standard","meta":{"footnotes":"","_share_on_mastodon":"0"},"categories":[83],"tags":[10283,609,836,611,81763,27,88,607,608,333,832,604,135,610,476,89,90,301,64104,830,933,603,570,831,833,62,834,13,2430,835,602,52,32,33,29],"class_list":["post-511895","post","type-post","status-publish","format-standard","has-post-thumbnail","category-empresas","tag-agi","tag-alerta","tag-analise","tag-ao-minuto","tag-astra","tag-breaking-news","tag-business","tag-cnn","tag-cnn-portugal","tag-comentadores","tag-costa","tag-crime","tag-desporto","tag-direto","tag-economia","tag-economy","tag-empresas","tag-governo","tag-greg-brockman","tag-guerra","tag-inteligencia-artificial","tag-justica","tag-live","tag-mais-vistas","tag-marcelo","tag-mundo","tag-negocios","tag-noticias","tag-openai","tag-opiniao","tag-pais","tag-politica","tag-portugal","tag-pt","tag-ultimas"],"share_on_mastodon":{"url":"https:\/\/pubeurope.com\/@pt\/117213765593874313","error":""},"_links":{"self":[{"href":"https:\/\/www.europesays.com\/pt\/wp-json\/wp\/v2\/posts\/511895","targetHints":{"allow":["GET"]}}],"collection":[{"href":"https:\/\/www.europesays.com\/pt\/wp-json\/wp\/v2\/posts"}],"about":[{"href":"https:\/\/www.europesays.com\/pt\/wp-json\/wp\/v2\/types\/post"}],"author":[{"embeddable":true,"href":"https:\/\/www.europesays.com\/pt\/wp-json\/wp\/v2\/users\/2"}],"replies":[{"embeddable":true,"href":"https:\/\/www.europesays.com\/pt\/wp-json\/wp\/v2\/comments?post=511895"}],"version-history":[{"count":0,"href":"https:\/\/www.europesays.com\/pt\/wp-json\/wp\/v2\/posts\/511895\/revisions"}],"wp:featuredmedia":[{"embeddable":true,"href":"https:\/\/www.europesays.com\/pt\/wp-json\/wp\/v2\/media\/511896"}],"wp:attachment":[{"href":"https:\/\/www.europesays.com\/pt\/wp-json\/wp\/v2\/media?parent=511895"}],"wp:term":[{"taxonomy":"category","embeddable":true,"href":"https:\/\/www.europesays.com\/pt\/wp-json\/wp\/v2\/categories?post=511895"},{"taxonomy":"post_tag","embeddable":true,"href":"https:\/\/www.europesays.com\/pt\/wp-json\/wp\/v2\/tags?post=511895"}],"curies":[{"name":"wp","href":"https:\/\/api.w.org\/{rel}","templated":true}]}}