{"id":51193,"date":"2025-08-30T07:54:12","date_gmt":"2025-08-30T07:54:12","guid":{"rendered":"https:\/\/www.europesays.com\/pt\/51193\/"},"modified":"2025-08-30T07:54:12","modified_gmt":"2025-08-30T07:54:12","slug":"gouveia-e-melo-critica-marcelo-por-considerar-trump-um-activo-sovietico-presidencia-da-republica","status":"publish","type":"post","link":"https:\/\/www.europesays.com\/pt\/51193\/","title":{"rendered":"Gouveia e Melo critica Marcelo por considerar Trump um \u201cactivo sovi\u00e9tico\u201d | Presid\u00eancia da Rep\u00fablica"},"content":{"rendered":"<p>O candidato presidencial Henrique Gouveia e Melo criticou esta sexta-feira Marcelo Rebelo de Sousa por ter classificado Donald Trump como \u201cactivo sovi\u00e9tico\u201d, defendendo que um Presidente n\u00e3o deve fazer coment\u00e1rios pessoais porque representa o Estado portugu\u00eas.<\/p>\n<p>\u201cO Presidente n\u00e3o deve fazer coment\u00e1rios pessoais ou de \u00edndole pessoal, porque representa o Estado portugu\u00eas, e n\u00f3s somos um Estado aliado do Estado norte-americano\u201d, disse aos jornalistas Gouveia e Melo em Lagoa, no Algarve.<\/p>\n<p>O candidato presidencial reagia assim \u00e0s declara\u00e7\u00f5es de Marcelo Rebelo de Sousa na Universidade de Ver\u00e3o do PSD, na quarta-feira, quando considerou que <a href=\"https:\/\/www.publico.pt\/2025\/08\/27\/politica\/noticia\/presidente-republica-considera-trump-activo-sovietico-2145187\" target=\"_blank\" rel=\"nofollow noopener\">o Presidente dos Estados Unidos da Am\u00e9rica actua como \u201cum activo sovi\u00e9tico\u201d<\/a> que tem &#8220;favorecido estrategicamente a Federa\u00e7\u00e3o Russa\u201d no conflito com a Ucr\u00e2nia.<\/p>\n<p>Em declara\u00e7\u00f5es \u00e0 margem da visita \u00e0 Fatacil \u2013 Feira de Artesanato, Turismo, Com\u00e9rcio e Ind\u00fastria de Lagoa, no Algarve, o candidato presidencial afirmou que \u201cquem define a pol\u00edtica externa \u00e9 o Governo, portanto, o Presidente da Rep\u00fablica \u00e9 s\u00f3 um representante dessa pol\u00edtica\u201d.<\/p>\n<p>Questionado sobre se as declara\u00e7\u00f5es de Marcelo Rebelo de Sousa podem <a href=\"https:\/\/www.publico.pt\/2025\/08\/29\/politica\/noticia\/lider-il-marcelo-fez-falar-trump-2145448\" target=\"_blank\" rel=\"nofollow noopener\">desencadear um conflito diplom\u00e1tico<\/a>, Gouveia e Melo notou \u201cque s\u00f3 os norte-americanos poder\u00e3o decidir sobre isso\u201d.<\/p>\n<p>\u201cN\u00f3s somos um aliado dos Estados Unidos da Am\u00e9rica e vivemos momentos conturbados na ordem internacional e conv\u00e9m manter as nossas alian\u00e7as nos momentos mais cr\u00edticos\u201d, real\u00e7ou.<\/p>\n<p>        &#13;<\/p>\n<p>&#13;<br \/>\n                &#13;\n            <\/p>\n<p>&#13;<\/p>\n<p>Relativamente \u00e0s comemora\u00e7\u00f5es da data de 25 de Novembro, proposta pelo Governo, Henrique Gouveia e Melo considerou a \u201cdata importante, embora o 25 de Abril, tenha outra dimens\u00e3o, que foi a queda de um regime com quase 50 anos\u201d.<\/p>\n<p>\u201cO 25 de Novembro foi a correc\u00e7\u00e3o de uma traject\u00f3ria que poderia ter sido outra vez uma traject\u00f3ria para uma ditadura de esquerda e acho que devemos dar import\u00e2ncia \u00e0s duas datas\u201d, apontou, ressalvando que a data de 25 de Abril \u201ctem mais relev\u00e2ncia\u201d.<\/p>\n<p>\u201cUma n\u00e3o vive sem a outra. Sem o 25 de Novembro se calhar n\u00e3o ter\u00edamos a democracia que temos hoje\u201d, concluiu.<\/p>\n","protected":false},"excerpt":{"rendered":"O candidato presidencial Henrique Gouveia e Melo criticou esta sexta-feira Marcelo Rebelo de Sousa por ter classificado Donald&hellip;\n","protected":false},"author":2,"featured_media":51194,"comment_status":"","ping_status":"","sticky":false,"template":"","format":"standard","meta":{"footnotes":""},"categories":[10],"tags":[27,28,92,15,16,9498,14,25,26,21,22,588,12,13,19,20,52,32,14937,1963,23,24,33,17,18,29,30,31],"class_list":{"0":"post-51193","1":"post","2":"type-post","3":"status-publish","4":"format-standard","5":"has-post-thumbnail","7":"category-portugal","8":"tag-breaking-news","9":"tag-breakingnews","10":"tag-donald-trump","11":"tag-featured-news","12":"tag-featurednews","13":"tag-gouveia-e-melo","14":"tag-headlines","15":"tag-latest-news","16":"tag-latestnews","17":"tag-main-news","18":"tag-mainnews","19":"tag-marcelo-rebelo-de-sousa","20":"tag-news","21":"tag-noticias","22":"tag-noticias-principais","23":"tag-noticiasprincipais","24":"tag-politica","25":"tag-portugal","26":"tag-presidencia-da-republica","27":"tag-presidente-da-republica","28":"tag-principais-noticias","29":"tag-principaisnoticias","30":"tag-pt","31":"tag-top-stories","32":"tag-topstories","33":"tag-ultimas","34":"tag-ultimas-noticias","35":"tag-ultimasnoticias"},"share_on_mastodon":{"url":"","error":""},"_links":{"self":[{"href":"https:\/\/www.europesays.com\/pt\/wp-json\/wp\/v2\/posts\/51193","targetHints":{"allow":["GET"]}}],"collection":[{"href":"https:\/\/www.europesays.com\/pt\/wp-json\/wp\/v2\/posts"}],"about":[{"href":"https:\/\/www.europesays.com\/pt\/wp-json\/wp\/v2\/types\/post"}],"author":[{"embeddable":true,"href":"https:\/\/www.europesays.com\/pt\/wp-json\/wp\/v2\/users\/2"}],"replies":[{"embeddable":true,"href":"https:\/\/www.europesays.com\/pt\/wp-json\/wp\/v2\/comments?post=51193"}],"version-history":[{"count":0,"href":"https:\/\/www.europesays.com\/pt\/wp-json\/wp\/v2\/posts\/51193\/revisions"}],"wp:featuredmedia":[{"embeddable":true,"href":"https:\/\/www.europesays.com\/pt\/wp-json\/wp\/v2\/media\/51194"}],"wp:attachment":[{"href":"https:\/\/www.europesays.com\/pt\/wp-json\/wp\/v2\/media?parent=51193"}],"wp:term":[{"taxonomy":"category","embeddable":true,"href":"https:\/\/www.europesays.com\/pt\/wp-json\/wp\/v2\/categories?post=51193"},{"taxonomy":"post_tag","embeddable":true,"href":"https:\/\/www.europesays.com\/pt\/wp-json\/wp\/v2\/tags?post=51193"}],"curies":[{"name":"wp","href":"https:\/\/api.w.org\/{rel}","templated":true}]}}