{"id":511933,"date":"2026-09-04T17:19:15","date_gmt":"2026-09-04T17:19:15","guid":{"rendered":"https:\/\/www.europesays.com\/pt\/511933\/"},"modified":"2026-09-04T17:19:15","modified_gmt":"2026-09-04T17:19:15","slug":"tv-gazeta-coloca-lucas-gentil-para-comandar-emissora-04-09-2026-outro-canal","status":"publish","type":"post","link":"https:\/\/www.europesays.com\/pt\/511933\/","title":{"rendered":"TV Gazeta coloca Lucas Gentil para comandar emissora &#8211; 04\/09\/2026 &#8211; Outro Canal"},"content":{"rendered":"<p>\n<strong class=\"c-signature__location\">Aracaju <\/strong>\n<\/p>\n<p>A <a href=\"https:\/\/f5.folha.uol.com.br\/colunistas\/outro-canal\/2025\/12\/tv-gazeta-demite-apresentadora-carol-minhoto-apos-19-anos-e-acaba-com-voce-bonita.shtml\" rel=\"nofollow noopener\" target=\"\">TV Gazeta<\/a> escolheu Lucas Gentil, ex-executivo do <a href=\"https:\/\/www1.folha.uol.com.br\/folha-topicos\/sbt\/\" rel=\"nofollow noopener\" target=\"_blank\">SBT<\/a>, para ser seu novo superintendente-geral. A fun\u00e7\u00e3o, inicialmente interina, pode se tornar efetiva nos pr\u00f3ximos meses. Gentil j\u00e1 \u00e9, desde o ano passado, diretor art\u00edstico e de programa\u00e7\u00e3o do canal da Funda\u00e7\u00e3o C\u00e1sper L\u00edbero.<\/p>\n<p>  <a href=\"https:\/\/f5.folha.uol.com.br\/colunistas\/outro-canal\/\" rel=\"nofollow noopener\" target=\"_blank\"><br \/>\n    <img decoding=\"async\" src=\"https:\/\/www.europesays.com\/pt\/wp-content\/uploads\/2026\/09\/1788542355_195_172599691166e09f6f54fe2_1725996911_1x1_xs.jpg\" alt=\"Foto de Outro Canal\" class=\"img-responsive c-lazyload\"\/><\/p>\n<p>  <\/a><\/p>\n<p class=\"author__description\">\n    Cobre diariamente os bastidores das novelas, do telejornalismo e da m\u00eddia esportiva. Tem como titular o jornalista Gabriel Vaquer\n  <\/p>\n","protected":false},"excerpt":{"rendered":"Aracaju A TV Gazeta escolheu Lucas Gentil, ex-executivo do SBT, para ser seu novo superintendente-geral. A fun\u00e7\u00e3o, inicialmente&hellip;\n","protected":false},"author":2,"featured_media":511934,"comment_status":"","ping_status":"","sticky":false,"template":"","format":"standard","meta":{"footnotes":"","_share_on_mastodon":"0"},"categories":[142],"tags":[219,211,223,5296,114,115,224,225,226,221,220,222,32,33,218,228,151,16330,227],"class_list":["post-511933","post","type-post","status-publish","format-standard","has-post-thumbnail","category-tv","tag-bichos","tag-celebridades","tag-colunistas","tag-discovery","tag-entertainment","tag-entretenimento","tag-estranho","tag-eu-amo","tag-fofices","tag-horoscopo","tag-humanos","tag-humor","tag-portugal","tag-pt","tag-televisao","tag-tudo","tag-tv","tag-tv-gazeta","tag-videos"],"share_on_mastodon":{"url":"https:\/\/pubeurope.com\/@pt\/117213919688673491","error":""},"_links":{"self":[{"href":"https:\/\/www.europesays.com\/pt\/wp-json\/wp\/v2\/posts\/511933","targetHints":{"allow":["GET"]}}],"collection":[{"href":"https:\/\/www.europesays.com\/pt\/wp-json\/wp\/v2\/posts"}],"about":[{"href":"https:\/\/www.europesays.com\/pt\/wp-json\/wp\/v2\/types\/post"}],"author":[{"embeddable":true,"href":"https:\/\/www.europesays.com\/pt\/wp-json\/wp\/v2\/users\/2"}],"replies":[{"embeddable":true,"href":"https:\/\/www.europesays.com\/pt\/wp-json\/wp\/v2\/comments?post=511933"}],"version-history":[{"count":0,"href":"https:\/\/www.europesays.com\/pt\/wp-json\/wp\/v2\/posts\/511933\/revisions"}],"wp:featuredmedia":[{"embeddable":true,"href":"https:\/\/www.europesays.com\/pt\/wp-json\/wp\/v2\/media\/511934"}],"wp:attachment":[{"href":"https:\/\/www.europesays.com\/pt\/wp-json\/wp\/v2\/media?parent=511933"}],"wp:term":[{"taxonomy":"category","embeddable":true,"href":"https:\/\/www.europesays.com\/pt\/wp-json\/wp\/v2\/categories?post=511933"},{"taxonomy":"post_tag","embeddable":true,"href":"https:\/\/www.europesays.com\/pt\/wp-json\/wp\/v2\/tags?post=511933"}],"curies":[{"name":"wp","href":"https:\/\/api.w.org\/{rel}","templated":true}]}}