{"id":51195,"date":"2025-08-30T07:55:12","date_gmt":"2025-08-30T07:55:12","guid":{"rendered":"https:\/\/www.europesays.com\/pt\/51195\/"},"modified":"2025-08-30T07:55:12","modified_gmt":"2025-08-30T07:55:12","slug":"rui-costa-grato-muito-feliz-e-emocionado-como-poucas-vezes-estive","status":"publish","type":"post","link":"https:\/\/www.europesays.com\/pt\/51195\/","title":{"rendered":"Rui Costa: \u00abGrato, muito feliz e emocionado como poucas vezes estive\u00bb"},"content":{"rendered":"<p>Dois dias ap\u00f3s o apuramento do Benfica para a Liga dos Campe\u00f5es, que vai permitir a entrada nos cofres de <a href=\"https:\/\/maisfutebol.iol.pt\/liga-dos-campeoes\/liga-campeoes\/champions-afinal-quantos-milhoes-recebem-benfica-e-sporting\" rel=\"nofollow noopener\" target=\"_blank\"><strong>quase 45 milh\u00f5es de euros<\/strong><\/a>, o clube encarnado divulgou os bastidores dos dois jogos com o Fenerbah\u00e7e.<\/p>\n<p>Na Turquia, Richard R\u00edos deu o mote ainda no t\u00fanel de acesso aos balne\u00e1rios ap\u00f3s o jogo. \u00abMatamo-los em casa, em casa matamo-los\u00bb, apontou o m\u00e9dio colombiano, refor\u00e7o das \u00e1guias neste ver\u00e3o.<\/p>\n<p>Na Luz, Rui Costa esteve no balne\u00e1rio antes e ap\u00f3s o jogo decisivo. No fim, ap\u00f3s o apuramento garantido com um golo de Kerem Akt\u00fcrkoglu<strong> (<a href=\"https:\/\/maisfutebol.iol.pt\/benfica\/oficial\/oficial-akturkoglu-no-fenerbahce-por-22-5-milhoes-de-euros\" rel=\"nofollow noopener\" target=\"_blank\">entretanto com transfer\u00eancia acordada para o Fenerbah\u00e7e<\/a>)<\/strong>, o presidente do Benfica n\u00e3o escondeu a emo\u00e7\u00e3o, tendo lembrado os desafios superados num arranque de \u00e9poca poucos dias ap\u00f3s o regresso de umas f\u00e9rias que tiveram de ser muito mais curtas do que o habitual devido \u00e0 participa\u00e7\u00e3o da equipa no Mundial de Clubes.<\/p>\n<p>\u00abA Liga dos Campe\u00f5es \u00e9 onde o Benfica tem de estar. Para n\u00f3s, tem de ser natural chegar \u00e0 Liga dos Campe\u00f5es. O que n\u00e3o \u00e9 natural \u00e9 esta equipa n\u00e3o ter tido f\u00e9rias, n\u00e3o ter tido tempo para fazer pr\u00e9-temporada, ter ganhado j\u00e1 a Superta\u00e7a e estar na Liga dos Campe\u00f5es. E isso eu n\u00e3o esque\u00e7o! S\u00f3 voc\u00eas sabem o que tiveram de fazer para se apresentarem hoje desta maneira. E eu estou muito grato! Obrigado em meu nome e em nome de todos os adeptos do Benfica, que tamb\u00e9m merecem estar na Liga dos Campe\u00f5es. Estou grato, muito feliz e emocionado como poucas vezes estive na vida. Porque voc\u00eas mereceram e fizeram por isto. Estou grato em nome de todo o Benfica!\u00bb<\/p>\n","protected":false},"excerpt":{"rendered":"Dois dias ap\u00f3s o apuramento do Benfica para a Liga dos Campe\u00f5es, que vai permitir a entrada nos&hellip;\n","protected":false},"author":2,"featured_media":51196,"comment_status":"","ping_status":"","sticky":false,"template":"","format":"standard","meta":{"footnotes":""},"categories":[8],"tags":[51,27,28,5043,15,16,14,25,26,7706,21,22,46,12,13,19,20,32,23,24,33,47,6058,17,18,29,30,31],"class_list":{"0":"post-51195","1":"post","2":"type-post","3":"status-publish","4":"format-standard","5":"has-post-thumbnail","7":"category-principais-noticias","8":"tag-benfica","9":"tag-breaking-news","10":"tag-breakingnews","11":"tag-champions","12":"tag-featured-news","13":"tag-featurednews","14":"tag-headlines","15":"tag-latest-news","16":"tag-latestnews","17":"tag-liga-campeoes","18":"tag-main-news","19":"tag-mainnews","20":"tag-maisfutebol","21":"tag-news","22":"tag-noticias","23":"tag-noticias-principais","24":"tag-noticiasprincipais","25":"tag-portugal","26":"tag-principais-noticias","27":"tag-principaisnoticias","28":"tag-pt","29":"tag-pura-paixao","30":"tag-rui-costa","31":"tag-top-stories","32":"tag-topstories","33":"tag-ultimas","34":"tag-ultimas-noticias","35":"tag-ultimasnoticias"},"share_on_mastodon":{"url":"","error":""},"_links":{"self":[{"href":"https:\/\/www.europesays.com\/pt\/wp-json\/wp\/v2\/posts\/51195","targetHints":{"allow":["GET"]}}],"collection":[{"href":"https:\/\/www.europesays.com\/pt\/wp-json\/wp\/v2\/posts"}],"about":[{"href":"https:\/\/www.europesays.com\/pt\/wp-json\/wp\/v2\/types\/post"}],"author":[{"embeddable":true,"href":"https:\/\/www.europesays.com\/pt\/wp-json\/wp\/v2\/users\/2"}],"replies":[{"embeddable":true,"href":"https:\/\/www.europesays.com\/pt\/wp-json\/wp\/v2\/comments?post=51195"}],"version-history":[{"count":0,"href":"https:\/\/www.europesays.com\/pt\/wp-json\/wp\/v2\/posts\/51195\/revisions"}],"wp:featuredmedia":[{"embeddable":true,"href":"https:\/\/www.europesays.com\/pt\/wp-json\/wp\/v2\/media\/51196"}],"wp:attachment":[{"href":"https:\/\/www.europesays.com\/pt\/wp-json\/wp\/v2\/media?parent=51195"}],"wp:term":[{"taxonomy":"category","embeddable":true,"href":"https:\/\/www.europesays.com\/pt\/wp-json\/wp\/v2\/categories?post=51195"},{"taxonomy":"post_tag","embeddable":true,"href":"https:\/\/www.europesays.com\/pt\/wp-json\/wp\/v2\/tags?post=51195"}],"curies":[{"name":"wp","href":"https:\/\/api.w.org\/{rel}","templated":true}]}}