{"id":511976,"date":"2026-09-04T17:59:11","date_gmt":"2026-09-04T17:59:11","guid":{"rendered":"https:\/\/www.europesays.com\/pt\/511976\/"},"modified":"2026-09-04T17:59:11","modified_gmt":"2026-09-04T17:59:11","slug":"fotografo-daniel-castellano-busca-patrocinador-para-lancar-livro","status":"publish","type":"post","link":"https:\/\/www.europesays.com\/pt\/511976\/","title":{"rendered":"Fot\u00f3grafo Daniel Castellano busca patrocinador para lan\u00e7ar livro"},"content":{"rendered":"<p class=\"wp-block-paragraph\">Chove em Curitiba. Guarda-chuvas se abrem, pedestres aceleram o passo e reflexos tomam conta das cal\u00e7adas. Enquanto muita gente procura um lugar para escapar da \u00e1gua, <strong>Daniel Castellano faz justamente o contr\u00e1rio: observa, enquadra e fotografa<\/strong>. H\u00e1 20 anos, o <strong>fot\u00f3grafo <\/strong>registra cenas da capital paranaense fa\u00e7a chuva ou fa\u00e7a sol, e agora planeja transformar esse acervo em um <strong>livro<\/strong>. O projeto <strong>\u201cAtemporal\u201d<\/strong> recebeu aprova\u00e7\u00e3o para <strong>capta\u00e7\u00e3o de recursos<\/strong> e busca empresas interessadas em patrocin\u00e1-lo.<\/p>\n<p><img fetchpriority=\"high\" decoding=\"async\" width=\"960\" height=\"592\" src=\"https:\/\/www.europesays.com\/pt\/wp-content\/uploads\/2026\/09\/fotografo-daniel-castellano-busca-apoio-livro-curitiba-3-960x592.jpg\" alt=\"fotografo-daniel-castellano-busca-apoio-livro-curitiba-3\" class=\"wp-image-1993698\"  \/>A chuva virou inspira\u00e7\u00e3o para Daniel Castellano, que documenta o cotidiano de Curitiba desde seu primeiro dia como fot\u00f3grafo. Foto: Acervo Daniel Castellano<\/p>\n<p class=\"wp-block-paragraph\">A hist\u00f3ria que desembocou no projeto come\u00e7ou em <strong>22 de maio de 2006<\/strong>, justamente no primeiro dia de Daniel Castellano como rep\u00f3rter fotogr\u00e1fico profissional. Naquela ocasi\u00e3o, Curitiba entregou a ele um daqueles cen\u00e1rios que se tornariam parte de sua trajet\u00f3ria: frio de outono, chuva e gente circulando pelo Centro.<\/p>\n<p class=\"wp-block-paragraph\">O que nasceu praticamente por acaso passou a acompanhar o fot\u00f3grafo durante as duas d\u00e9cadas seguintes.<\/p>\n<p>Fot\u00f3grafo Daniel Castellano come\u00e7ou em um dia chuvoso no Centro de Curitiba<\/p>\n<p class=\"wp-block-paragraph\">Naquele primeiro dia como rep\u00f3rter fotogr\u00e1fico, Castellano trabalhava na Gazeta do Povo, no Centro de Curitiba. Sem uma pauta espec\u00edfica para fotografar naquele momento, saiu pelas ruas atr\u00e1s de cenas da cidade.<\/p>\n<blockquote class=\"wp-block-quote is-layout-flow wp-block-quote-is-layout-flow\">\n<p class=\"wp-block-paragraph\">\u201cComo trabalhava no Centro de Curitiba, fui fazer algumas fotos sem assunto espec\u00edfico, apenas cenas da cidade, andei pela Rua XV de Novembro, pelo cal\u00e7ad\u00e3o da Monsenhor Celso e foi interessante em ver como as pessoas se comportavam naquele dia chuvoso, e a partir da\u00ed, a cada chuva, antes das minhas pautas, pelo caminho, ia fotografando as cenas do cotidiano\u201d<\/p>\n<p>conta Daniel Castellano.<\/p><\/blockquote>\n<p class=\"wp-block-paragraph\">O fot\u00f3grafo encontrou ali um fio condutor que continuaria seguindo pelos anos seguintes. A chuva deixou de ser apenas uma condi\u00e7\u00e3o clim\u00e1tica para se transformar em elemento visual. <\/p>\n<p class=\"wp-block-paragraph\">Antes de outras pautas ou durante os deslocamentos pela cidade, Castellano continuou registrando o cotidiano molhado de Curitiba.<\/p>\n<p class=\"wp-block-paragraph\">Assim, as fotografias come\u00e7aram a atravessar diferentes cen\u00e1rios e momentos: <strong>parques, pra\u00e7as, bosques, manifesta\u00e7\u00f5es pol\u00edticas e at\u00e9 um Dia de Finados debaixo de chuva<\/strong>.<\/p>\n<p><img loading=\"lazy\" decoding=\"async\" width=\"960\" height=\"592\" src=\"https:\/\/www.europesays.com\/pt\/wp-content\/uploads\/2026\/09\/fotografo-daniel-castellano-busca-apoio-livro-curitiba-2-960x592.jpg\" alt=\"fotografo-daniel-castellano-busca-apoio-livro-curitiba-2\" class=\"wp-image-1993692\"  \/>Daniel Castellano registra h\u00e1 20 anos cenas de Curitiba sob a chuva e agora quer transformar o acervo em livro. Foto: Reprodu\u00e7\u00e3o\/Daniel Castellano<\/p>\n<p>Chuva virou elo entre duas d\u00e9cadas atrav\u00e9s das fotos em Curitiba<\/p>\n<p class=\"wp-block-paragraph\">\u00c9 justamente essa continuidade que sustenta \u201cAtemporal\u201d. As imagens n\u00e3o nasceram originalmente como parte de uma produ\u00e7\u00e3o feita exclusivamente para um livro. Castellano construiu o acervo ao acompanhar, ao longo dos anos, a rela\u00e7\u00e3o entre a cidade, seus moradores e os dias chuvosos.<\/p>\n<blockquote class=\"wp-block-quote is-layout-flow wp-block-quote-is-layout-flow\">\n<p class=\"wp-block-paragraph\">\u201cQuando vi, j\u00e1 estava fotografando em um dia chuvoso de Finados, em manifesta\u00e7\u00f5es pol\u00edticas, em parques, pra\u00e7as e bosques, mostrando que a chuva pode ser um elemento de liga\u00e7\u00e3o e os dias chuvosos tamb\u00e9m podem render boas imagens\u201d<\/p>\n<p>comenta o fot\u00f3grafo.<\/p><\/blockquote>\n<p><img loading=\"lazy\" decoding=\"async\" width=\"960\" height=\"592\" src=\"https:\/\/www.europesays.com\/pt\/wp-content\/uploads\/2026\/09\/fotografo-daniel-castellano-busca-apoio-livro-curitiba-1-960x592.jpg\" alt=\"fotografo-daniel-castellano-busca-apoio-livro-curitiba-1\" class=\"wp-image-1993682\"  \/>Projeto \u201cAtemporal\u201d foi aprovado para capta\u00e7\u00e3o via incentivo fiscal e busca patrocinadores para sair do papel. Foto: Acervo Daniel Castellano<\/p>\n<p class=\"wp-block-paragraph\">O elemento permanece o mesmo, mas as situa\u00e7\u00f5es mudam. A chuva atravessa diferentes espa\u00e7os, acontecimentos e personagens e funciona como uma liga\u00e7\u00e3o visual entre momentos separados pelo tempo.<\/p>\n<p class=\"wp-block-paragraph\">Ao completar duas d\u00e9cadas desde aquele primeiro dia de trabalho profissional, o fot\u00f3grafo decidiu levar essa hist\u00f3ria para o papel.<\/p>\n<blockquote class=\"wp-block-quote is-layout-flow wp-block-quote-is-layout-flow\">\n<p class=\"wp-block-paragraph\">\u201cAgora, em maio de 2026, depois de 20 anos documentando a cidade desta forma diferente, o projeto para confec\u00e7\u00e3o de um livro foi aprovado na lei de incentivo fiscal via Minist\u00e9rio da Cultura. Atrav\u00e9s do benef\u00edcio fiscal, empresas podem patrocinar o projeto abrindo m\u00e3o do imposto que v\u00e3o pagar\u201d<\/p>\n<p>conta Daniel Castellano.<\/p><\/blockquote>\n<blockquote class=\"instagram-media\" data-instgrm-permalink=\"https:\/\/www.instagram.com\/reel\/DbwW5duIdDd\/?utm_source=ig_embed&amp;utm_campaign=loading\" data-instgrm-version=\"14\" style=\" background:#FFF; border:0; border-radius:3px; box-shadow:0 0 1px 0 rgba(0,0,0,0.5),0 1px 10px 0 rgba(0,0,0,0.15); margin: 1px; max-width:540px; min-width:326px; padding:0; width:99.375%; width:-webkit-calc(100% - 2px); width:calc(100% - 2px);\"\/>\n<p>Projeto aprovado, vem outra miss\u00e3o: captar recursos para o livro<\/p>\n<p class=\"wp-block-paragraph\">A aprova\u00e7\u00e3o por meio da legisla\u00e7\u00e3o de incentivo \u00e0 cultura n\u00e3o significa que o dinheiro necess\u00e1rio para produzir o livro j\u00e1 esteja dispon\u00edvel. Na pr\u00e1tica, a autoriza\u00e7\u00e3o permite que o projeto busque recursos junto a patrocinadores, dentro das regras do mecanismo de incentivo fiscal. <\/p>\n<p class=\"wp-block-paragraph\">Dessa maneira, empresas interessadas podem apoiar a iniciativa utilizando os benef\u00edcios tribut\u00e1rios previstos na legisla\u00e7\u00e3o aplic\u00e1vel. Portanto, <strong>Daniel Castellano agora precisa encontrar patrocinadores para viabilizar \u201cAtemporal\u201d<\/strong>.<\/p>\n<p><img loading=\"lazy\" decoding=\"async\" width=\"960\" height=\"592\" src=\"https:\/\/www.europesays.com\/pt\/wp-content\/uploads\/2026\/09\/fotografo-daniel-castellano-busca-apoio-livro-curitiba-4-960x592.jpg\" alt=\"fotografo-daniel-castellano-busca-apoio-livro-curitiba-4\" class=\"wp-image-1993697\"  \/>Ruas, parques, manifesta\u00e7\u00f5es e at\u00e9 o Dia de Finados aparecem no acervo constru\u00eddo por Castellano ao longo de duas d\u00e9cadas. Foto: Acervo Daniel Castellano<\/p>\n<p class=\"wp-block-paragraph\">O mecanismo tamb\u00e9m permite oferecer contrapartidas institucionais aos patrocinadores, como associa\u00e7\u00e3o da marca ao projeto e presen\u00e7a nos materiais de divulga\u00e7\u00e3o, conforme as condi\u00e7\u00f5es aprovadas e as regras aplic\u00e1veis.<\/p>\n<p class=\"wp-block-paragraph\">Os recursos captados ficam vinculados \u00e0 execu\u00e7\u00e3o do projeto cultural e precisam seguir o or\u00e7amento, as contrapartidas e as exig\u00eancias de presta\u00e7\u00e3o de contas.<\/p>\n<p><strong>\ud83d\udcf2 O Google pode parar de mostrar o portal Banda B.<a id=\"google-news-cta-intext\" href=\"https:\/\/www.google.com\/preferences\/source?q=bandab.com.br\" target=\"_blank\" rel=\"noreferrer noopener nofollow\"> Clique aqui<\/a> para ver nossas not\u00edcias.<\/strong><\/p>\n<p>        <script async src=\"\/\/www.instagram.com\/embed.js\"><\/script><\/p>\n","protected":false},"excerpt":{"rendered":"Chove em Curitiba. Guarda-chuvas se abrem, pedestres aceleram o passo e reflexos tomam conta das cal\u00e7adas. Enquanto muita&hellip;\n","protected":false},"author":2,"featured_media":511977,"comment_status":"","ping_status":"","sticky":false,"template":"","format":"standard","meta":{"footnotes":"","_share_on_mastodon":"0"},"categories":[144],"tags":[207,205,206,203,201,202,3439,204,114,115,32,33],"class_list":["post-511976","post","type-post","status-publish","format-standard","has-post-thumbnail","category-arte-e-design","tag-arte","tag-arte-e-design","tag-artedesign","tag-arts","tag-arts-and-design","tag-artsanddesign","tag-curitiba","tag-design","tag-entertainment","tag-entretenimento","tag-portugal","tag-pt"],"share_on_mastodon":{"url":"https:\/\/pubeurope.com\/@pt\/117214077137675139","error":""},"_links":{"self":[{"href":"https:\/\/www.europesays.com\/pt\/wp-json\/wp\/v2\/posts\/511976","targetHints":{"allow":["GET"]}}],"collection":[{"href":"https:\/\/www.europesays.com\/pt\/wp-json\/wp\/v2\/posts"}],"about":[{"href":"https:\/\/www.europesays.com\/pt\/wp-json\/wp\/v2\/types\/post"}],"author":[{"embeddable":true,"href":"https:\/\/www.europesays.com\/pt\/wp-json\/wp\/v2\/users\/2"}],"replies":[{"embeddable":true,"href":"https:\/\/www.europesays.com\/pt\/wp-json\/wp\/v2\/comments?post=511976"}],"version-history":[{"count":0,"href":"https:\/\/www.europesays.com\/pt\/wp-json\/wp\/v2\/posts\/511976\/revisions"}],"wp:featuredmedia":[{"embeddable":true,"href":"https:\/\/www.europesays.com\/pt\/wp-json\/wp\/v2\/media\/511977"}],"wp:attachment":[{"href":"https:\/\/www.europesays.com\/pt\/wp-json\/wp\/v2\/media?parent=511976"}],"wp:term":[{"taxonomy":"category","embeddable":true,"href":"https:\/\/www.europesays.com\/pt\/wp-json\/wp\/v2\/categories?post=511976"},{"taxonomy":"post_tag","embeddable":true,"href":"https:\/\/www.europesays.com\/pt\/wp-json\/wp\/v2\/tags?post=511976"}],"curies":[{"name":"wp","href":"https:\/\/api.w.org\/{rel}","templated":true}]}}