{"id":511996,"date":"2026-09-04T18:22:50","date_gmt":"2026-09-04T18:22:50","guid":{"rendered":"https:\/\/www.europesays.com\/pt\/511996\/"},"modified":"2026-09-04T18:22:50","modified_gmt":"2026-09-04T18:22:50","slug":"samsung-concede-skeelo-premium-na-compra-do-galaxy-z-fold8","status":"publish","type":"post","link":"https:\/\/www.europesays.com\/pt\/511996\/","title":{"rendered":"Samsung concede Skeelo Premium na compra do Galaxy Z Fold8"},"content":{"rendered":"<p>\n                        Samsung e o Skeelo estendem a parceria que oferece tr\u00eas meses de Skeelo Premium aos consumidores que comprarem um Galaxy Z Fold8 at\u00e9 6 de fevereiro de 2027. Marcas estar\u00e3o presentes na 28\u00aa Bienal do Livro de S\u00e3o Paulo, realizada de 4 a 13 de setembro na capital paulista.\n                    <\/p>\n<p>\n                        <b style=\"margin-bottom: 8px; display: inline-block;\">Resumo<\/b><br \/>A Samsung estendeu sua parceria com o Skeelo para oferecer tr\u00eas meses gratuitos de assinatura Premium a quem adquirir o Galaxy Z Fold8 entre agosto de 2026 e fevereiro de 2027. O novo dobr\u00e1vel destaca-se pelo design mais fino e leve, estrutura em tit\u00e2nio e tela imersiva de 7,6 polegadas ideal para leitura. A colabora\u00e7\u00e3o visa incentivar o consumo digital de e-books e audiolivros, incluindo um espa\u00e7o interativo conjunto para experimenta\u00e7\u00e3o do aparelho na 28\u00aa Bienal do Livro de S\u00e3o Paulo.\n                    <\/p>\n<p>A Samsung e o Skeelo acabam de estender a parceria que oferece tr\u00eas meses de Skeelo Premium para consumidores que adquirirem um Galaxy Z Fold8 <strong>entre 6 de agosto de 2026 e 6 de fevereiro de 2027<\/strong>.<\/p>\n<p><img decoding=\"async\" alt=\"\" class=\"img-0981b662890e0b3154577f330edad27alwklcyoz\" fetchpriority=\"high\" height=\"373\" src=\"https:\/\/www.europesays.com\/pt\/wp-content\/uploads\/2026\/09\/1500545069-766fd8a6-a3bf-4644-b456-d0650d0a886a.jpeg\"  title=\"Samsung\/Divulga\u00e7\u00e3o \/ DINO\" width=\"664\"\/><\/p>\n<p>\nFoto: Samsung\/Divulga\u00e7\u00e3o \/ DINO\n<\/p>\n<p>Com seu formato dobr\u00e1vel e tela ampla, o Galaxy Z Fold8 oferece uma experi\u00eancia vers\u00e1til para diferentes formas de consumo de conte\u00fado &#8211; principalmente na <strong>tela principal de<\/strong>\u00a0<strong>7,6 polegadas na propor\u00e7\u00e3o 4:3<\/strong>, que amplia a \u00e1rea \u00fatil de visualiza\u00e7\u00e3o e proporciona uma experi\u00eancia mais imersiva para a leitura digital.<\/p>\n<p>Entre os destaques do Galaxy Z Fold8 est\u00e3o:<\/p>\n<ul>\n<li><strong>Novo formato dobr\u00e1vel:<\/strong>tela externa de 5,5 polegadas na propor\u00e7\u00e3o 10:16 e tela principal de 7,6 polegadas em 4:3 para uma experi\u00eancia mais confort\u00e1vel no dia a dia e mais imersiva para assistir a v\u00eddeos, navegar, ler e jogar.\u00a0<\/li>\n<li><strong>Design fino e leve:<\/strong>apenas 201 g\u00a0e 4,5 mm de espessura\u00a0quando aberto, tornando o dispositivo o Fold mais leve j\u00e1 lan\u00e7ado pela Samsung.\u00a0<\/li>\n<li><strong>Tecnologia Tit\u00e2nio Flex\u00edvel:<\/strong>nova estrutura que combina uma pel\u00edcula de liga de tit\u00e2nio com uma placa refor\u00e7ada para aumentar a durabilidade da tela e reduzir a visibilidade do vinco.<\/li>\n<li><strong>Tela para variados ambientes: <\/strong>telas com brilho de at\u00e9 3.000 nits, Vision Booster, tecnologia Prote\u00e7\u00e3o para conforto ocular e acabamento de baixa refletividade para melhor visualiza\u00e7\u00e3o mesmo sob luz intensa.<\/li>\n<li><strong>Desempenho para diferentes rotinas:<\/strong> processador Snapdragon\u00ae 8 Elite Gen 5 Customizado para Galaxy, bateria de 4.800 mAh e at\u00e9 sete gera\u00e7\u00f5es de atualiza\u00e7\u00f5es do Android e sete anos de atualiza\u00e7\u00f5es de seguran\u00e7a.<\/li>\n<\/ul>\n<p class=\"text\">O Skeelo, um dos maiores ecossistemas de livros digitais da Am\u00e9rica Latina, re\u00fane ebooks e audiolivros em uma experi\u00eancia pr\u00e1tica e acess\u00edvel, diretamente no celular ou tablet. Na parceria com o Skeelo, o Galaxy Z Fold8 tamb\u00e9m se torna uma porta de entrada para uma experi\u00eancia mais imersiva de leitura, permitindo que as pessoas aproveitem os conte\u00fados digitais da plataforma e integrem os livros em diferentes momentos do dia a dia. Assim, uma mesma hist\u00f3ria pode transitar entre diferentes formatos e continuar com o leitor onde quer que ele esteja.<\/p>\n<p>&#8220;A parceria com o Skeelo refor\u00e7a o nosso compromisso de oferecer experi\u00eancias que v\u00e3o al\u00e9m do hardware. O Galaxy Z Fold8 combina inova\u00e7\u00e3o, versatilidade e uma tela ampla que se adapta a diferentes formas de consumir conte\u00fado, e poder conectar essa experi\u00eancia ao universo dos e-books e audiolivros torna essa proposta ainda mais relevante para os consumidores&#8221;, afirma Lucia Bittar, diretora de marketing de Mobile Experience da Samsung Brasil.<\/p>\n<p>&#8220;A parceria com a Samsung refor\u00e7a uma das principais transforma\u00e7\u00f5es que a tecnologia proporciona: a liberdade de escolher como, quando e onde consumir uma hist\u00f3ria. Ao unir o Galaxy Z Fold8 ao ecossistema de livros digitais do Skeelo, criamos ainda mais possibilidades para que a leitura esteja presente no dia a dia das pessoas.&#8221; afirma Carolina Nishiyama, Diretora de Marketing do Skeelo.<\/p>\n<p>O resgate, que ser\u00e1 enviado pela Samsung para o e-mail cadastrado no momento da compra, poder\u00e1 ser realizado dentro de tr\u00eas meses contados a partir da data da compra do Galaxy Z Fold8. <strong>O resgate do benef\u00edcio pode ser efetuado at\u00e9 6 de maio de 2027<\/strong>, considerando a \u00faltima data de compra v\u00e1lida para usufruir da parceria (6 de fevereiro de 2027). Para mais informa\u00e7\u00f5es, <a href=\"https:\/\/images.samsung.com\/is\/content\/samsung\/assets\/br\/campaign\/galaxy-skeelo\/regulamento.pdf\" rel=\"follow nofollow noopener\" target=\"_blank\">consulte o regulamento<\/a>.<\/p>\n<p><strong>Galaxy Z Fold8: como ativar o recurso Eye Comfort Shield (Prote\u00e7\u00e3o para conforto ocular)<\/strong><\/p>\n<p>A Prote\u00e7\u00e3o para conforto ocular, ou Eye Comfort Shield, como tamb\u00e9m \u00e9 conhecida, \u00e9 uma tecnologia que garante maior conforto na hora de visualizar conte\u00fado no smartphone e est\u00e1 dispon\u00edvel\u00a0no novo Galaxy Z Fold8.<\/p>\n<p>Para ativar o Eye Comfort Shield no seu Galaxy Z Fold8:<\/p>\n<ol>\n<li>Abra as <strong>Configura\u00e7\u00f5es<\/strong> do seu Galaxy Z Fold8.<\/li>\n<li>Toque na op\u00e7\u00e3o <strong>Visor.<\/strong><\/li>\n<li>Localize e ative a chave <strong>Prote\u00e7\u00e3o para conforto ocular<\/strong>.<\/li>\n<\/ol>\n<p class=\"text\">O recurso ainda oferece tr\u00eas modos de funcionamento:<\/p>\n<ul>\n<li><strong>Adapt\u00e1vel:<\/strong> ajusta as cores da tela automaticamente com base no hor\u00e1rio do dia e na luz ambiente<\/li>\n<li><strong>Personalizado:<\/strong> permite que voc\u00ea defina um hor\u00e1rio espec\u00edfico (como o per\u00edodo da noite) para ligar e desligar o filtro de luz azul.<\/li>\n<li><strong>Intensidade:<\/strong> voc\u00ea pode regular o tom mais quente da tela conforme a sua prefer\u00eancia de conforto visual.<\/li>\n<\/ul>\n<p class=\"text\">Samsung e Skeelo levam parceria para a Bienal do Livro<\/p>\n<p>A colabora\u00e7\u00e3o entre Samsung e Skeelo tamb\u00e9m estar\u00e1 presente na 28\u00aa Bienal do Livro de S\u00e3o Paulo, que acontece de 4 a 13 de setembro de 2026, na capital paulista. Durante o evento, o Skeelo contar\u00e1 com uma \u00e1rea exclusiva dedicada \u00e0 experi\u00eancia de leitura com dispositivos Samsung em seu estande.<\/p>\n<p>Os visitantes poder\u00e3o encontrar Galaxy Z Fold8 dispon\u00edveis para experimenta\u00e7\u00e3o em cabines de audiolivros e tamb\u00e9m para leitura de e-books. A iniciativa permite conhecer, na pr\u00e1tica, como o smartphone dobr\u00e1vel pode ser utilizado para diferentes formas de consumir livros digitais, seja acompanhando uma hist\u00f3ria pela tela ou por meio de conte\u00fado em \u00e1udio.<\/p>\n<p>A presen\u00e7a do Galaxy Z Fold8 no espa\u00e7o do Skeelo na Bienal do Livro de S\u00e3o Paulo refor\u00e7a a conex\u00e3o entre as duas marcas e a proposta da parceria: aproximar tecnologia e leitura digital, oferecendo novas possibilidades para quem quer consumir literatura de maneira mais flex\u00edvel.<\/p>\n<p>Para saber mais sobre o Galaxy Z Fold8, al\u00e9m de outros dispositivos da marca, como o Galaxy Z Fold8 Ultra e o Galaxy Z Flip8, basta acessar\u00a0<a href=\"https:\/\/news.samsung.com\/br\/\" rel=\"follow nofollow noopener\" target=\"_blank\">Samsung Newsroom Brasil<\/a> ou <a href=\"https:\/\/samsung.com\/br\/\" rel=\"follow nofollow noopener\" target=\"_blank\">Samsung.com\/br<\/a>.<\/p>\n<p><img decoding=\"async\" alt=\"\" src=\"https:\/\/www.europesays.com\/pt\/wp-content\/uploads\/2026\/09\/336604.gif\"\/><\/p>\n<p class=\"text\">Website: <a href=\"https:\/\/news.samsung.com\/br\" rel=\"follow nofollow noopener\" target=\"_blank\">https:\/\/news.samsung.com\/br<\/a><\/p>\n","protected":false},"excerpt":{"rendered":"Samsung e o Skeelo estendem a parceria que oferece tr\u00eas meses de Skeelo Premium aos consumidores que comprarem&hellip;\n","protected":false},"author":2,"featured_media":511997,"comment_status":"","ping_status":"","sticky":false,"template":"","format":"standard","meta":{"footnotes":"","_share_on_mastodon":"0"},"categories":[84],"tags":[109,107,108,32,33,105,103,104,106,110],"class_list":["post-511996","post","type-post","status-publish","format-standard","has-post-thumbnail","category-ciencia-e-tecnologia","tag-ciencia","tag-ciencia-e-tecnologia","tag-cienciaetecnologia","tag-portugal","tag-pt","tag-science","tag-science-and-technology","tag-scienceandtechnology","tag-technology","tag-tecnologia"],"share_on_mastodon":{"url":"https:\/\/pubeurope.com\/@pt\/117214171239079853","error":""},"_links":{"self":[{"href":"https:\/\/www.europesays.com\/pt\/wp-json\/wp\/v2\/posts\/511996","targetHints":{"allow":["GET"]}}],"collection":[{"href":"https:\/\/www.europesays.com\/pt\/wp-json\/wp\/v2\/posts"}],"about":[{"href":"https:\/\/www.europesays.com\/pt\/wp-json\/wp\/v2\/types\/post"}],"author":[{"embeddable":true,"href":"https:\/\/www.europesays.com\/pt\/wp-json\/wp\/v2\/users\/2"}],"replies":[{"embeddable":true,"href":"https:\/\/www.europesays.com\/pt\/wp-json\/wp\/v2\/comments?post=511996"}],"version-history":[{"count":0,"href":"https:\/\/www.europesays.com\/pt\/wp-json\/wp\/v2\/posts\/511996\/revisions"}],"wp:featuredmedia":[{"embeddable":true,"href":"https:\/\/www.europesays.com\/pt\/wp-json\/wp\/v2\/media\/511997"}],"wp:attachment":[{"href":"https:\/\/www.europesays.com\/pt\/wp-json\/wp\/v2\/media?parent=511996"}],"wp:term":[{"taxonomy":"category","embeddable":true,"href":"https:\/\/www.europesays.com\/pt\/wp-json\/wp\/v2\/categories?post=511996"},{"taxonomy":"post_tag","embeddable":true,"href":"https:\/\/www.europesays.com\/pt\/wp-json\/wp\/v2\/tags?post=511996"}],"curies":[{"name":"wp","href":"https:\/\/api.w.org\/{rel}","templated":true}]}}