{"id":512004,"date":"2026-09-04T18:33:20","date_gmt":"2026-09-04T18:33:20","guid":{"rendered":"https:\/\/www.europesays.com\/pt\/512004\/"},"modified":"2026-09-04T18:33:20","modified_gmt":"2026-09-04T18:33:20","slug":"confira-as-estreias-da-semana-nos-cinemas-de-aracaju","status":"publish","type":"post","link":"https:\/\/www.europesays.com\/pt\/512004\/","title":{"rendered":"Confira as estreias da semana nos cinemas de Aracaju"},"content":{"rendered":"<p>\t\t\t\t\t\t\t\t\t\t<a href=\"https:\/\/www.europesays.com\/pt\/wp-content\/uploads\/2026\/09\/Confira-as-estreias-da-semana-nos-cinemas-de-Aracaju-foto-assessoria-de-imprensa-.jpeg\"><img loading=\"lazy\" decoding=\"async\" class=\"wp-image-650160 size-full\" src=\"https:\/\/www.europesays.com\/pt\/wp-content\/uploads\/2026\/09\/Confira-as-estreias-da-semana-nos-cinemas-de-Aracaju-foto-assessoria-de-imprensa-.jpeg\" alt=\"\" width=\"550\" height=\"330\"  \/><\/a>Confira as sinopses. (Foto: Divulga\u00e7\u00e3o)<\/p>\n<p>Os cinemas de Aracaju recebem novos filmes nesta semana, com op\u00e7\u00f5es que v\u00e3o da com\u00e9dia ao terror e ao drama hist\u00f3rico. Entre os destaques est\u00e3o Minha Melhor Amiga, estrelado por Ingrid Guimar\u00e3es e M\u00f4nica Martelli, al\u00e9m de O Sorveteiro, Idiotas e Press\u00e3o. Confira as sinopses:<\/p>\n<p><strong>Minha Melhor Amiga<\/strong><\/p>\n<p>Estrelando Ingrid Guimar\u00e3es e M\u00f4nica Martelli, Minha Melhor Amiga acompanha J\u00falia e Clara, duas jovens senhoras na casa dos 50 anos que decidem sair da rotina juntas e conhecer a Europa. A decis\u00e3o foi tomada ap\u00f3s elas se despedirem das filhas, Manu (Giulia Benite) e Isadora (Gabi Amaral), que embarcavam para Portugal em um interc\u00e2mbio. Com o vazio e tristeza em seus cora\u00e7\u00f5es, a saudade das filhas a faz idealizar uma f\u00e9rias perfeita com suas filhas, mas a realidade se torna bem diferente do esperado.<\/p>\n<p><strong>O Sorveteiro<\/strong><\/p>\n<p>Em uma cidade de praia tranquila, o ver\u00e3o vira um verdadeiro terror. Um sorveteiro misterioso aparece do nada e come\u00e7a a distribuir picol\u00e9s que transformam as crian\u00e7as em monstros violentos. Em pouco tempo, a garotada perdeu o controle e come\u00e7ou a atacar os adultos, espalhando o caos por todo lado. No meio dessa loucura, tr\u00eas jovens que n\u00e3o foram afetados pela maldi\u00e7\u00e3o est\u00e3o tentando sobreviver. Agora, eles correm contra o tempo para descobrir quem \u00e9 esse vendedor sinistro e como parar essa carnificina antes que a viol\u00eancia se espalhe para as cidades vizinhas e o pesadelo n\u00e3o tenha mais volta.<\/p>\n<p><strong>Idiotas<\/strong><\/p>\n<p>Em Idiotas, o que parecia ser apenas mais um trabalho rapidamente se transforma em uma viagem fora de controle. Dois motoristas acostumados a cruzar estradas intermin\u00e1veis recebem a miss\u00e3o de levar um adolescente rico e problem\u00e1tico at\u00e9 uma cl\u00ednica de reabilita\u00e7\u00e3o. No entanto, o jovem passageiro tem outros planos e arrasta a dupla para uma sequ\u00eancia de confus\u00f5es envolvendo drogas, persegui\u00e7\u00f5es, criminosos e decis\u00f5es cada vez mais arriscadas. \u00c0 medida que o caos toma conta da jornada, os tr\u00eas precisam lidar com seus pr\u00f3prios limites e descobrir se conseguir\u00e3o chegar ao destino, ou sobreviver ao caminho at\u00e9 l\u00e1.<\/p>\n<p><strong>Press\u00e3o<\/strong><\/p>\n<p>Press\u00e3o acompanha a escolha brutal e imposs\u00edvel do general Dwight D. Eisenhower e do capit\u00e3o James Stagg. Nas tensas 72 horas que antecedem o Dia D, todas as pe\u00e7as do quebra-cabe\u00e7a est\u00e3o alinhadas e prontas para a\u00e7\u00e3o, com exce\u00e7\u00e3o de um elemento crucial: o clima na ilha brit\u00e2nica. Enquanto o chefe das previs\u00f5es meteorol\u00f3gicas das for\u00e7as brit\u00e2nicas James Stagg \u00e9 chamado para fornecer o c\u00e1lculo mais importante da hist\u00f3ria, o comandante Eisenhower \u00e9 assombrado pelo ensaio desastroso do plano de ataque e pelo peso de ser o \u00fanico com a palavra final. Apenas poucas horas separam o destino da maior miss\u00e3o mar\u00edtima de guerra e a previs\u00e3o errada pode devastar os planos da invas\u00e3o, arriscando que a intelig\u00eancia militar alem\u00e3 descubra tudo.<\/p>\n<p><a href=\"https:\/\/infonet.com.br\/programacao-cinema-sergipe\/\" rel=\"nofollow noopener\" target=\"_blank\">Clique aqui e confira a programa\u00e7\u00e3o dos cinemas em Sergipe nesta semana\u00a0<\/a><\/p>\n","protected":false},"excerpt":{"rendered":"Confira as sinopses. (Foto: Divulga\u00e7\u00e3o) Os cinemas de Aracaju recebem novos filmes nesta semana, com op\u00e7\u00f5es que v\u00e3o&hellip;\n","protected":false},"author":2,"featured_media":512005,"comment_status":"","ping_status":"","sticky":false,"template":"","format":"standard","meta":{"footnotes":"","_share_on_mastodon":"0"},"categories":[140],"tags":[470,1661,20732,114,115,147,471,148,146,32,33,2177],"class_list":["post-512004","post","type-post","status-publish","format-standard","has-post-thumbnail","category-filmes","tag-cinema","tag-destaque","tag-em-cartaz","tag-entertainment","tag-entretenimento","tag-film","tag-filme","tag-filmes","tag-movies","tag-portugal","tag-pt","tag-sinopse"],"share_on_mastodon":{"url":"https:\/\/pubeurope.com\/@pt\/117214211000602259","error":""},"_links":{"self":[{"href":"https:\/\/www.europesays.com\/pt\/wp-json\/wp\/v2\/posts\/512004","targetHints":{"allow":["GET"]}}],"collection":[{"href":"https:\/\/www.europesays.com\/pt\/wp-json\/wp\/v2\/posts"}],"about":[{"href":"https:\/\/www.europesays.com\/pt\/wp-json\/wp\/v2\/types\/post"}],"author":[{"embeddable":true,"href":"https:\/\/www.europesays.com\/pt\/wp-json\/wp\/v2\/users\/2"}],"replies":[{"embeddable":true,"href":"https:\/\/www.europesays.com\/pt\/wp-json\/wp\/v2\/comments?post=512004"}],"version-history":[{"count":0,"href":"https:\/\/www.europesays.com\/pt\/wp-json\/wp\/v2\/posts\/512004\/revisions"}],"wp:featuredmedia":[{"embeddable":true,"href":"https:\/\/www.europesays.com\/pt\/wp-json\/wp\/v2\/media\/512005"}],"wp:attachment":[{"href":"https:\/\/www.europesays.com\/pt\/wp-json\/wp\/v2\/media?parent=512004"}],"wp:term":[{"taxonomy":"category","embeddable":true,"href":"https:\/\/www.europesays.com\/pt\/wp-json\/wp\/v2\/categories?post=512004"},{"taxonomy":"post_tag","embeddable":true,"href":"https:\/\/www.europesays.com\/pt\/wp-json\/wp\/v2\/tags?post=512004"}],"curies":[{"name":"wp","href":"https:\/\/api.w.org\/{rel}","templated":true}]}}