{"id":512040,"date":"2026-09-04T19:05:11","date_gmt":"2026-09-04T19:05:11","guid":{"rendered":"https:\/\/www.europesays.com\/pt\/512040\/"},"modified":"2026-09-04T19:05:11","modified_gmt":"2026-09-04T19:05:11","slug":"demo-de-final-fantasy-resonance-ja-chegou-record-gaming","status":"publish","type":"post","link":"https:\/\/www.europesays.com\/pt\/512040\/","title":{"rendered":"Demo de Final Fantasy Resonance j\u00e1 chegou &#8211; Record Gaming"},"content":{"rendered":"<p class=\"\">&#13;<br \/>\n        Durante a apresenta\u00e7\u00e3o Sony State of Play, a SQUARE<br \/>\nENIX deu aos f\u00e3s uma nova vista sobre FINAL FANTASY RESONANCE, o<br \/>\nprimeiro jogo HD-2D da s\u00e9rie FINAL FANTASY . No trailer repleto de a\u00e7\u00e3o,<br \/>\nfoi revelado que o ic\u00f3nico Sephiroth vai marcar presen\u00e7a no pr\u00f3ximo jogo, com<br \/>\nos jogadores a poderem encontr\u00e1-lo e desafi\u00e1-lo, na esperan\u00e7a de vencer e<br \/>\ndesbloquear uma recompensa especial. &#13;\n    <\/p>\n<p class=\"\">&#13;<br \/>\n        Al\u00e9m disso, a SQUARE ENIX lan\u00e7ou uma demo gratuita de FINAL<br \/>\nFANTASY RESONANCE para PlayStation 5, Nintendo Switch 2, Nintendo Switch,<br \/>\nXbox Series X|S, PC via Steam e Xbox em PC. Os jogadores podem come\u00e7ar a sua<br \/>\njornada pelo Reino de Grandshelt com vantagem, jogando a abertura do videojogo<br \/>\nat\u00e9 ao primeiro cap\u00edtulo (aproximadamente 3-5 horas de jogo), com os dados<br \/>\nguardados a transitarem para o videojogo completo, quando este for lan\u00e7ado a 22<br \/>\nde outubro de 2026.&#13;\n    <\/p>\n<p class=\"\">&#13;<br \/>\n        O primeiro jogo HD-2D da s\u00e9rie FINAL FANTASY, FINAL<br \/>\nFANTASY RESONANCE \u00e9 uma celebra\u00e7\u00e3o do FINAL FANTASY cl\u00e1ssico e moderno, que<br \/>\nevoca os queridos t\u00edtulos de outrora. Esta hist\u00f3ria de Cristais apresenta um<br \/>\nsistema de combate estrat\u00e9gico por turnos, com um toque moderno, o regresso dos<br \/>\nchocobos, espers e dirig\u00edveis, al\u00e9m de apari\u00e7\u00f5es de personagens muito queridas<br \/>\nde FINAL FANTASY, como Cloud, Tidus e o Guerreiro da Luz \u2013 tudo apresentado em<br \/>\ndeslumbrantes gr\u00e1ficos HD-2D de inspira\u00e7\u00e3o retro, que levam a pixel art ao<br \/>\nlimite. FINAL FANTASY RESONANCE \u00e9 baseado no primeiro arco narrativo do<br \/>\njogo para telem\u00f3vel FINAL FANTASY BRAVE EXVIUS. Longe de ser apenas uma<br \/>\nconvers\u00e3o direta, foi refinado e extensivamente reconstru\u00eddo, como uma<br \/>\nexperi\u00eancia de RPG completa e com qualidade de consola.&#13;\n    <\/p>\n<p class=\"\">&#13;<br \/>\n        FINAL FANTASY RESONANCE<br \/>\nvai estar dispon\u00edvel para PlayStation 5, Nintendo Switch 2, Nintendo Switch,<br \/>\nXbox Series X|S, PC via Steam e Xbox em PC, a 22 de outubro de 2026.&#13;\n    <\/p>\n<p>&#13;<br \/>\n            &#13;\n        <\/p>\n","protected":false},"excerpt":{"rendered":"&#13; Durante a apresenta\u00e7\u00e3o Sony State of Play, a SQUARE ENIX deu aos f\u00e3s uma nova vista sobre&hellip;\n","protected":false},"author":2,"featured_media":512041,"comment_status":"","ping_status":"","sticky":false,"template":"","format":"standard","meta":{"footnotes":"","_share_on_mastodon":"0"},"categories":[84],"tags":[109,107,108,32,33,105,103,104,106,110],"class_list":["post-512040","post","type-post","status-publish","format-standard","has-post-thumbnail","category-ciencia-e-tecnologia","tag-ciencia","tag-ciencia-e-tecnologia","tag-cienciaetecnologia","tag-portugal","tag-pt","tag-science","tag-science-and-technology","tag-scienceandtechnology","tag-technology","tag-tecnologia"],"share_on_mastodon":{"url":"https:\/\/pubeurope.com\/@pt\/117214335948514236","error":""},"_links":{"self":[{"href":"https:\/\/www.europesays.com\/pt\/wp-json\/wp\/v2\/posts\/512040","targetHints":{"allow":["GET"]}}],"collection":[{"href":"https:\/\/www.europesays.com\/pt\/wp-json\/wp\/v2\/posts"}],"about":[{"href":"https:\/\/www.europesays.com\/pt\/wp-json\/wp\/v2\/types\/post"}],"author":[{"embeddable":true,"href":"https:\/\/www.europesays.com\/pt\/wp-json\/wp\/v2\/users\/2"}],"replies":[{"embeddable":true,"href":"https:\/\/www.europesays.com\/pt\/wp-json\/wp\/v2\/comments?post=512040"}],"version-history":[{"count":0,"href":"https:\/\/www.europesays.com\/pt\/wp-json\/wp\/v2\/posts\/512040\/revisions"}],"wp:featuredmedia":[{"embeddable":true,"href":"https:\/\/www.europesays.com\/pt\/wp-json\/wp\/v2\/media\/512041"}],"wp:attachment":[{"href":"https:\/\/www.europesays.com\/pt\/wp-json\/wp\/v2\/media?parent=512040"}],"wp:term":[{"taxonomy":"category","embeddable":true,"href":"https:\/\/www.europesays.com\/pt\/wp-json\/wp\/v2\/categories?post=512040"},{"taxonomy":"post_tag","embeddable":true,"href":"https:\/\/www.europesays.com\/pt\/wp-json\/wp\/v2\/tags?post=512040"}],"curies":[{"name":"wp","href":"https:\/\/api.w.org\/{rel}","templated":true}]}}