{"id":512092,"date":"2026-09-04T19:51:17","date_gmt":"2026-09-04T19:51:17","guid":{"rendered":"https:\/\/www.europesays.com\/pt\/512092\/"},"modified":"2026-09-04T19:51:17","modified_gmt":"2026-09-04T19:51:17","slug":"tesla-lidera-em-portugal-mas-byd-prepara-reviravolta-importante","status":"publish","type":"post","link":"https:\/\/www.europesays.com\/pt\/512092\/","title":{"rendered":"Tesla lidera em Portugal, mas BYD prepara reviravolta importante"},"content":{"rendered":"<p>O mercado autom\u00f3vel em Portugal continua a demonstrar uma forte ades\u00e3o \u00e0 mobilidade sustent\u00e1vel. Regista n\u00fameros que comprovam uma viragem definitiva no setor. Os dados mais recentes revelam que as el\u00e9tricas j\u00e1 n\u00e3o s\u00e3o uma curiosidade de nicho, assumindo um peso cada vez maior nas escolhas das fam\u00edlias e das frotas corporativas.<\/p>\n<p><a target=\"_blank\" href=\"https:\/\/www.europesays.com\/pt\/wp-content\/uploads\/2026\/09\/tesla_energia_0.jpg\" onclick=\"refreshIframe()\" class=\"foobox\"><img fetchpriority=\"high\" decoding=\"async\" src=\"https:\/\/www.europesays.com\/pt\/wp-content\/uploads\/2026\/09\/tesla_energia_0.jpg\" alt=\"Tesla BYD Portugal\" width=\"1200\" height=\"675\" class=\"aligncenter size-full wp-image-1072938\"  \/><\/a>\n<\/p>\n<p>Durante o m\u00eas de agosto foram matriculados 5079 ve\u00edculos el\u00e9tricos novos em territ\u00f3rio nacional, um resultado que consolida a trajet\u00f3ria de expans\u00e3o sustentada desta tecnologia. Este n\u00famero ganha particular relev\u00e2ncia quando comparado com o per\u00edodo hom\u00f3logo, ao representar uma subida expressiva de 65,2% face a agosto de 2025. O crescimento reflete n\u00e3o apenas o aumento da oferta comercial, mas tamb\u00e9m uma infraestrutura de carregamento mais densa e incentivos atrativos.<\/p>\n<p>Dom\u00ednio Tesla mas com resposta europeia<\/p>\n<p>No balan\u00e7o acumulado entre janeiro e agosto, a marca norte-americana Tesla mant\u00e9m a lideran\u00e7a indiscut\u00edvel nas vendas de autom\u00f3veis el\u00e9tricos no pa\u00eds. Com 6512 unidades matriculadas nestes oito meses, o construtor fundado por Elon Musk continua a figurar no topo das prefer\u00eancias nacionais. A sua gama estabelecida e a forte rede de carregadores pr\u00f3prios t\u00eam sido argumentos decisivos para segurar esta posi\u00e7\u00e3o de destaque.<\/p>\n<p>Logo atr\u00e1s surge a BMW, garantindo uma s\u00f3lida segunda posi\u00e7\u00e3o no segmento el\u00e9trico com 4258 autom\u00f3veis entregues em Portugal. O construtor tem colhido resultados positivos atrav\u00e9s da eletrifica\u00e7\u00e3o abrangente do seu cat\u00e1logo tradicional, respondendo com propostas competitivas \u00e0s exig\u00eancias do segmento executivo e particular. A concorr\u00eancia alem\u00e3 conseguiu, deste modo, fixar-se como a principal for\u00e7a europeia na persegui\u00e7\u00e3o direta \u00e0 fabricante americana.<\/p>\n<p><a target=\"_blank\" href=\"https:\/\/www.europesays.com\/pt\/wp-content\/uploads\/2026\/09\/fabricas_byd_1.jpg\" onclick=\"refreshIframe()\" class=\"foobox\"><img loading=\"lazy\" decoding=\"async\" src=\"https:\/\/www.europesays.com\/pt\/wp-content\/uploads\/2026\/09\/fabricas_byd_1.jpg\" alt=\"Tesla BYD Portugal\" width=\"1200\" height=\"675\" class=\"aligncenter size-full wp-image-1119490\"  \/><\/a><\/p>\n<p>Ascens\u00e3o mete\u00f3rica da BYD em Portugal<\/p>\n<p>A grande surpresa do panorama nacional reside na BYD, que conquistou o terceiro lugar do p\u00f3dio com 3331 viaturas vendidas at\u00e9 agosto. A fabricante asi\u00e1tica tem acelerado a sua presen\u00e7a em solo nacional a um ritmo impressionante, consolidando-se como uma for\u00e7a incontorn\u00e1vel em tempo recorde. A aposta estrat\u00e9gica num cat\u00e1logo moderno, aliada a pre\u00e7os ajustados e forte disponibilidade de entrega, est\u00e1 a desviar a aten\u00e7\u00e3o das marcas hist\u00f3ricas.<\/p>\n<p>Este avan\u00e7o vertiginoso dos novos operadores globais traduz uma transforma\u00e7\u00e3o profunda na ind\u00fastria autom\u00f3vel europeia e nacional. Os consumidores portugueses mostram-se abertos a alternativas de fora da Europa, avaliando sobretudo a rela\u00e7\u00e3o entre custo, autonomia e equipamento tecnol\u00f3gico disponibilizado. A rapidez com que a marca chinesa alcan\u00e7ou este volume de vendas comprova que a fideliza\u00e7\u00e3o tradicional \u00e0s ins\u00edgnias cl\u00e1ssicas est\u00e1 a ser posta \u00e0 prova.<\/p>\n<p>O setor dos el\u00e9tricos prepara-se assim para uma reta final de ano extremamente disputada entre gigantes americanos, propostas premium europeias e o \u00edmpeto dos novos fabricantes asi\u00e1ticos. Com a multiplica\u00e7\u00e3o de lan\u00e7amentos e o alargamento de postos de carregamento em todo o territ\u00f3rio, os n\u00fameros de vendas dever\u00e3o manter a trajet\u00f3ria ascendente. O mercado nacional consolida-se, desta forma, como um excelente term\u00f3metro para medir o futuro da mobilidade el\u00e9trica.<\/p>\n","protected":false},"excerpt":{"rendered":"O mercado autom\u00f3vel em Portugal continua a demonstrar uma forte ades\u00e3o \u00e0 mobilidade sustent\u00e1vel. Regista n\u00fameros que comprovam&hellip;\n","protected":false},"author":2,"featured_media":512093,"comment_status":"","ping_status":"","sticky":false,"template":"","format":"standard","meta":{"footnotes":"","_share_on_mastodon":"0"},"categories":[83],"tags":[88,3895,89,90,32,33,296],"class_list":["post-512092","post","type-post","status-publish","format-standard","has-post-thumbnail","category-empresas","tag-business","tag-byd","tag-economy","tag-empresas","tag-portugal","tag-pt","tag-tesla"],"share_on_mastodon":{"url":"https:\/\/pubeurope.com\/@pt\/117214517371231636","error":""},"_links":{"self":[{"href":"https:\/\/www.europesays.com\/pt\/wp-json\/wp\/v2\/posts\/512092","targetHints":{"allow":["GET"]}}],"collection":[{"href":"https:\/\/www.europesays.com\/pt\/wp-json\/wp\/v2\/posts"}],"about":[{"href":"https:\/\/www.europesays.com\/pt\/wp-json\/wp\/v2\/types\/post"}],"author":[{"embeddable":true,"href":"https:\/\/www.europesays.com\/pt\/wp-json\/wp\/v2\/users\/2"}],"replies":[{"embeddable":true,"href":"https:\/\/www.europesays.com\/pt\/wp-json\/wp\/v2\/comments?post=512092"}],"version-history":[{"count":0,"href":"https:\/\/www.europesays.com\/pt\/wp-json\/wp\/v2\/posts\/512092\/revisions"}],"wp:featuredmedia":[{"embeddable":true,"href":"https:\/\/www.europesays.com\/pt\/wp-json\/wp\/v2\/media\/512093"}],"wp:attachment":[{"href":"https:\/\/www.europesays.com\/pt\/wp-json\/wp\/v2\/media?parent=512092"}],"wp:term":[{"taxonomy":"category","embeddable":true,"href":"https:\/\/www.europesays.com\/pt\/wp-json\/wp\/v2\/categories?post=512092"},{"taxonomy":"post_tag","embeddable":true,"href":"https:\/\/www.europesays.com\/pt\/wp-json\/wp\/v2\/tags?post=512092"}],"curies":[{"name":"wp","href":"https:\/\/api.w.org\/{rel}","templated":true}]}}