{"id":512102,"date":"2026-09-04T20:06:12","date_gmt":"2026-09-04T20:06:12","guid":{"rendered":"https:\/\/www.europesays.com\/pt\/512102\/"},"modified":"2026-09-04T20:06:12","modified_gmt":"2026-09-04T20:06:12","slug":"sus-reforca-assistencia-oncologica-e-atendimento-de-urgencia-e-emergencia-no-vale-do-ribeira-sp-ministerio-da-saude","status":"publish","type":"post","link":"https:\/\/www.europesays.com\/pt\/512102\/","title":{"rendered":"SUS refor\u00e7a assist\u00eancia oncol\u00f3gica e atendimento de urg\u00eancia e emerg\u00eancia no Vale do Ribeira (SP) \u2014 Minist\u00e9rio da Sa\u00fade"},"content":{"rendered":"<p>Pacientes oncol\u00f3gicos de 15 munic\u00edpios do Vale do Ribeira (SP) passam a contar com servi\u00e7o de radioterapia na pr\u00f3pria regi\u00e3o. O novo acelerador linear, instalado no Hospital Regional Dr. Leopoldo Bevilacqua, amplia a estrutura de atendimento aos pacientes com c\u00e2ncer, que j\u00e1 inclui cirurgias oncol\u00f3gicas e quimioterapia, e fortalece a assist\u00eancia especializada oferecida na regi\u00e3o.<\/p>\n<p>Durante visita ao hospital nesta sexta-feira (4), o ministro da Sa\u00fade, Alexandre Padilha, destacou o impacto do novo equipamento no acesso ao tratamento no Vale do Ribeira e na redu\u00e7\u00e3o dos deslocamentos para outros munic\u00edpios. \u201cCom o acelerador linear, os pacientes ter\u00e3o acesso ao tratamento de radioterapia na pr\u00f3pria regi\u00e3o, sem a necessidade de percorrer grandes dist\u00e2ncias at\u00e9 outros munic\u00edpios. A previs\u00e3o \u00e9 que os atendimentos comecem ainda este ano\u201d, afirmou.<\/p>\n<p>Em seguida, em Registro (SP), Padilha conheceu os novos ve\u00edculos que integram o <a class=\"external-link\" href=\"https:\/\/www.gov.br\/saude\/pt-br\/composicao\/saes\/samu-192\" target=\"_self\" title=\"\" data-tippreview-enabled=\"false\" data-tippreview-image=\"\" data-tippreview-title=\"\" data-tippreview- rel=\"nofollow noopener\">Servi\u00e7o de Atendimento M\u00f3vel de Urg\u00eancia (SAMU 192)<\/a> no Vale do Ribeira. As 13 ambul\u00e2ncias est\u00e3o dispon\u00edveis para atender uma popula\u00e7\u00e3o de mais de 200 mil habitantes.<br \/><b><br \/>Assist\u00eancia oncol\u00f3gica no Vale do Ribeira (SP) <\/b><\/p>\n<p class=\"isselectedend\">A incorpora\u00e7\u00e3o da radioterapia amplia a capacidade de tratamento do c\u00e2ncer na pr\u00f3pria regi\u00e3o, que j\u00e1 conta com oferta de cirurgias oncol\u00f3gicas e quimioterapia no Hospital Regional Dr. Leopoldo Bevilacqua. A implanta\u00e7\u00e3o do novo servi\u00e7o recebeu investimento federal de R$ 14,29 milh\u00f5es por meio do Programa <a class=\"external-link\" href=\"https:\/\/www.gov.br\/saude\/pt-br\/composicao\/saes\/agora-tem-especialistas\" target=\"_self\" title=\"\" data-tippreview-enabled=\"false\" data-tippreview-image=\"\" data-tippreview-title=\"\" data-tippreview- rel=\"nofollow noopener\">Agora Tem Especialistas<\/a>.<\/p>\n<p class=\"isselectedend\">Habilitado como Unidade de Assist\u00eancia de Alta Complexidade em Oncologia (UNACON), o hospital realizou, entre 2023 e 2025, 2.069 procedimentos cir\u00fargicos e 21.981 quimioterapias.<\/p>\n<p>A institui\u00e7\u00e3o atende exclusivamente usu\u00e1rios do SUS, com oferta de servi\u00e7os de m\u00e9dia e alta complexidade. A estrutura conta com maternidade, UTI adulto e neonatal, cirurgias especializadas, diagn\u00f3stico por imagem e hemodi\u00e1lise. S\u00e3o 232 leitos para atender aproximadamente 284 mil moradores de 15 munic\u00edpios.<\/p>\n<dl style=\"width:1280px;\" class=\"image-inline captioned caption-center\">\n<dt><img loading=\"lazy\" decoding=\"async\" src=\"https:\/\/www.europesays.com\/pt\/wp-content\/uploads\/2026\/09\/8f9bd20a-900c-40ef-8f4b-bbcecade6c7e.jpeg\" alt=\"ambulancias\" height=\"590\" width=\"1280\"\/><\/dt>\n<dd class=\"image-caption\" style=\"width:1280px;\">Fotos: Jo\u00e3o Risi<\/dd>\n<\/dl>\n<p><b>Atendimento de urg\u00eancia e emerg\u00eancia <\/b><\/p>\n<p>As 13 novas ambul\u00e2ncias do Servi\u00e7o de Atendimento M\u00f3vel de Urg\u00eancia (SAMU 192) atende os munic\u00edpios: Barra do Turvo, Cajati, Cananeia, Eldorado, Iguape, Ilha Comprida, Iporanga, Jacupiranga, Juqui\u00e1, Miracatu, Pariquera-A\u00e7u, Registro e Sete Barras, que fazem parte do Vale da Ribeira (SP)<\/p>\n<p>Os ve\u00edculos fazem parte do <a class=\"external-link\" href=\"https:\/\/www.gov.br\/saude\/pt-br\/assuntos\/novo-pac-saude\" target=\"_self\" title=\"\" data-tippreview-enabled=\"false\" data-tippreview-image=\"\" data-tippreview-title=\"\" data-tippreview- rel=\"nofollow noopener\">Novo PAC Sa\u00fade<\/a>. Nos \u00faltimos anos, o estado de S\u00e3o Paulo recebeu 490 ambul\u00e2ncias do SAMU 192, que prestam assist\u00eancia pr\u00e9-hospitalar em situa\u00e7\u00f5es de urg\u00eancia e emerg\u00eancia. Acionado pelo telefone 192, o servi\u00e7o conta com equipes preparadas para prestar os primeiros cuidados e, quando necess\u00e1rio, transportar o paciente at\u00e9 a unidade de sa\u00fade adequada.<\/p>\n<p> Alessandra Galv\u00e3o<br \/>Minist\u00e9rio da Sa\u00fade<\/p>\n","protected":false},"excerpt":{"rendered":"Pacientes oncol\u00f3gicos de 15 munic\u00edpios do Vale do Ribeira (SP) passam a contar com servi\u00e7o de radioterapia na&hellip;\n","protected":false},"author":2,"featured_media":512103,"comment_status":"","ping_status":"","sticky":false,"template":"","format":"standard","meta":{"footnotes":"","_share_on_mastodon":"0"},"categories":[86],"tags":[116,32,33,117],"class_list":["post-512102","post","type-post","status-publish","format-standard","has-post-thumbnail","category-saude","tag-health","tag-portugal","tag-pt","tag-saude"],"share_on_mastodon":{"url":"https:\/\/pubeurope.com\/@pt\/117214576423282053","error":""},"_links":{"self":[{"href":"https:\/\/www.europesays.com\/pt\/wp-json\/wp\/v2\/posts\/512102","targetHints":{"allow":["GET"]}}],"collection":[{"href":"https:\/\/www.europesays.com\/pt\/wp-json\/wp\/v2\/posts"}],"about":[{"href":"https:\/\/www.europesays.com\/pt\/wp-json\/wp\/v2\/types\/post"}],"author":[{"embeddable":true,"href":"https:\/\/www.europesays.com\/pt\/wp-json\/wp\/v2\/users\/2"}],"replies":[{"embeddable":true,"href":"https:\/\/www.europesays.com\/pt\/wp-json\/wp\/v2\/comments?post=512102"}],"version-history":[{"count":0,"href":"https:\/\/www.europesays.com\/pt\/wp-json\/wp\/v2\/posts\/512102\/revisions"}],"wp:featuredmedia":[{"embeddable":true,"href":"https:\/\/www.europesays.com\/pt\/wp-json\/wp\/v2\/media\/512103"}],"wp:attachment":[{"href":"https:\/\/www.europesays.com\/pt\/wp-json\/wp\/v2\/media?parent=512102"}],"wp:term":[{"taxonomy":"category","embeddable":true,"href":"https:\/\/www.europesays.com\/pt\/wp-json\/wp\/v2\/categories?post=512102"},{"taxonomy":"post_tag","embeddable":true,"href":"https:\/\/www.europesays.com\/pt\/wp-json\/wp\/v2\/tags?post=512102"}],"curies":[{"name":"wp","href":"https:\/\/api.w.org\/{rel}","templated":true}]}}