{"id":512104,"date":"2026-09-04T20:08:14","date_gmt":"2026-09-04T20:08:14","guid":{"rendered":"https:\/\/www.europesays.com\/pt\/512104\/"},"modified":"2026-09-04T20:08:14","modified_gmt":"2026-09-04T20:08:14","slug":"my-hero-academia-alls-justice-izuku-midoriya-overlay-full-style-chega-ao-season-pass","status":"publish","type":"post","link":"https:\/\/www.europesays.com\/pt\/512104\/","title":{"rendered":"MY HERO ACADEMIA: All\u2019s Justice | Izuku Midoriya Overlay Full Style chega ao Season Pass"},"content":{"rendered":"<p class=\"wp-block-paragraph\"><strong>MY HERO ACADEMIA: All\u2019s Justice<\/strong> recebeu <strong>Izuku Midoriya Overlay Full Style<\/strong> como terceira personagem DLC do Season Pass, trazendo uma nova vers\u00e3o de <strong>Deku<\/strong> para o jogo de luta da <strong>Bandai Namco Entertainment Europe<\/strong>.<\/p>\n<p><img loading=\"lazy\" decoding=\"async\" width=\"1280\" height=\"720\" src=\"https:\/\/www.europesays.com\/pt\/wp-content\/uploads\/2026\/09\/image001-2.jpg\" alt=\"Izuku Midoriya Overlay Full Style em MY HERO ACADEMIA: All's Justice\" class=\"wp-image-98690\"  \/><\/p>\n<p class=\"wp-block-paragraph\">Esta vers\u00e3o de <strong>Izuku Midoriya<\/strong> usa o poder de <strong>One For All<\/strong> num n\u00edvel mais avan\u00e7ado e chega com t\u00e9cnicas como <strong>Blackchain<\/strong> e <strong>Delaware Smash<\/strong>, pensadas para ataques explosivos e combos mais agressivos.<\/p>\n<p>DLC j\u00e1 dispon\u00edvel nas plataformas principais<\/p>\n<p class=\"wp-block-paragraph\"><strong>Izuku Midoriya Overlay Full Style<\/strong> j\u00e1 est\u00e1 dispon\u00edvel em <strong>PlayStation 5<\/strong>, <strong>Xbox Series X|S<\/strong> e PC via <strong>Steam<\/strong>. Quem tiver a Deluxe Edition, a Ultimate Edition ou o Season Pass recebe acesso autom\u00e1tico \u00e0 personagem.<\/p>\n<p class=\"wp-block-paragraph\">O DLC 3 tamb\u00e9m ficar\u00e1 dispon\u00edvel na vers\u00e3o <strong>Nintendo Switch 2<\/strong> quando essa edi\u00e7\u00e3o de <strong>MY HERO ACADEMIA: All\u2019s Justice<\/strong> for lan\u00e7ada, a 4 de setembro de 2026.<\/p>\n<p class=\"wp-block-paragraph\">A <strong>Bandai Namco<\/strong> refere ainda que o trailer da personagem inclui um roteiro com os pr\u00f3ximos DLCs pagos e atualiza\u00e7\u00f5es gratuitas de conte\u00fado.<\/p>\n","protected":false},"excerpt":{"rendered":"MY HERO ACADEMIA: All\u2019s Justice recebeu Izuku Midoriya Overlay Full Style como terceira personagem DLC do Season Pass,&hellip;\n","protected":false},"author":2,"featured_media":512105,"comment_status":"","ping_status":"","sticky":false,"template":"","format":"standard","meta":{"footnotes":"","_share_on_mastodon":"0"},"categories":[84],"tags":[109,107,108,32,33,105,103,104,106,110],"class_list":["post-512104","post","type-post","status-publish","format-standard","has-post-thumbnail","category-ciencia-e-tecnologia","tag-ciencia","tag-ciencia-e-tecnologia","tag-cienciaetecnologia","tag-portugal","tag-pt","tag-science","tag-science-and-technology","tag-scienceandtechnology","tag-technology","tag-tecnologia"],"share_on_mastodon":{"url":"","error":""},"_links":{"self":[{"href":"https:\/\/www.europesays.com\/pt\/wp-json\/wp\/v2\/posts\/512104","targetHints":{"allow":["GET"]}}],"collection":[{"href":"https:\/\/www.europesays.com\/pt\/wp-json\/wp\/v2\/posts"}],"about":[{"href":"https:\/\/www.europesays.com\/pt\/wp-json\/wp\/v2\/types\/post"}],"author":[{"embeddable":true,"href":"https:\/\/www.europesays.com\/pt\/wp-json\/wp\/v2\/users\/2"}],"replies":[{"embeddable":true,"href":"https:\/\/www.europesays.com\/pt\/wp-json\/wp\/v2\/comments?post=512104"}],"version-history":[{"count":0,"href":"https:\/\/www.europesays.com\/pt\/wp-json\/wp\/v2\/posts\/512104\/revisions"}],"wp:featuredmedia":[{"embeddable":true,"href":"https:\/\/www.europesays.com\/pt\/wp-json\/wp\/v2\/media\/512105"}],"wp:attachment":[{"href":"https:\/\/www.europesays.com\/pt\/wp-json\/wp\/v2\/media?parent=512104"}],"wp:term":[{"taxonomy":"category","embeddable":true,"href":"https:\/\/www.europesays.com\/pt\/wp-json\/wp\/v2\/categories?post=512104"},{"taxonomy":"post_tag","embeddable":true,"href":"https:\/\/www.europesays.com\/pt\/wp-json\/wp\/v2\/tags?post=512104"}],"curies":[{"name":"wp","href":"https:\/\/api.w.org\/{rel}","templated":true}]}}