{"id":512106,"date":"2026-09-04T20:09:19","date_gmt":"2026-09-04T20:09:19","guid":{"rendered":"https:\/\/www.europesays.com\/pt\/512106\/"},"modified":"2026-09-04T20:09:19","modified_gmt":"2026-09-04T20:09:19","slug":"digi-volta-a-superar-a-meo-em-servico-cada-vez-mais-usado-pelos-portugueses","status":"publish","type":"post","link":"https:\/\/www.europesays.com\/pt\/512106\/","title":{"rendered":"DIGI volta a superar a MEO em servi\u00e7o cada vez mais usado pelos portugueses"},"content":{"rendered":"<p class=\"leading\">\n                O n\u00famero de esta\u00e7\u00f5es de base 5G em Portugal subiu para 16 142 no segundo trimestre de 2026, com a Vodafone a liderar a contagem. A DIGI j\u00e1 supera a MEO em infraestruturas instaladas no territ\u00f3rio nacional.            <\/p>\n<p>        <a class=\"google-preferred-source\" href=\"https:\/\/www.google.com\/preferences\/source?q=4gnews.pt\" target=\"_blank\" rel=\"noopener nofollow\"><\/p>\n<p>    Adicionar 4gnews como fonte preferida<br \/>\n<\/a><\/p>\n<p class=\"article-image \"><img decoding=\"async\" alt=\"Imagem\" height=\"1080\" src=\"https:\/\/www.europesays.com\/pt\/wp-content\/uploads\/2026\/09\/5g-a-usar-telemovelee.jpg\" width=\"1920\" fetchpriority=\"high\"\/><\/p>\n<p><a href=\"https:\/\/t.me\/promocoes4gnews\" rel=\"nofollow\" class=\"banner-deals mb20 banner-deals-rotation banner-deals-rotation--telegram\"><\/p>\n<p>        Entra no nosso canal Telegram<br \/>e recebe as melhores ofertas<\/p>\n<p>        ENTRAR\n    <\/p>\n<p><\/a><\/p>\n<p>A expans\u00e3o da quinta gera\u00e7\u00e3o de redes m\u00f3veis continua a avan\u00e7ar a bom ritmo em Portugal. Os <a href=\"https:\/\/stat.anacom.pt\/pt-PT\/Factos-e-Numeros\/Atualidades\/Atualidade\/?id=ATU-2026-J7J6\" rel=\"nofollow noopener\" target=\"_blank\">n\u00fameros oficiais da ANACOM<\/a> relativos ao final do segundo trimestre de 2026 confirmam que o pa\u00eds <strong>ultrapassou a fasquia das 16 mil esta\u00e7\u00f5es de base 5G instaladas.<\/strong><\/p>\n<p>J\u00e1 existem 16 142 antenas operacionais. Este valor traduz-se num crescimento de 2,9% face ao trimestre anterior e num incremento de 11,7% em termos hom\u00f3logos. A distribui\u00e7\u00e3o de antenas entre as operadoras a operar no mercado portugu\u00eas, volta a mostrar surpresas <a href=\"https:\/\/4gnews.pt\/digi-supera-a-meo-num-servico-muito-utilizado-pelos-portugueses\/\" rel=\"nofollow noopener\" target=\"_blank\">face aos dados de mar\u00e7o<\/a>.<\/p>\n<p>Vodafone lidera e DIGI continua \u00e0 frente da MEO<\/p>\n<p>A Vodafone mant\u00e9m a lideran\u00e7a com o parque de antenas mais extenso, seguida pela NOS. A grande surpresa continua a ser o terceiro lugar da tabela, onde a DIGI j\u00e1 contabiliza mais antenas ativas do que a hist\u00f3rica MEO, ainda que a operadora da Altice tenha registado o maior ritmo de crescimento percentual face a 2025, com um salto de 32,8%.<\/p>\n<ol>\n<li><strong>Vodafone<\/strong>: 5 627 esta\u00e7\u00f5es<\/li>\n<li><strong>NOS<\/strong>: 4 912 esta\u00e7\u00f5es<\/li>\n<li><strong>DIGI<\/strong>: 2 864 esta\u00e7\u00f5es<\/li>\n<li><strong>MEO<\/strong>: 2 739 esta\u00e7\u00f5es<\/li>\n<\/ol>\n<p>DIGI j\u00e1 cobre 307 dos 308 concelhos de Portugal com 5G<\/p>\n<p>A cobertura geogr\u00e1fica das infraestruturas abrange todos os 308 concelhos do pa\u00eds, um patamar que o regulador nacional j\u00e1 registava desde meados de 2023. Enquanto NOS, Vodafone e MEO marcam presen\u00e7a com pelo menos uma antena na totalidade dos munic\u00edpios portugueses, a DIGI cobre atualmente 307 concelhos.<\/p>\n<p>76,2% das freguesias contam com pelo menos uma antena 5G em Portugal<\/p>\n<p>Ao descer \u00e0 escala das freguesias, 2 354 freguesias contam com pelo menos uma esta\u00e7\u00e3o 5G em funcionamento, correspondendo a 76,2% do total nacional. Estas \u00e1reas agregam 89,1% do territ\u00f3rio e concentram 94,6% da popula\u00e7\u00e3o residente.<\/p>\n<p>Mas a entidade reguladora sublinha que <strong>a presen\u00e7a de uma antena numa freguesia n\u00e3o garante que a totalidade da sua \u00e1rea territorial ou dos seus residentes usufrua de sinal efetivo<\/strong>.<\/p>\n<p>Zonas urbanas agregam 63,2% de todas as antenas<\/p>\n<p>A densidade de distribui\u00e7\u00e3o mant\u00e9m-se concentrada no litoral, com destaque para a faixa entre Viana do Castelo e Set\u00fabal e o litoral do Algarve. As zonas consideradas predominantemente urbanas agregam 63,2% de todas as antenas. Contrastam com os 22,9% em \u00e1reas rurais e os 13,9% em zonas mediamente urbanas.<\/p>\n<p>No plano das frequ\u00eancias de transmiss\u00e3o, a faixa dos 700 MHz continua a assumir o papel principal para assegurar alcance e propaga\u00e7\u00e3o de sinal. Est\u00e1 ativa em 12 219 esta\u00e7\u00f5es. A faixa dos 3,6 GHz, desenhada para trazer velocidades superiores e menor lat\u00eancia, marca presen\u00e7a em 5 896 antenas.<\/p>\n<p>6,2 milh\u00f5es de utilizadores j\u00e1 navegam em 5G em Portugal<\/p>\n<p>O pa\u00eds conta com 6,2 milh\u00f5es de utilizadores a navegar na Internet atrav\u00e9s de 5G. Ou seja, existe uma taxa de penetra\u00e7\u00e3o de <strong>54,2 utilizadores por cada 100 habitantes<\/strong>, com 98,9% desses acessos a serem feitos atrav\u00e9s do telem\u00f3vel.<\/p>\n<p>As liga\u00e7\u00f5es 5G j\u00e1 pesam <strong>45,8% no total de cart\u00f5es m\u00f3veis<\/strong> com utiliza\u00e7\u00e3o efetiva em Portugal e atingem 54% quando consideramos apenas o tr\u00e1fego de dados. O tr\u00e1fego de visitantes estrangeiros em roaming tamb\u00e9m acompanha a tend\u00eancia. Duplicou com uma subida de 100,6% face a 2025 e 36% de todo o consumo em roaming no territ\u00f3rio nacional.<\/p>\n<p>Melhores Ofertas nas \u00faltimas 24h<\/p>\n<p class=\"inline-related-title\">Recomendados para ti<\/p>\n","protected":false},"excerpt":{"rendered":"O n\u00famero de esta\u00e7\u00f5es de base 5G em Portugal subiu para 16 142 no segundo trimestre de 2026,&hellip;\n","protected":false},"author":2,"featured_media":512107,"comment_status":"","ping_status":"","sticky":false,"template":"","format":"standard","meta":{"footnotes":"","_share_on_mastodon":"0"},"categories":[83],"tags":[88,89,90,32,33],"class_list":["post-512106","post","type-post","status-publish","format-standard","has-post-thumbnail","category-empresas","tag-business","tag-economy","tag-empresas","tag-portugal","tag-pt"],"share_on_mastodon":{"url":"https:\/\/pubeurope.com\/@pt\/117214588275196149","error":""},"_links":{"self":[{"href":"https:\/\/www.europesays.com\/pt\/wp-json\/wp\/v2\/posts\/512106","targetHints":{"allow":["GET"]}}],"collection":[{"href":"https:\/\/www.europesays.com\/pt\/wp-json\/wp\/v2\/posts"}],"about":[{"href":"https:\/\/www.europesays.com\/pt\/wp-json\/wp\/v2\/types\/post"}],"author":[{"embeddable":true,"href":"https:\/\/www.europesays.com\/pt\/wp-json\/wp\/v2\/users\/2"}],"replies":[{"embeddable":true,"href":"https:\/\/www.europesays.com\/pt\/wp-json\/wp\/v2\/comments?post=512106"}],"version-history":[{"count":0,"href":"https:\/\/www.europesays.com\/pt\/wp-json\/wp\/v2\/posts\/512106\/revisions"}],"wp:featuredmedia":[{"embeddable":true,"href":"https:\/\/www.europesays.com\/pt\/wp-json\/wp\/v2\/media\/512107"}],"wp:attachment":[{"href":"https:\/\/www.europesays.com\/pt\/wp-json\/wp\/v2\/media?parent=512106"}],"wp:term":[{"taxonomy":"category","embeddable":true,"href":"https:\/\/www.europesays.com\/pt\/wp-json\/wp\/v2\/categories?post=512106"},{"taxonomy":"post_tag","embeddable":true,"href":"https:\/\/www.europesays.com\/pt\/wp-json\/wp\/v2\/tags?post=512106"}],"curies":[{"name":"wp","href":"https:\/\/api.w.org\/{rel}","templated":true}]}}