{"id":512118,"date":"2026-09-04T20:20:24","date_gmt":"2026-09-04T20:20:24","guid":{"rendered":"https:\/\/www.europesays.com\/pt\/512118\/"},"modified":"2026-09-04T20:20:24","modified_gmt":"2026-09-04T20:20:24","slug":"febre-do-nilo-nao-ha-preocupacao-em-relacao-a-epidemia-diz-coordenadora-da-vigilancia-em-saude-de-sp","status":"publish","type":"post","link":"https:\/\/www.europesays.com\/pt\/512118\/","title":{"rendered":"Febre do Nilo: &#8216;N\u00e3o h\u00e1 preocupa\u00e7\u00e3o em rela\u00e7\u00e3o a epidemia&#8217;, diz coordenadora da Vigil\u00e2ncia em Sa\u00fade de SP"},"content":{"rendered":"\n<p class=\" content-text__container \" data-track-category=\"Link no Texto\" data-track-links=\"\"> J\u00e1 nas formas graves, h\u00e1 acometimento do sistema neurol\u00f3gico, com a apresenta\u00e7\u00e3o de doen\u00e7a neurol\u00f3gica severa, que pode ser meningite (a mais comum), encefalite ou paralisia fl\u00e1cida aguda. Ainda segundo informa\u00e7\u00f5es do Minist\u00e9rio da Sa\u00fade, os casos podem apresentar febre, fraqueza, sintomas gastrointestinais e altera\u00e7\u00e3o no &#8220;padr\u00e3o mental&#8221;, podendo ainda ter exantema maculopapular ou morbiliforme (erup\u00e7\u00e3o cut\u00e2nea aguda caracterizada por manchas vermelhas planas e pequenas eleva\u00e7\u00f5es firmes na pele), envolvendo pesco\u00e7o, tronco, bra\u00e7os e pernas, fraqueza muscular severa e paralisia fl\u00e1cida aguda. <\/p>\n","protected":false},"excerpt":{"rendered":"J\u00e1 nas formas graves, h\u00e1 acometimento do sistema neurol\u00f3gico, com a apresenta\u00e7\u00e3o de doen\u00e7a neurol\u00f3gica severa, que pode&hellip;\n","protected":false},"author":2,"featured_media":512119,"comment_status":"","ping_status":"","sticky":false,"template":"","format":"standard","meta":{"footnotes":"","_share_on_mastodon":"0"},"categories":[86],"tags":[319,116,32,33,117],"class_list":["post-512118","post","type-post","status-publish","format-standard","has-post-thumbnail","category-saude","tag-hard-news","tag-health","tag-portugal","tag-pt","tag-saude"],"share_on_mastodon":{"url":"https:\/\/pubeurope.com\/@pt\/117214630825771441","error":""},"_links":{"self":[{"href":"https:\/\/www.europesays.com\/pt\/wp-json\/wp\/v2\/posts\/512118","targetHints":{"allow":["GET"]}}],"collection":[{"href":"https:\/\/www.europesays.com\/pt\/wp-json\/wp\/v2\/posts"}],"about":[{"href":"https:\/\/www.europesays.com\/pt\/wp-json\/wp\/v2\/types\/post"}],"author":[{"embeddable":true,"href":"https:\/\/www.europesays.com\/pt\/wp-json\/wp\/v2\/users\/2"}],"replies":[{"embeddable":true,"href":"https:\/\/www.europesays.com\/pt\/wp-json\/wp\/v2\/comments?post=512118"}],"version-history":[{"count":0,"href":"https:\/\/www.europesays.com\/pt\/wp-json\/wp\/v2\/posts\/512118\/revisions"}],"wp:featuredmedia":[{"embeddable":true,"href":"https:\/\/www.europesays.com\/pt\/wp-json\/wp\/v2\/media\/512119"}],"wp:attachment":[{"href":"https:\/\/www.europesays.com\/pt\/wp-json\/wp\/v2\/media?parent=512118"}],"wp:term":[{"taxonomy":"category","embeddable":true,"href":"https:\/\/www.europesays.com\/pt\/wp-json\/wp\/v2\/categories?post=512118"},{"taxonomy":"post_tag","embeddable":true,"href":"https:\/\/www.europesays.com\/pt\/wp-json\/wp\/v2\/tags?post=512118"}],"curies":[{"name":"wp","href":"https:\/\/api.w.org\/{rel}","templated":true}]}}