{"id":512120,"date":"2026-09-04T20:22:19","date_gmt":"2026-09-04T20:22:19","guid":{"rendered":"https:\/\/www.europesays.com\/pt\/512120\/"},"modified":"2026-09-04T20:22:19","modified_gmt":"2026-09-04T20:22:19","slug":"apple-quer-acelerar-uso-de-ia-em-seus-dispositivos-com-novos-chips-de-olho-nas-empresas-o-globo","status":"publish","type":"post","link":"https:\/\/www.europesays.com\/pt\/512120\/","title":{"rendered":"Apple quer acelerar uso de IA em seus dispositivos com novos chips de olho nas empresas &#8211; O GLOBO"},"content":{"rendered":"<ol>\n<li><a href=\"https:\/\/news.google.com\/rss\/articles\/CBMi7gFBVV95cUxQcFRUb2RWaUd6OGljaFdfSFMwQm00ZDFwbTR2dWNBN09WQW5CZG9IT250bGkxeHFBZElYRzdlc2lrU00ybWRjVlUtRmtiV1h4VXRrQy1MeFMyZUF3WWNGN0NfOTVXb1FZcUVjbGNybnExSEZKQjlnNGNfcEhGVmtNWnBrN00tanhTcGlJRTZNc1dzbWRKYVFlUk1Oc21OZHczOFI1UGlXNjRmMmNYZVphUzhzRXBiMkdZVGh3VUJ1TWVpV3FKelZabTdwOV9WOThpQkkzenY0U3N6Wm5wVGswTUloY3BMT2RwU3ZwNi1n0gH8AUFVX3lxTFBtaFBDeWNLc1NZNnpMV0JSQW9JbWZFU0pRdEF5cTRwekN2U3lKU2hLdUpQWm1CVWJuN2ZIc2szUHd6UEM2MGR4M01EaC1yTnlMdmRfdXR0THRlSktHTVUwVlNtMUZHeTJheDZvRjVjR29WOTdjQkgwal94NmNXMlVpNzRLbGZYMXdrNUFOVmpLT3pRRTA1b241dmZDWVdNdUxoa2VOck5kc2lGNnBCX2lxOXh0RkdoYWdJSmpiSUdnSC1zd1dFT0FjM2p4WGxoS2NsVVBkbnd1YWlCdko4RGg1UUJpbEwxR0ZCSkN5b0QtQWU2XzBYTnk3eHlESA?oc=5\" target=\"_blank\" rel=\"nofollow noopener\">Apple quer acelerar uso de IA em seus dispositivos com novos chips de olho nas empresas<\/a>&nbsp;&nbsp;O GLOBO<\/li>\n<li><a href=\"https:\/\/news.google.com\/rss\/articles\/CBMic0FVX3lxTE5Fay1HeDdLbWdDSEZQcklDSWJNeVhiMHhkRnB0SlNmUEV0ZUh2YTBlSGJEc1VWQzhtckhuaGh5bjF4bzdsZUdTYjBYX1NFeVF3Uk1TRlMyd0VibnFLdURnb05DTnZXWHFuSERneXF4dE9xN00?oc=5\" target=\"_blank\" rel=\"nofollow noopener\">Os novos Macs ficaram ABSURDOS!<\/a>&nbsp;&nbsp;mundoconectado.com.br<\/li>\n<li><a href=\"https:\/\/news.google.com\/rss\/articles\/CBMiugFBVV95cUxQNUREYnN4QVdJQWsxZl9QRV80eENiTUFBaUxRRXR1LXpFOUZJNW1DSURZWkNpa0hDLWp6M1BTY0cyZ2J6WHo2T1AwWk1WYkZNY0k0d0pLem5sRDQ3TWVJYm13aTF0dTh0RnlfM1FLcExrWVpfNEs2UlFsZ3YzZmlkaTNCcENQZENDcXBwaHlIMmZ6RE83NEN0U0JhdGdFYk9BUFRFN3BqTllEaXFhbkI3RGF2ZGxfMlNEMUE?oc=5\" target=\"_blank\" rel=\"nofollow noopener\">Novo Mac mini \u00e9 anunciado \u2014 os 5 artigos mais lidos da semana no MacMagazine<\/a>&nbsp;&nbsp;MacMagazine<\/li>\n<li><a href=\"https:\/\/news.google.com\/rss\/articles\/CBMisgJBVV95cUxNRFZVZnV4Mjl3Z0lkSU1qVXNXcG9xWEJ2X0RTNHB1aGZxMmx4U0pTZkZmdXZIUHVXTE82a2FwUXpDUFV6NXdTdFl5NjV0R0JkT01fLWFVUUluckZXS3RJWml2OTRTX1FmT3U5ZjRrak1pZmZNNkppblJzeDVRTl9XdFowLWtuajZ3bWdCdXpBV256Y2NtWDY0ZGVTOHBteFF1RkpLSlBtU25XemQyMlpROVVlUlFadE9iUGRDMjV1TFYtTlpVbjhFQVNBNzhlYWNPNC1EOGwwX2ZVaDBvMUdHWkNmNlFzNzk5N01NSDBHYl9RZkljSlB3Y3ZjV184TnNFbVB1NmxwR2l1azBQWF9jWFF5VVl6V0tSbzVMMmxEYWxsUVM1NEllanRWaW5NNHZhS3c?oc=5\" target=\"_blank\" rel=\"nofollow noopener\">O NAS \u00e9 coisa do passado; o futuro que se avizinha \u00e9 montar o seu pr\u00f3prio &#8220;data center&#8221; dom\u00e9stico para dar suporte ao uso de IA<\/a>&nbsp;&nbsp;Terra<\/li>\n<li><a href=\"https:\/\/news.google.com\/rss\/articles\/CBMi1wFBVV95cUxNeUh0V1hxb3NzT25Bc0RBcWNZa2w0Yk50RDIxSE9fUHJzSEhscDRsNVl6SFhrYUp3QjhtUWRUREQ3VlRLU2lHMlZCbzdkNkZnM0twMmVibjZyQV9WVGNkYjM4MUU0WEtIQ1NQeEM4c3o3SlFUNjNOemQxLWxWbnVmaWdOM0ZfWlgxeDhEOTlYWVFwaGsyellka1g2YTd0YmVsWXBOTHdqSm4tSldoZ2xNaXh4RlRGcXNwczU4Rk1HWG54UEpmTmZ6Wk5TTnRwME50NkVZR0taMA?oc=5\" target=\"_blank\" rel=\"nofollow noopener\">Apple transforma Mac mini M6 em m\u00e1quina de alta performance em anima\u00e7\u00e3o artesanal<\/a>&nbsp;&nbsp;Acontecendo Aqui<\/li>\n<\/ol>\n","protected":false},"excerpt":{"rendered":"Apple quer acelerar uso de IA em seus dispositivos com novos chips de olho nas empresas&nbsp;&nbsp;O GLOBO Os&hellip;\n","protected":false},"author":2,"featured_media":512121,"comment_status":"","ping_status":"","sticky":false,"template":"","format":"standard","meta":{"footnotes":"","_share_on_mastodon":"0"},"categories":[84],"tags":[109,107,108,32,33,105,103,104,106,110],"class_list":["post-512120","post","type-post","status-publish","format-standard","has-post-thumbnail","category-ciencia-e-tecnologia","tag-ciencia","tag-ciencia-e-tecnologia","tag-cienciaetecnologia","tag-portugal","tag-pt","tag-science","tag-science-and-technology","tag-scienceandtechnology","tag-technology","tag-tecnologia"],"share_on_mastodon":{"url":"https:\/\/pubeurope.com\/@pt\/117214638611031435","error":""},"_links":{"self":[{"href":"https:\/\/www.europesays.com\/pt\/wp-json\/wp\/v2\/posts\/512120","targetHints":{"allow":["GET"]}}],"collection":[{"href":"https:\/\/www.europesays.com\/pt\/wp-json\/wp\/v2\/posts"}],"about":[{"href":"https:\/\/www.europesays.com\/pt\/wp-json\/wp\/v2\/types\/post"}],"author":[{"embeddable":true,"href":"https:\/\/www.europesays.com\/pt\/wp-json\/wp\/v2\/users\/2"}],"replies":[{"embeddable":true,"href":"https:\/\/www.europesays.com\/pt\/wp-json\/wp\/v2\/comments?post=512120"}],"version-history":[{"count":0,"href":"https:\/\/www.europesays.com\/pt\/wp-json\/wp\/v2\/posts\/512120\/revisions"}],"wp:featuredmedia":[{"embeddable":true,"href":"https:\/\/www.europesays.com\/pt\/wp-json\/wp\/v2\/media\/512121"}],"wp:attachment":[{"href":"https:\/\/www.europesays.com\/pt\/wp-json\/wp\/v2\/media?parent=512120"}],"wp:term":[{"taxonomy":"category","embeddable":true,"href":"https:\/\/www.europesays.com\/pt\/wp-json\/wp\/v2\/categories?post=512120"},{"taxonomy":"post_tag","embeddable":true,"href":"https:\/\/www.europesays.com\/pt\/wp-json\/wp\/v2\/tags?post=512120"}],"curies":[{"name":"wp","href":"https:\/\/api.w.org\/{rel}","templated":true}]}}