{"id":512126,"date":"2026-09-04T20:29:16","date_gmt":"2026-09-04T20:29:16","guid":{"rendered":"https:\/\/www.europesays.com\/pt\/512126\/"},"modified":"2026-09-04T20:29:16","modified_gmt":"2026-09-04T20:29:16","slug":"luis-neves-responde-a-deputados-horas-antes-da-mocao-de-censura-do-chega-ao-governo","status":"publish","type":"post","link":"https:\/\/www.europesays.com\/pt\/512126\/","title":{"rendered":"Lu\u00eds Neves responde a deputados horas antes da mo\u00e7\u00e3o de censura do Chega ao Governo"},"content":{"rendered":"<p><strong>O ministro da Administra\u00e7\u00e3o Interna, Lu\u00eds Neves, ir\u00e1 ao Parlamento na manh\u00e3 desta ter\u00e7a-feira para uma audi\u00e7\u00e3o regimental na Comiss\u00e3o de Assuntos Constitucionais, marcada para as 10h00<\/strong>, apenas cinco horas e meia antes de o grupo parlamentar do Chega apresentar a mo\u00e7\u00e3o de censura ao Governo, motivada precisamente pela perman\u00eancia do antigo diretor nacional da Pol\u00edcia Judici\u00e1ria no Executivo de Lu\u00eds Montenegro.<\/p>\n<p>A audi\u00e7\u00e3o regimental, na qual Lu\u00eds Neves dever\u00e1 ser confrontado com perguntas sobre o seu mandato \u00e0 frente da pasta da Administra\u00e7\u00e3o Interna, foi confirmada nesta sexta-feira pela presidente da Comiss\u00e3o de Assuntos Constitucionais, Paula Cardoso (PSD). <strong>Apesar de estar prevista, levando a que o governante tenha desafiado Andr\u00e9 Ventura a colocar-lhe perguntas nessa ocasi\u00e3o, ainda n\u00e3o se encontrava na agenda de trabalhos, disponibilizada no site oficial da Assembleia da Rep\u00fablica, no in\u00edcio da tarde.<\/strong><\/p>\n<p><strong>Andr\u00e9 Ventura n\u00e3o \u00e9 um dos deputados indicados pelo Chega para essa comiss\u00e3o<\/strong>, em que Idalina Dur\u00e3es \u00e9 uma das vice-presidentes e Vanessa Barata a coordenadora do grupo parlamentar. <strong>E tamb\u00e9m n\u00e3o se encontra entre os suplentes, embora Paula Cardoso tenha defendido que nada o impediria de participar na audi\u00e7\u00e3o<\/strong>, substituindo outro dos deputados do seu partido, caso fosse a sua vontade.<\/p>\n<p>Sobre as perguntas que os deputados poder\u00e3o fazer ao ministro da Administra\u00e7\u00e3o Interna, horas antes da discuss\u00e3o da mo\u00e7\u00e3o de censura, <strong>a social-democrata que preside a comiss\u00e3o parlamentar tem dado indica\u00e7\u00f5es de que podem ir al\u00e9m das op\u00e7\u00f5es pol\u00edticas que ele tem tomado no Minist\u00e9rio da Administra\u00e7\u00e3o Interna.<\/strong> <\/p>\n","protected":false},"excerpt":{"rendered":"O ministro da Administra\u00e7\u00e3o Interna, Lu\u00eds Neves, ir\u00e1 ao Parlamento na manh\u00e3 desta ter\u00e7a-feira para uma audi\u00e7\u00e3o regimental&hellip;\n","protected":false},"author":2,"featured_media":512127,"comment_status":"","ping_status":"","sticky":false,"template":"","format":"standard","meta":{"footnotes":"","_share_on_mastodon":"0"},"categories":[8],"tags":[5610,82060,27,28,1736,33940,15,16,301,14,25,26,1447,36448,21,22,80933,12,13,19,20,4532,2445,32,23,24,33,17,18,29,30,31],"class_list":["post-512126","post","type-post","status-publish","format-standard","has-post-thumbnail","category-principais-noticias","tag-administracao-interna","tag-audicao-regimental","tag-breaking-news","tag-breakingnews","tag-chega","tag-comissao-de-assuntos-constitucionais","tag-featured-news","tag-featurednews","tag-governo","tag-headlines","tag-latest-news","tag-latestnews","tag-luis-montenegro","tag-luis-neves","tag-main-news","tag-mainnews","tag-mocao-de-censura","tag-news","tag-noticias","tag-noticias-principais","tag-noticiasprincipais","tag-parlamento","tag-policia-judiciaria","tag-portugal","tag-principais-noticias","tag-principaisnoticias","tag-pt","tag-top-stories","tag-topstories","tag-ultimas","tag-ultimas-noticias","tag-ultimasnoticias"],"share_on_mastodon":{"url":"","error":"Validation failed: Text character limit of 500 exceeded"},"_links":{"self":[{"href":"https:\/\/www.europesays.com\/pt\/wp-json\/wp\/v2\/posts\/512126","targetHints":{"allow":["GET"]}}],"collection":[{"href":"https:\/\/www.europesays.com\/pt\/wp-json\/wp\/v2\/posts"}],"about":[{"href":"https:\/\/www.europesays.com\/pt\/wp-json\/wp\/v2\/types\/post"}],"author":[{"embeddable":true,"href":"https:\/\/www.europesays.com\/pt\/wp-json\/wp\/v2\/users\/2"}],"replies":[{"embeddable":true,"href":"https:\/\/www.europesays.com\/pt\/wp-json\/wp\/v2\/comments?post=512126"}],"version-history":[{"count":0,"href":"https:\/\/www.europesays.com\/pt\/wp-json\/wp\/v2\/posts\/512126\/revisions"}],"wp:featuredmedia":[{"embeddable":true,"href":"https:\/\/www.europesays.com\/pt\/wp-json\/wp\/v2\/media\/512127"}],"wp:attachment":[{"href":"https:\/\/www.europesays.com\/pt\/wp-json\/wp\/v2\/media?parent=512126"}],"wp:term":[{"taxonomy":"category","embeddable":true,"href":"https:\/\/www.europesays.com\/pt\/wp-json\/wp\/v2\/categories?post=512126"},{"taxonomy":"post_tag","embeddable":true,"href":"https:\/\/www.europesays.com\/pt\/wp-json\/wp\/v2\/tags?post=512126"}],"curies":[{"name":"wp","href":"https:\/\/api.w.org\/{rel}","templated":true}]}}