{"id":512136,"date":"2026-09-04T20:37:16","date_gmt":"2026-09-04T20:37:16","guid":{"rendered":"https:\/\/www.europesays.com\/pt\/512136\/"},"modified":"2026-09-04T20:37:16","modified_gmt":"2026-09-04T20:37:16","slug":"opiniao-o-cancro-do-pulmao-nao-tira-ferias-tds","status":"publish","type":"post","link":"https:\/\/www.europesays.com\/pt\/512136\/","title":{"rendered":"Opini\u00e3o: O Cancro do Pulm\u00e3o n\u00e3o tira f\u00e9rias \u2013 TDS"},"content":{"rendered":"<p>Opini\u00e3o<\/p>\n<blockquote>\n<p style=\"text-align: center;\">O Cancro do Pulm\u00e3o n\u00e3o tira f\u00e9rias<\/p>\n<\/blockquote>\n<p>A 1 de agosto assinalou-se o Dia Mundial do Cancro do Pulm\u00e3o, mote da campanha \u201cO Cancro do Pulm\u00e3o N\u00e3o Tira F\u00e9rias\u201d. A mensagem \u00e9 simples: no ver\u00e3o, muitas rotinas ficam em pausa, mas o cuidado com a nossa sa\u00fade n\u00e3o deve ficar.<\/p>\n<p><b>O que \u00e9 o cancro do pulm\u00e3o?<\/b><b\/><\/p>\n<p>\u00c9 uma doen\u00e7a em que c\u00e9lulas do pulm\u00e3o come\u00e7am a crescer de forma anormal e descontrolada, formando tumores que comprometem progressivamente a fun\u00e7\u00e3o respirat\u00f3ria e que, sem tratamento, podem espalhar-se a outros \u00f3rg\u00e3os.<\/p>\n<p><b>Existem diferentes tipos?<\/b><b\/><\/p>\n<p>Sim, existem dois grandes grupos. O carcinoma de n\u00e3o pequenas c\u00e9lulas (CPNPC) \u00e9 o mais frequente \u2014 cerca de 85% dos casos \u2014 e inclui subtipos como o adenocarcinoma e o carcinoma pavimento-celular. O carcinoma de pequenas c\u00e9lulas (CPPC) \u00e9 menos frequente, mas tende a ser mais agressivo. Consoante cada subtipo podem ser pedidos estudos moleculares, que s\u00e3o \u00fateis para os melhor caraterizar e orientar as op\u00e7\u00f5es de tratamento.<\/p>\n<p><b>Quais os principais sintomas?<\/b><b\/><\/p>\n<p>Numa fase inicial, a doen\u00e7a \u00e9 frequentemente silenciosa, o que explica porque muitos casos s\u00e3o diagnosticados em estadio mais avan\u00e7ado. Sintomas a n\u00e3o ignorar: tosse persistente ou que se agrava, expetora\u00e7\u00e3o com sangue, falta de ar sem explica\u00e7\u00e3o, dor tor\u00e1cica, rouquid\u00e3o persistente, perda de peso inexplicada, cansa\u00e7o constante e infe\u00e7\u00f5es respirat\u00f3rias recorrentes. Estes sintomas podem ter outras causas, mas quando persistem justificam avalia\u00e7\u00e3o m\u00e9dica \u2014 tamb\u00e9m durante as f\u00e9rias.<\/p>\n<p><b>Quais os principais fatores de risco?<\/b><b\/><\/p>\n<p>O tabagismo continua a ser, de longe, o principal fator de risco, estando associado \u00e0 maioria dos casos. Tamb\u00e9m o fumo passivo aumenta o risco de desenvolver a doen\u00e7a. Somam-se outros fatores: exposi\u00e7\u00e3o ao rad\u00e3o, contacto com amianto e outras subst\u00e2ncias em contexto profissional, polui\u00e7\u00e3o atmosf\u00e9rica, algumas doen\u00e7as pulmonares cr\u00f3nicas e hist\u00f3ria familiar da doen\u00e7a. Para fumadores e ex-fumadores o rastreio pode ser considerado, consoante a faixa et\u00e1ria e a carga tab\u00e1gica.<\/p>\n<p><b>Como \u00e9 que Portugal compara com a Uni\u00e3o Europeia?<\/b><b\/><\/p>\n<p>Portugal apresenta, de forma geral, uma incid\u00eancia de cancro pr\u00f3xima da m\u00e9dia europeia. Em 2024 foram diagnosticados 6.148 de novos casos de cancro do pulm\u00e3o, tornando-o a quarta neoplasia mais diagnosticada em Portugal, mas respons\u00e1vel por 5.589 mortes nesse ano, sendo a principal causa de morte oncol\u00f3gica. Um dado a reter: face \u00e0 m\u00e9dia da Uni\u00e3o Europeia, a mortalidade tem diminu\u00eddo ligeiramente entre os homens portugueses, mas aumentado de forma consider\u00e1vel entre as mulheres, refletindo os padr\u00f5es de tabagismo feminino das \u00faltimas d\u00e9cadas. Tal como em outros pa\u00edses da Europa, que j\u00e1 implementaram o rastreio ou est\u00e3o a trabalhar na sua implementa\u00e7\u00e3o, em abril de 2026 foi assinado um despacho para a implementa\u00e7\u00e3o de projetos-piloto de rastreio do cancro do pulm\u00e3o no SNS, no \u00e2mbito da Estrat\u00e9gia Nacional de Luta Contra o Cancro \u2013 Horizonte 2030.<\/p>\n<p><b>Como evitar?<\/b><b\/><\/p>\n<p>A maioria dos casos de cancro do pulm\u00e3o \u00e9 potencialmente evit\u00e1vel. A medida mais importante \u00e9 n\u00e3o fumar. Para quem fuma, pode procurar apoio \u00e0 cessa\u00e7\u00e3o tab\u00e1gica nos servi\u00e7os de sa\u00fade, incluindo a farm\u00e1cia comunit\u00e1ria.<\/p>\n<p>\u00c9 igualmente importante evitar a exposi\u00e7\u00e3o ao fumo passivo, reduzir a exposi\u00e7\u00e3o ocupacional a subst\u00e2ncias carcinog\u00e9nicas, conhecer o risco de rad\u00e3o em zonas onde este \u00e9 mais frequente e adotar um estilo de vida saud\u00e1vel e n\u00e3o desvalorizar sintomas persistentes, mesmo em per\u00edodo de f\u00e9rias.<\/p>\n<p>As farm\u00e1cias comunit\u00e1rias, pela proximidade \u00e0 popula\u00e7\u00e3o, desempenham um papel fundamental na promo\u00e7\u00e3o da cessa\u00e7\u00e3o tab\u00e1gica, na educa\u00e7\u00e3o para a sa\u00fade e na identifica\u00e7\u00e3o de sinais de alarme. Muitas vezes, uma conversa com o farmac\u00eautico pode ser o primeiro passo para um diagn\u00f3stico atempado ou para a decis\u00e3o de deixar de fumar.<\/p>\n<p>O cancro do pulm\u00e3o n\u00e3o tira f\u00e9rias. A preven\u00e7\u00e3o, a informa\u00e7\u00e3o e a aten\u00e7\u00e3o aos sinais de alerta tamb\u00e9m n\u00e3o devem tirar.<\/p>\n","protected":false},"excerpt":{"rendered":"Opini\u00e3o O Cancro do Pulm\u00e3o n\u00e3o tira f\u00e9rias A 1 de agosto assinalou-se o Dia Mundial do Cancro&hellip;\n","protected":false},"author":2,"featured_media":512137,"comment_status":"","ping_status":"","sticky":false,"template":"","format":"standard","meta":{"footnotes":"","_share_on_mastodon":"0"},"categories":[86],"tags":[116,32,33,117],"class_list":["post-512136","post","type-post","status-publish","format-standard","has-post-thumbnail","category-saude","tag-health","tag-portugal","tag-pt","tag-saude"],"share_on_mastodon":{"url":"https:\/\/pubeurope.com\/@pt\/117214697634657545","error":""},"_links":{"self":[{"href":"https:\/\/www.europesays.com\/pt\/wp-json\/wp\/v2\/posts\/512136","targetHints":{"allow":["GET"]}}],"collection":[{"href":"https:\/\/www.europesays.com\/pt\/wp-json\/wp\/v2\/posts"}],"about":[{"href":"https:\/\/www.europesays.com\/pt\/wp-json\/wp\/v2\/types\/post"}],"author":[{"embeddable":true,"href":"https:\/\/www.europesays.com\/pt\/wp-json\/wp\/v2\/users\/2"}],"replies":[{"embeddable":true,"href":"https:\/\/www.europesays.com\/pt\/wp-json\/wp\/v2\/comments?post=512136"}],"version-history":[{"count":0,"href":"https:\/\/www.europesays.com\/pt\/wp-json\/wp\/v2\/posts\/512136\/revisions"}],"wp:featuredmedia":[{"embeddable":true,"href":"https:\/\/www.europesays.com\/pt\/wp-json\/wp\/v2\/media\/512137"}],"wp:attachment":[{"href":"https:\/\/www.europesays.com\/pt\/wp-json\/wp\/v2\/media?parent=512136"}],"wp:term":[{"taxonomy":"category","embeddable":true,"href":"https:\/\/www.europesays.com\/pt\/wp-json\/wp\/v2\/categories?post=512136"},{"taxonomy":"post_tag","embeddable":true,"href":"https:\/\/www.europesays.com\/pt\/wp-json\/wp\/v2\/tags?post=512136"}],"curies":[{"name":"wp","href":"https:\/\/api.w.org\/{rel}","templated":true}]}}