{"id":512138,"date":"2026-09-04T20:39:15","date_gmt":"2026-09-04T20:39:15","guid":{"rendered":"https:\/\/www.europesays.com\/pt\/512138\/"},"modified":"2026-09-04T20:39:15","modified_gmt":"2026-09-04T20:39:15","slug":"final-fantasy-7-revelations-nao-esta-completo-na-edicao-fisica","status":"publish","type":"post","link":"https:\/\/www.europesays.com\/pt\/512138\/","title":{"rendered":"Final Fantasy 7 Revelations n\u00e3o est\u00e1 completo na edi\u00e7\u00e3o f\u00edsica"},"content":{"rendered":"<p>&#13;<br \/>\nA Square Enix revelou que Final Fantasy 7 Revelations n\u00e3o inclui o jogo completo na edi\u00e7\u00e3o f\u00edsica, sendo obrigat\u00f3rio efetuar o download de dados para o jogar.&#13;\n<\/p>\n<p>&#13;<br \/>\nSeja na Nintendo <a href=\"https:\/\/www.eurogamer.pt\/tudo-o-que-foi-anunciado-na-nintendo-direc-da-switch-2\" rel=\"nofollow noopener\" target=\"_blank\">Switch 2<\/a>, PS5 ou Xbox Series X, nenhuma vers\u00e3o do final da trilogia de remakes estar\u00e1 completo na vers\u00e3o f\u00edsica. A Square Enix n\u00e3o especifica se alguma parte do jogo est\u00e1 no disco ou se \u00e9 apenas uma chave de ativa\u00e7\u00e3o para a vers\u00e3o digital.&#13;\n<\/p>\n<p>&#13;<br \/>\nNa Nintendo Switch 2, o cartucho \u00e9 um Game-Key Card, uma chave de ativa\u00e7\u00e3o para a vers\u00e3o digital, por isso est\u00e1 confirmado que n\u00e3o inclui nenhum dado de jogo.&#13;<\/p>\n","protected":false},"excerpt":{"rendered":"&#13; A Square Enix revelou que Final Fantasy 7 Revelations n\u00e3o inclui o jogo completo na edi\u00e7\u00e3o f\u00edsica,&hellip;\n","protected":false},"author":2,"featured_media":512139,"comment_status":"","ping_status":"","sticky":false,"template":"","format":"standard","meta":{"footnotes":"","_share_on_mastodon":"0"},"categories":[84],"tags":[109,107,108,32,33,105,103,104,106,110],"class_list":["post-512138","post","type-post","status-publish","format-standard","has-post-thumbnail","category-ciencia-e-tecnologia","tag-ciencia","tag-ciencia-e-tecnologia","tag-cienciaetecnologia","tag-portugal","tag-pt","tag-science","tag-science-and-technology","tag-scienceandtechnology","tag-technology","tag-tecnologia"],"share_on_mastodon":{"url":"https:\/\/pubeurope.com\/@pt\/117214705697143391","error":""},"_links":{"self":[{"href":"https:\/\/www.europesays.com\/pt\/wp-json\/wp\/v2\/posts\/512138","targetHints":{"allow":["GET"]}}],"collection":[{"href":"https:\/\/www.europesays.com\/pt\/wp-json\/wp\/v2\/posts"}],"about":[{"href":"https:\/\/www.europesays.com\/pt\/wp-json\/wp\/v2\/types\/post"}],"author":[{"embeddable":true,"href":"https:\/\/www.europesays.com\/pt\/wp-json\/wp\/v2\/users\/2"}],"replies":[{"embeddable":true,"href":"https:\/\/www.europesays.com\/pt\/wp-json\/wp\/v2\/comments?post=512138"}],"version-history":[{"count":0,"href":"https:\/\/www.europesays.com\/pt\/wp-json\/wp\/v2\/posts\/512138\/revisions"}],"wp:featuredmedia":[{"embeddable":true,"href":"https:\/\/www.europesays.com\/pt\/wp-json\/wp\/v2\/media\/512139"}],"wp:attachment":[{"href":"https:\/\/www.europesays.com\/pt\/wp-json\/wp\/v2\/media?parent=512138"}],"wp:term":[{"taxonomy":"category","embeddable":true,"href":"https:\/\/www.europesays.com\/pt\/wp-json\/wp\/v2\/categories?post=512138"},{"taxonomy":"post_tag","embeddable":true,"href":"https:\/\/www.europesays.com\/pt\/wp-json\/wp\/v2\/tags?post=512138"}],"curies":[{"name":"wp","href":"https:\/\/api.w.org\/{rel}","templated":true}]}}