{"id":512142,"date":"2026-09-04T20:43:15","date_gmt":"2026-09-04T20:43:15","guid":{"rendered":"https:\/\/www.europesays.com\/pt\/512142\/"},"modified":"2026-09-04T20:43:15","modified_gmt":"2026-09-04T20:43:15","slug":"fc-porto-2-1-moreirense-golo-de-william-gomes-coloca-equipa-da-casa-a-frente-no-marcador-futebol","status":"publish","type":"post","link":"https:\/\/www.europesays.com\/pt\/512142\/","title":{"rendered":"FC Porto 2 \u2013 1 Moreirense | Golo de William Gomes coloca equipa da casa \u00e0 frente no marcador &#8211; Futebol"},"content":{"rendered":"<p>&#13;<br \/>\n                                &#13;<\/p>\n<p class=\"\">&#13;<br \/>\n        O FC Porto recebe o Moreirense, \u00e0s 20h15, no jogo que abre a 5.\u00aa jornada da Liga Portugal Betclic. Consulte as escolhas de Francesco Farioli e de Vasco Botelho da Costa para este encontro, no Est\u00e1dio do Drag\u00e3o. Francisco Moura \u00e9 a surpresa no onze dos portistas, com Santi Gim\u00e9nez, Souza e Fofana no banco.&#13;\n    <\/p>\n<p>&#13;<br \/>\n&#13;<br \/>\n&#13;<br \/>\n                                &#13;<\/p>\n<p class=\"\">&#13;<br \/>\n        <b>ONZE DO FC PORTO<\/b>:\u00a0Diogo Costa; Alberto, Bednarek, Kiwior e Francisco Moura; Pablo Rosario, Victor Froholdt e Gabri Veiga; William Gomes, Pep\u00ea e Andr\u00e9 Silva&#13;\n    <\/p>\n<p>&#13;<br \/>\n&#13;<br \/>\n&#13;<br \/>\n                        &#13;<br \/>\n                                &#13;<\/p>\n<p class=\"\">&#13;<br \/>\n        <b>Suplentes<\/b>: Cl\u00e1udio Ramos, Jo\u00e3o Costa, Inbeom, Borja Sainz, Nehuen, Prpic, Alan Varela, Santi Gimenez, Souza, Fofana, Martim Fernandes e Duarte Cunha&#13;\n    <\/p>\n<p>&#13;<br \/>\n&#13;<br \/>\n&#13;<br \/>\n                        &#13;<br \/>\n                                &#13;<\/p>\n<p class=\"\">&#13;<br \/>\n        <b>ONZE DO MOREIRENSE<\/b>:\u00a0Andr\u00e9 Ferreira;\u00a0Dinis Pinto, Gilberto Batista, Marac\u00e1s e Kiko Domingues;\u00a0Guilherme Liberato, Nile John e Jo\u00e3o Veloso;\u00a0Manuel Mendon\u00e7a, Landerson e Parsemain&#13;\n    <\/p>\n<p>&#13;<br \/>\n&#13;<br \/>\n&#13;<br \/>\n                                &#13;<\/p>\n<p class=\"\">&#13;<br \/>\n        <b>Suplentes<\/b>:\u00a0Duarte Cunha, Wanderson Santos, Leandro Santos, Kevyn Souza, Mateja Stjepanovic, Kiko Bondoso, \u00c1lvaro Navarro, Tiago Andrade, Rodrigo Mart\u00edn, Jos\u00e9 Marques, Afonso Vieira e Yan Sousa&#13;\n    <\/p>\n<p>&#13;<br \/>\n&#13;<br \/>\n&#13;<br \/>\n                                &#13;<\/p>\n<p class=\"\">&#13;<br \/>\n        Siga o jogo <b><a href=\"https:\/\/www.record.pt\/jogos-em-direto\/169803\/fc-porto-vs-moreirense\/prejogo\/eventosprejogo\" target=\"_self\" rel=\"tag nofollow noopener\">AQUI<\/a><\/b>&#13;\n    <\/p>\n<p>&#13;<br \/>\n&#13;<br \/>\n&#13;<br \/>\n                        &#13;<br \/>\n                &#13;<br \/>\n&#13;<br \/>\n                &#13;<br \/>\n&#13;<br \/>\n&#13;<br \/>\n        &#13;<\/p>\n<p>64&#8242;<\/p>\n<p class=\"evento_titulo\">&#13;<br \/>\n                <img decoding=\"async\" src=\"https:\/\/www.europesays.com\/pt\/wp-content\/uploads\/2026\/09\/img_84x84uu2015-10-02-17-27-29-1005619.png\" class=\"logo_clube\" alt=\"Substitui\u00e7ao\"\/>Substitui\u00e7\u00e3o na equipa do FC Porto&#13;\n            <\/p>\n<p>&#13;<br \/>\n                    Gabri Veiga&#13;<br \/>\n                    Sai&#13;\n                <\/p>\n<p>&#13;<br \/>\n                    Inbeom&#13;<br \/>\n                    Entra&#13;\n                <\/p>\n<p>64&#8242;<\/p>\n<p class=\"evento_titulo\">&#13;<br \/>\n                <img decoding=\"async\" src=\"https:\/\/www.europesays.com\/pt\/wp-content\/uploads\/2026\/09\/img_84x84uu2015-10-02-17-27-29-1005619.png\" class=\"logo_clube\" alt=\"Substitui\u00e7ao\"\/>Substitui\u00e7\u00e3o na equipa do FC Porto&#13;\n            <\/p>\n<p>&#13;<br \/>\n                    Diogo Costa&#13;<br \/>\n                    Sai&#13;\n                <\/p>\n<p>&#13;<br \/>\n                    Jo\u00e3o Costa&#13;<br \/>\n                    Entra&#13;\n                <\/p>\n<p>64&#8242;<\/p>\n<p class=\"evento_titulo\">&#13;<br \/>\n                <img decoding=\"async\" src=\"https:\/\/www.europesays.com\/pt\/wp-content\/uploads\/2026\/09\/img_84x84uu2015-10-02-17-27-29-1005619.png\" class=\"logo_clube\" alt=\"Disciplina!\"\/>Disciplina!&#13;\n            <\/p>\n<p class=\"lead\">Cart\u00e3o amarelo mostrado a Francisco Moura da equipa FC Porto!<\/p>\n<p>63&#8242;<\/p>\n<p class=\"evento_titulo\">&#13;<br \/>\n                <img decoding=\"async\" src=\"https:\/\/www.europesays.com\/pt\/wp-content\/uploads\/2026\/09\/img_84x84uu2015-10-05-13-35-14-1005643.png\" class=\"logo_clube\" alt=\"Pontap\u00e9 de canto!\"\/>Pontap\u00e9 de canto!&#13;\n            <\/p>\n<p class=\"lead\">Pontap\u00e9 de canto, Porto. Concedido por Dinis Pinto.<\/p>\n<p>62&#8242;<\/p>\n<p class=\"evento_titulo\">&#13;<br \/>\n                <img decoding=\"async\" src=\"https:\/\/www.europesays.com\/pt\/wp-content\/uploads\/2026\/09\/img_84x84uu2015-10-05-13-35-14-1005643.png\" class=\"logo_clube\" alt=\"Interse\u00e7\u00e3o!\"\/>Interse\u00e7\u00e3o!&#13;\n            <\/p>\n<p class=\"lead\">Oportunidade interceptada, Pablo Rosario (Porto) remate com o p\u00e9 esquerdo de fora da \u00e1rea.<\/p>\n<p>62&#8242;<\/p>\n<p class=\"evento_titulo\">&#13;<br \/>\n                <img decoding=\"async\" src=\"https:\/\/www.europesays.com\/pt\/wp-content\/uploads\/2026\/09\/img_84x84uu2015-10-05-13-35-14-1005643.png\" class=\"logo_clube\" alt=\"Pontap\u00e9 de canto!\"\/>Pontap\u00e9 de canto!&#13;\n            <\/p>\n<p class=\"lead\">Pontap\u00e9 de canto, Porto. Concedido por Alexandre Duville-Parsemain.<\/p>\n<p>58&#8242;<\/p>\n<p class=\"evento_titulo\">&#13;<br \/>\n                <img decoding=\"async\" src=\"https:\/\/www.europesays.com\/pt\/wp-content\/uploads\/2026\/09\/img_84x84uu2015-10-02-17-27-29-1005619.png\" class=\"logo_clube\" alt=\"Golo\"\/>GOLOOOOOOOOOOO!&#13;\n            <\/p>\n<p class=\"lead\">Golo do FC Porto! FC Porto 2-1 Moreirense. Est\u00e1 operada a reviravolta dos drag\u00f5es. Froholdt ganha a dividida em zona adiantada, solta Pep\u00ea e o brasileiro serve de bandeja William Gomes para mais um golo do compatriota.<\/p>\n<p>            &#13;<\/p>\n<p>57&#8242;<\/p>\n<p class=\"evento_titulo\">&#13;<br \/>\n                <img decoding=\"async\" src=\"https:\/\/www.europesays.com\/pt\/wp-content\/uploads\/2026\/09\/img_84x84uu2015-10-05-13-35-14-1005643.png\" class=\"logo_clube\" alt=\"Fora de jogo!\"\/>Fora de jogo!&#13;\n            <\/p>\n<p class=\"lead\">Fora de jogo, Moreirense. Dinis Pinto tentou um passe em profundidade que encontrou Manuel Mendon\u00e7a em posi\u00e7\u00e3o irregular.<\/p>\n<p>57&#8242;<\/p>\n<p class=\"evento_titulo\">&#13;<br \/>\n                <img decoding=\"async\" src=\"https:\/\/www.europesays.com\/pt\/wp-content\/uploads\/2026\/09\/img_84x84uu2015-10-05-13-35-14-1005643.png\" class=\"logo_clube\" alt=\"Oportunidade falhada!\"\/>Oportunidade falhada!&#13;\n            <\/p>\n<p class=\"lead\">Oportunidade falhada por Dinis Pinto (Moreirense) remate com o p\u00e9 esquerdo no cora\u00e7\u00e3o da \u00e1rea.<\/p>\n<p>57&#8242;<\/p>\n<p class=\"evento_titulo\">&#13;<br \/>\n                <img decoding=\"async\" src=\"https:\/\/www.europesays.com\/pt\/wp-content\/uploads\/2026\/09\/img_84x84uu2015-10-05-13-35-14-1005643.png\" class=\"logo_clube\" alt=\"Interse\u00e7\u00e3o!\"\/>Interse\u00e7\u00e3o!&#13;\n            <\/p>\n<p class=\"lead\">Oportunidade interceptada, Landerson (Moreirense) remate com o p\u00e9 direito de fora da \u00e1rea. Assist\u00eancia de Jo\u00e3o Veloso.<\/p>\n<p>56&#8242;<\/p>\n<p class=\"evento_titulo\">&#13;<br \/>\n                <img decoding=\"async\" src=\"https:\/\/www.europesays.com\/pt\/wp-content\/uploads\/2026\/09\/img_84x84uu2015-10-05-13-35-14-1005643.png\" class=\"logo_clube\" alt=\"Oportunidade falhada!\"\/>Oportunidade falhada!&#13;\n            <\/p>\n<p class=\"lead\">Andr\u00e9 Silva tenta o remate, mas falha o alvo.<\/p>\n<p>51&#8242;<\/p>\n<p class=\"evento_titulo\">&#13;<br \/>\n                <img decoding=\"async\" src=\"https:\/\/www.europesays.com\/pt\/wp-content\/uploads\/2026\/09\/img_84x84uu2015-10-05-13-35-14-1005643.png\" class=\"logo_clube\" alt=\"Oportunidade falhada!\"\/>Oportunidade falhada!&#13;\n            <\/p>\n<p class=\"lead\">Ap\u00f3s uma perda de bola comprometedora de Nile John, Froholdt encontra William Gomes que dispara forte, com o remate a passar junto ao poste.<\/p>\n<p>51&#8242;<\/p>\n<p class=\"evento_titulo\">&#13;<br \/>\n                <img decoding=\"async\" src=\"https:\/\/www.europesays.com\/pt\/wp-content\/uploads\/2026\/09\/img_84x84uu2015-10-05-13-35-14-1005643.png\" class=\"logo_clube\" alt=\"Oportunidade falhada!\"\/>Oportunidade falhada!&#13;\n            <\/p>\n<p class=\"lead\">Andr\u00e9 Ferreira falha a sa\u00edda a um canto, mas Alberto Costa n\u00e3o consegue o desvio para o fundo das redes ao segundo poste.<\/p>\n<p>50&#8242;<\/p>\n<p class=\"evento_titulo\">&#13;<br \/>\n                <img decoding=\"async\" src=\"https:\/\/www.europesays.com\/pt\/wp-content\/uploads\/2026\/09\/img_84x84uu2015-10-05-13-35-14-1005643.png\" class=\"logo_clube\" alt=\"Interse\u00e7\u00e3o!\"\/>Interse\u00e7\u00e3o!&#13;\n            <\/p>\n<p class=\"lead\">William Gomes tira um advers\u00e1rio da frente e dispara forte contra um defesa dos c\u00f3negos.<\/p>\n<p>50&#8242;<\/p>\n<p class=\"evento_titulo\">&#13;<br \/>\n                <img decoding=\"async\" src=\"https:\/\/www.europesays.com\/pt\/wp-content\/uploads\/2026\/09\/img_84x84uu2015-10-05-13-35-14-1005643.png\" class=\"logo_clube\" alt=\"Pontap\u00e9 de canto!\"\/>Pontap\u00e9 de canto!&#13;\n            <\/p>\n<p class=\"lead\">Pontap\u00e9 de canto, Porto. Concedido por Marac\u00e1s.<\/p>\n<p>47&#8242;<\/p>\n<p class=\"evento_titulo\">&#13;<br \/>\n                <img decoding=\"async\" src=\"https:\/\/www.europesays.com\/pt\/wp-content\/uploads\/2026\/09\/img_84x84uu2015-10-05-13-35-14-1005643.png\" class=\"logo_clube\" alt=\"Defesa!\"\/>Defesa!&#13;\n            <\/p>\n<p class=\"lead\">Grande arrancada de Alberto Costa pelo flanco direito, com o lateral a conseguir encontrar Pep\u00ea no lado contr\u00e1rio, mas o remate do brasileiro sai muito fraco.<\/p>\n<p>45+1&#8242;<\/p>\n<p class=\"evento_titulo\">&#13;<br \/>\n                <img decoding=\"async\" src=\"https:\/\/www.europesays.com\/pt\/wp-content\/uploads\/2026\/09\/img_84x84uu2015-10-05-13-35-14-1005643.png\" class=\"logo_clube\" alt=\"Defesa!\"\/>Defesa!&#13;\n            <\/p>\n<p class=\"lead\">Gabri Veiga remata \u00e0 entrada da \u00e1rea, mas o disparo sai \u00e0 figura de Andr\u00e9 Ferreira.<\/p>\n<p>44&#8242;<\/p>\n<p class=\"evento_titulo\">&#13;<br \/>\n                <img decoding=\"async\" src=\"https:\/\/www.europesays.com\/pt\/wp-content\/uploads\/2026\/09\/img_84x84uu2015-10-05-13-35-14-1005643.png\" class=\"logo_clube\" alt=\"Disciplina!\"\/>Disciplina!&#13;\n            <\/p>\n<p class=\"lead\">Com o jogo parado, Jo\u00e3o Veloso empurrou Alberto Costa e voltou a gerar-se mais um momento de confus\u00e3o no relvado. O atacante do Moreirense viu o cart\u00e3o amarelo.<\/p>\n<p>43&#8242;<\/p>\n<p class=\"evento_titulo\">&#13;<br \/>\n                <img decoding=\"async\" src=\"https:\/\/www.europesays.com\/pt\/wp-content\/uploads\/2026\/09\/img_84x84uu2015-10-05-13-35-14-1005643.png\" class=\"logo_clube\" alt=\"Oportunidade falhada!\"\/>Oportunidade falhada!&#13;\n            <\/p>\n<p class=\"lead\">Francisco Domingues tenta o remata de muito longe, mas a tentativa falha o alvo.<\/p>\n<p>42&#8242;<\/p>\n<p class=\"evento_titulo\">&#13;<br \/>\n                <img decoding=\"async\" src=\"https:\/\/www.europesays.com\/pt\/wp-content\/uploads\/2026\/09\/img_84x84uu2015-10-05-13-35-14-1005643.png\" class=\"logo_clube\" alt=\"Interse\u00e7\u00e3o!\"\/>Interse\u00e7\u00e3o!&#13;\n            <\/p>\n<p class=\"lead\">William Gomes volta a tentar o remate, mas o disparo esbarra num defesa advers\u00e1rio.<\/p>\n<p>37&#8242;<\/p>\n<p class=\"evento_titulo\">&#13;<br \/>\n                <img decoding=\"async\" src=\"https:\/\/www.europesays.com\/pt\/wp-content\/uploads\/2026\/09\/img_84x84uu2015-10-02-17-27-29-1005619.png\" class=\"logo_clube\" alt=\"Golo\"\/>GOLOOOOOOOOOOO!&#13;\n            <\/p>\n<p class=\"lead\">Golo do FC Porto! FC Porto 1-1 Moreirense. Est\u00e1 feito o empate para o FC Porto. Cruzamento com conta, peso e medida de William Gomes, num livre em zona lateral, com Bednarek a cabecear de forma certeira e sem hip\u00f3teses para Andr\u00e9 Ferreira.<\/p>\n<p>            &#13;<\/p>\n<p>35&#8242;<\/p>\n<p class=\"evento_titulo\">&#13;<br \/>\n                <img decoding=\"async\" src=\"https:\/\/www.europesays.com\/pt\/wp-content\/uploads\/2026\/09\/img_84x84uu2015-10-05-13-35-14-1005643.png\" class=\"logo_clube\" alt=\"Defesa!\"\/>Defesa!&#13;\n            <\/p>\n<p class=\"lead\">William Gomes, no seu movimento caracter\u00edstico, atira em arco, mas Andr\u00e9 Ferreira consegue uma boa estirada.<\/p>\n<p>33&#8242;<\/p>\n<p class=\"evento_titulo\">&#13;<br \/>\n                <img decoding=\"async\" src=\"https:\/\/www.europesays.com\/pt\/wp-content\/uploads\/2026\/09\/img_84x84uu2015-10-05-13-35-14-1005643.png\" class=\"logo_clube\" alt=\"Defesa!\"\/>Defesa!&#13;\n            <\/p>\n<p class=\"lead\">Andr\u00e9 Silva consegue voltar a ganhar no jogo \u00e1ereo, mas o cruzamento de Alberto foi demasiado bombeado e o cabeceamento saiu sem pot\u00e9ncia.<\/p>\n<p>31&#8242;<\/p>\n<p class=\"evento_titulo\">&#13;<br \/>\n                <img decoding=\"async\" src=\"https:\/\/www.europesays.com\/pt\/wp-content\/uploads\/2026\/09\/img_84x84uu2015-10-05-13-35-14-1005643.png\" class=\"logo_clube\" alt=\"Oportunidade falhada!\"\/>Oportunidade falhada!&#13;\n            <\/p>\n<p class=\"lead\">Andr\u00e9 Silva cabeceia ligeiramente por cima, ap\u00f3s canto cobrado por Gabri Veiga.<\/p>\n<p>30&#8242;<\/p>\n<p class=\"evento_titulo\">&#13;<br \/>\n                <img decoding=\"async\" src=\"https:\/\/www.europesays.com\/pt\/wp-content\/uploads\/2026\/09\/img_84x84uu2015-10-05-13-35-14-1005643.png\" class=\"logo_clube\" alt=\"Pontap\u00e9 de canto!\"\/>Pontap\u00e9 de canto!&#13;\n            <\/p>\n<p class=\"lead\">Pontap\u00e9 de canto, Porto. Concedido por Kiko.<\/p>\n<p>27&#8242;<\/p>\n<p class=\"evento_titulo\">&#13;<br \/>\n                <img decoding=\"async\" src=\"https:\/\/www.europesays.com\/pt\/wp-content\/uploads\/2026\/09\/img_84x84uu2015-10-05-13-35-14-1005643.png\" class=\"logo_clube\" alt=\"Pontap\u00e9 de canto!\"\/>Pontap\u00e9 de canto!&#13;\n            <\/p>\n<p class=\"lead\">Pontap\u00e9 de canto, Porto. Concedido por Marac\u00e1s.<\/p>\n<p>20&#8242;<\/p>\n<p class=\"evento_titulo\">&#13;<br \/>\n                <img decoding=\"async\" src=\"https:\/\/www.europesays.com\/pt\/wp-content\/uploads\/2026\/09\/img_84x84uu2015-10-05-13-35-14-1005643.png\" class=\"logo_clube\" alt=\"Golo\"\/>GOLOOOOOOOOOOO!&#13;\n            <\/p>\n<p class=\"lead\">Golo do Moreirense! FC Porto 0-1 Moreirense. Numa transi\u00e7\u00e3o r\u00e1pida, o Moreirense consegue um bom desenho ofensivo, com Jo\u00e3o Veloso a encontrar Dinis Pinto ao segundo poste para uma finaliza\u00e7\u00e3o certeira. O FC Porto sofre pela primeira vez nesta \u00e9poca e est\u00e1, tamb\u00e9m por isso, pela primeira vez em desvantagem.<\/p>\n<p>            &#13;<\/p>\n<p>19&#8242;<\/p>\n<p class=\"evento_titulo\">&#13;<br \/>\n                <img decoding=\"async\" src=\"https:\/\/www.europesays.com\/pt\/wp-content\/uploads\/2026\/09\/img_84x84uu2015-10-05-13-35-14-1005643.png\" class=\"logo_clube\" alt=\"Interse\u00e7\u00e3o!\"\/>Interse\u00e7\u00e3o!&#13;\n            <\/p>\n<p class=\"lead\">Oportunidade interceptada, Gabri Veiga (Porto) remate com o p\u00e9 direito do lado direito da \u00e1rea. Assist\u00eancia de William Gomes.<\/p>\n<p>17&#8242;<\/p>\n<p class=\"evento_titulo\">&#13;<br \/>\n                <img decoding=\"async\" src=\"https:\/\/www.europesays.com\/pt\/wp-content\/uploads\/2026\/09\/img_84x84uu2015-10-05-13-35-14-1005643.png\" class=\"logo_clube\" alt=\"Defesa!\"\/>Defesa!&#13;\n            <\/p>\n<p class=\"lead\">Entre o cruzamento e o remate, William Gomes acaba por colocar a bola f\u00e1cil nas m\u00e3os de Andr\u00e9 Ferreira.<\/p>\n<p>13&#8242;<\/p>\n<p class=\"evento_titulo\">&#13;<br \/>\n                <img decoding=\"async\" src=\"https:\/\/www.europesays.com\/pt\/wp-content\/uploads\/2026\/09\/img_84x84uu2015-10-05-13-35-14-1005643.png\" class=\"logo_clube\" alt=\"Pontap\u00e9 de canto!\"\/>Pontap\u00e9 de canto!&#13;\n            <\/p>\n<p class=\"lead\">Pontap\u00e9 de canto, Moreirense. Concedido por Alberto Costa.<\/p>\n<p>8&#8242;<\/p>\n<p class=\"evento_titulo\">&#13;<br \/>\n                <img decoding=\"async\" src=\"https:\/\/www.europesays.com\/pt\/wp-content\/uploads\/2026\/09\/img_84x84uu2015-10-05-13-35-14-1005643.png\" class=\"logo_clube\" alt=\"Fora de jogo!\"\/>Fora de jogo!&#13;\n            <\/p>\n<p class=\"lead\">Na sequ\u00eancia do canto, Pablo Rosario volta a obrigar Andr\u00e9 Ferreira a aplicar-se, mas desta feita havia fora de jogo.<\/p>\n<p>7&#8242;<\/p>\n<p class=\"evento_titulo\">&#13;<br \/>\n                <img decoding=\"async\" src=\"https:\/\/www.europesays.com\/pt\/wp-content\/uploads\/2026\/09\/img_84x84uu2015-10-05-13-35-14-1005643.png\" class=\"logo_clube\" alt=\"Interse\u00e7\u00e3o!\"\/>Interse\u00e7\u00e3o!&#13;\n            <\/p>\n<p class=\"lead\">A\u00ed est\u00e1 a primeira oportunidade dos drag\u00f5es. Alberto Costa faz um cruzamento atrasado para a entrada da \u00e1rea, onde surge Pablo Rosaria que obriga Andr\u00e9 Ferreira a uma boa defesa.<\/p>\n<p>            &#13;<br \/>\n        &#13;<br \/>\n&#13;<br \/>\n&#13;<br \/>\n&#13;<\/p>\n","protected":false},"excerpt":{"rendered":"&#13; &#13; &#13; O FC Porto recebe o Moreirense, \u00e0s 20h15, no jogo que abre a 5.\u00aa jornada&hellip;\n","protected":false},"author":2,"featured_media":512143,"comment_status":"","ping_status":"","sticky":false,"template":"","format":"standard","meta":{"footnotes":"","_share_on_mastodon":"0"},"categories":[8],"tags":[21430,54570,27,28,5807,15,16,5624,524,6878,14,3729,64974,82061,25,26,21,22,50915,46146,12,13,19,20,5538,462,32,23,24,33,71005,17,18,29,30,31],"class_list":["post-512142","post","type-post","status-publish","format-standard","has-post-thumbnail","category-principais-noticias","tag-alan-varela","tag-andre-ferreira","tag-breaking-news","tag-breakingnews","tag-estadio-do-dragao","tag-featured-news","tag-featurednews","tag-francisco-moura","tag-futebol","tag-futebol-clube-do-porto","tag-headlines","tag-joao-veloso","tag-jogo-de-futebol","tag-kiko-bondoso","tag-latest-news","tag-latestnews","tag-main-news","tag-mainnews","tag-maracas","tag-moreirense-futebol-clube","tag-news","tag-noticias","tag-noticias-principais","tag-noticiasprincipais","tag-pepe","tag-porto","tag-portugal","tag-principais-noticias","tag-principaisnoticias","tag-pt","tag-rececao","tag-top-stories","tag-topstories","tag-ultimas","tag-ultimas-noticias","tag-ultimasnoticias"],"share_on_mastodon":{"url":"","error":"Validation failed: Text character limit of 500 exceeded"},"_links":{"self":[{"href":"https:\/\/www.europesays.com\/pt\/wp-json\/wp\/v2\/posts\/512142","targetHints":{"allow":["GET"]}}],"collection":[{"href":"https:\/\/www.europesays.com\/pt\/wp-json\/wp\/v2\/posts"}],"about":[{"href":"https:\/\/www.europesays.com\/pt\/wp-json\/wp\/v2\/types\/post"}],"author":[{"embeddable":true,"href":"https:\/\/www.europesays.com\/pt\/wp-json\/wp\/v2\/users\/2"}],"replies":[{"embeddable":true,"href":"https:\/\/www.europesays.com\/pt\/wp-json\/wp\/v2\/comments?post=512142"}],"version-history":[{"count":0,"href":"https:\/\/www.europesays.com\/pt\/wp-json\/wp\/v2\/posts\/512142\/revisions"}],"wp:featuredmedia":[{"embeddable":true,"href":"https:\/\/www.europesays.com\/pt\/wp-json\/wp\/v2\/media\/512143"}],"wp:attachment":[{"href":"https:\/\/www.europesays.com\/pt\/wp-json\/wp\/v2\/media?parent=512142"}],"wp:term":[{"taxonomy":"category","embeddable":true,"href":"https:\/\/www.europesays.com\/pt\/wp-json\/wp\/v2\/categories?post=512142"},{"taxonomy":"post_tag","embeddable":true,"href":"https:\/\/www.europesays.com\/pt\/wp-json\/wp\/v2\/tags?post=512142"}],"curies":[{"name":"wp","href":"https:\/\/api.w.org\/{rel}","templated":true}]}}