{"id":512152,"date":"2026-09-04T20:51:18","date_gmt":"2026-09-04T20:51:18","guid":{"rendered":"https:\/\/www.europesays.com\/pt\/512152\/"},"modified":"2026-09-04T20:51:18","modified_gmt":"2026-09-04T20:51:18","slug":"estudo-explica-como-a-respiracao-pode-influenciar-nossas-decisoes-extra-globo-com","status":"publish","type":"post","link":"https:\/\/www.europesays.com\/pt\/512152\/","title":{"rendered":"Estudo explica como a respira\u00e7\u00e3o pode influenciar nossas decis\u00f5es &#8211; extra.globo.com"},"content":{"rendered":"<ol>\n<li><a href=\"https:\/\/news.google.com\/rss\/articles\/CBMiuAFBVV95cUxQZHM3a2RDT0xKX2hsaFcwUDFfM0xYR2ZwcGhHSHlPRkVCSUZENkdOSkZNaUhlMHBubGVGeEprNHRENXczUjlhdXhnTDVHUk5SUlcwanlTLUNMMW44XzA1YUVwb0NHeTlILUVMWUFTWXpOaUFHLUc0eEFqOVJiZ196NEZudmtJdFlMMmtLcEg1WmkzMEFtWU1CVW92d0cwQnVkNXJEdmJsSnpDWkFEYTcwbWg4S1VkcVZq0gHHAUFVX3lxTE9VTWhHSjdSQ3haZU9ib3p6dlByTE03VTlKNEhPel9UcGsxMWJOWVppdnc3cjk2SkZsakFNTmZrVEVxNzhJMmdQR1pnVy1ReTBzcF9xMlhkU0QzbE01ZmZBWFlIOFF3S25UYlFsQURvanAycWRaT2hyRWxnSnhreDBkdDFjbFh3SUpjbDRja01jVWpfVjZKdUxmT0dZNjZud0xoc0M1Tk83Q1hZbmMwejRPWXJTQmZXWjlqYVliWnJHSXprOWd6NW8?oc=5\" target=\"_blank\" rel=\"nofollow noopener\">Estudo explica como a respira\u00e7\u00e3o pode influenciar nossas decis\u00f5es<\/a>&nbsp;&nbsp;extra.globo.com<\/li>\n<li><a href=\"https:\/\/news.google.com\/rss\/articles\/CBMijAFBVV95cUxNUXluZmFoSmRjSGpiU1dJSWt3WGJFS1VKWjdEU3NoemZablh2Ti1MSnpvMWRlV3F5OE9JTmtLT1RvTFlkcDRybE5pSzBsbHFZV1Q4aG5LMXNEaDI5blZOSFdPZ3ZUNWFmeEFjT2JRYU9XSWQ4S0VYaDJSNFNacGxIcXdTbDctRzUzQ3V3Sg?oc=5\" target=\"_blank\" rel=\"nofollow noopener\">Como cada respira\u00e7\u00e3o afeta seu c\u00e9rebro de um jeito diferente<\/a>&nbsp;&nbsp;Gazeta do Povo<\/li>\n<li><a href=\"https:\/\/news.google.com\/rss\/articles\/CBMiiAFBVV95cUxNck53Mmh4N3ZzTHFtUzE4bVNOaVlIU2I4WUZndzlaRXpmTF8tOXRMaFU5a0o4MnJZdlJmWW9fREdnMWlvczFrZWUyNk51UU91dXFLLXZLQzI1eTJoMW1NNm1PY0J1dGlncmhkcW5DM1g4c1k5Q18tck42bmtkT0dQa0p6VGN5eHpZ?oc=5\" target=\"_blank\" rel=\"nofollow noopener\">Respirar n\u00e3o \u00e9 s\u00f3 viver: \u00e9 esculpir o pensamento<\/a>&nbsp;&nbsp;HealthNews<\/li>\n<li><a href=\"https:\/\/news.google.com\/rss\/articles\/CBMiXEFVX3lxTE90OWpxTWM5S1Y4SkJYUzFTNkRib2xZdTEwdTRwVUpjb281TkR4eGFFdkRIbGNzRW1Nc05JLUpGWm5JWHlWMFg3TDBiSFJISUlCb2pLamhRQjVyZDhH?oc=5\" target=\"_blank\" rel=\"nofollow noopener\">Respira\u00e7\u00e3o e c\u00e9rebro: cada respira\u00e7\u00e3o tem uma forma \u00fanica<\/a>&nbsp;&nbsp;cienciadefato.com.br<\/li>\n<\/ol>\n","protected":false},"excerpt":{"rendered":"Estudo explica como a respira\u00e7\u00e3o pode influenciar nossas decis\u00f5es&nbsp;&nbsp;extra.globo.com Como cada respira\u00e7\u00e3o afeta seu c\u00e9rebro de um jeito&hellip;\n","protected":false},"author":2,"featured_media":512153,"comment_status":"","ping_status":"","sticky":false,"template":"","format":"standard","meta":{"footnotes":"","_share_on_mastodon":"0"},"categories":[86],"tags":[116,32,33,117],"class_list":["post-512152","post","type-post","status-publish","format-standard","has-post-thumbnail","category-saude","tag-health","tag-portugal","tag-pt","tag-saude"],"share_on_mastodon":{"url":"https:\/\/pubeurope.com\/@pt\/117214752746847195","error":""},"_links":{"self":[{"href":"https:\/\/www.europesays.com\/pt\/wp-json\/wp\/v2\/posts\/512152","targetHints":{"allow":["GET"]}}],"collection":[{"href":"https:\/\/www.europesays.com\/pt\/wp-json\/wp\/v2\/posts"}],"about":[{"href":"https:\/\/www.europesays.com\/pt\/wp-json\/wp\/v2\/types\/post"}],"author":[{"embeddable":true,"href":"https:\/\/www.europesays.com\/pt\/wp-json\/wp\/v2\/users\/2"}],"replies":[{"embeddable":true,"href":"https:\/\/www.europesays.com\/pt\/wp-json\/wp\/v2\/comments?post=512152"}],"version-history":[{"count":0,"href":"https:\/\/www.europesays.com\/pt\/wp-json\/wp\/v2\/posts\/512152\/revisions"}],"wp:featuredmedia":[{"embeddable":true,"href":"https:\/\/www.europesays.com\/pt\/wp-json\/wp\/v2\/media\/512153"}],"wp:attachment":[{"href":"https:\/\/www.europesays.com\/pt\/wp-json\/wp\/v2\/media?parent=512152"}],"wp:term":[{"taxonomy":"category","embeddable":true,"href":"https:\/\/www.europesays.com\/pt\/wp-json\/wp\/v2\/categories?post=512152"},{"taxonomy":"post_tag","embeddable":true,"href":"https:\/\/www.europesays.com\/pt\/wp-json\/wp\/v2\/tags?post=512152"}],"curies":[{"name":"wp","href":"https:\/\/api.w.org\/{rel}","templated":true}]}}