{"id":512162,"date":"2026-09-04T21:05:18","date_gmt":"2026-09-04T21:05:18","guid":{"rendered":"https:\/\/www.europesays.com\/pt\/512162\/"},"modified":"2026-09-04T21:05:18","modified_gmt":"2026-09-04T21:05:18","slug":"o-maior-especialista-mundial-em-longevidade-revela-os-quatro-alimentos-que-nunca-comeria-sao-a-receita-para-o-fracasso","status":"publish","type":"post","link":"https:\/\/www.europesays.com\/pt\/512162\/","title":{"rendered":"O maior especialista mundial em longevidade revela os quatro alimentos que nunca comeria: &#8220;s\u00e3o a receita para o fracasso&#8221;"},"content":{"rendered":"<p>\n                        Ele \u00e9 o maior especialista em longevidade do mundo e nunca teria esses quatro alimentos no arm\u00e1rio da cozinha\n                    <\/p>\n<p>\n                                    3 set<br \/>\n                                    2026<br \/>\n                                     &#8211; 11h10\n                                <\/p>\n<p>\n                                                                                                                        (atualizado em 4\/9\/2026 \u00e0s 13h34)\n                                                                            <\/p>\n<ul class=\"article__header__author bg-color-secondary-degusta is-partner\">\n<li class=\"article__header__author__item\">\n                                                Por:<br \/>\n                                                                                    Livia D&#8217;Ambrosio \/ Licenciado de Minha Vida\n                                                                        <\/li>\n<\/ul>\n<p>\n                        <b style=\"margin-bottom: 8px; display: inline-block;\">Resumo<\/b><br \/>Dan Buettner, criador do termo &#8220;Zonas Azuis&#8221; e especialista em longevidade, estuda h\u00e1 mais de duas d\u00e9cadas os h\u00e1bitos das popula\u00e7\u00f5es mais centen\u00e1rias do planeta. Autor de livros sobre o tema e com forte presen\u00e7a nas redes sociais, ele ensina pr\u00e1ticas para alcan\u00e7ar os 100 anos com sa\u00fade e felicidade. Tendo a dieta como pilar central de sua filosofia, o pesquisador alerta sobre os h\u00e1bitos nutricionais prejudiciais, apontando quais alimentos n\u00e3o se deve ter em casa para fugir de tenta\u00e7\u00f5es.\n                    <\/p>\n<p><img decoding=\"async\" alt=\"Reprodu\u00e7\u00e3o\/Instagram @danbuettner\" class=\"img-1aab38fc349219e3e345d4c4b2ba60f8imxkdrx0\" fetchpriority=\"high\" height=\"415\" src=\"https:\/\/www.europesays.com\/pt\/wp-content\/uploads\/2026\/09\/379701295-foto-do-especialista-em-longevidade-orig-1.jpg\"  title=\"Reprodu\u00e7\u00e3o\/Instagram @danbuettner\" width=\"664\"\/><\/p>\n<p>Reprodu\u00e7\u00e3o\/Instagram @danbuettner<\/p>\n<p>Foto: Minha Vida<\/p>\n<p class=\"text\"><a href=\"https:\/\/danbuettner.com\/\" rel=\"nofollow noopener\" target=\"_blank\">Dan Buettner, um dos grandes gurus da longevidade<\/a>, conseguiu identificar os lugares do mundo com mais centen\u00e1rios por metro quadrado e criou o termo &#8220;Zonas Azuis do Planeta&#8221;. <\/p>\n<p class=\"text\">H\u00e1 mais de 20 anos, Buettner estuda os h\u00e1bitos de vida dessas pessoas: o que comem, como vivem, como interagem no cotidiano&#8230; Ele tem diversos livros publicados sobre o tema, nos quais compartilha algumas das principais conclus\u00f5es de seus estudos. Exemplos de suas obras incluem &#8220;Os segredos das zonas azuis para viver mais: li\u00e7\u00f5es dos lugares mais saud\u00e1veis do planeta&#8221; e &#8220;A cozinha das zonas azuis: 100 receitas para viver 100 anos&#8221;.<\/p>\n<p class=\"text\">Um dos objetivos do pesquisador \u00e9 divulgar suas descobertas e orientar as pessoas a viverem de forma que possam\u00a0<a href=\"https:\/\/www.minhavida.com.br\/materias\/materia-24647\" rel=\"nofollow noopener\" target=\"_blank\">alcan\u00e7ar os 100 anos de idade<\/a>\u00a0de maneira saud\u00e1vel e feliz.<\/p>\n<p class=\"text\">Al\u00e9m dos livros, Buettner utiliza suas redes sociais para disseminar esse conhecimento.\u00a0<a href=\"http:\/\/danbuettner\/\" rel=\"nofollow\" target=\"_blank\">No Instagram, por exemplo, ele conta com quase 650 mil seguidores<\/a>.<\/p>\n<p class=\"text\">Entre v\u00eddeos e diversas informa\u00e7\u00f5es, a alimenta\u00e7\u00e3o \u00e9 um dos grandes pilares de seus ensinamentos sobre <a rel=\"nofollow\" target=\"_blank\">longevidade<\/a>. Recentemente, em um de seus reels, ele abordou os alimentos que N\u00c3O devemos manter em casa para evitar cair na tenta\u00e7\u00e3o de consumi-los.<\/p>\n<p class=\"text\">&#8230;<\/p>\n<p class=\"text\"><a href=\"https:\/\/www.minhavida.com.br\/materias\/materia-29581\" rel=\"nofollow noopener\" target=\"_blank\">Veja mais<\/a><\/p>\n<p class=\"text\">Veja tamb\u00e9m<\/p>\n<p class=\"text\"><a href=\"https:\/\/www.minhavida.com.br\/materias\/materia-29628\" rel=\"nofollow noopener\" target=\"_blank\">O especialista em longevidade Dan Buettner: &#8220;Este \u00e9 o caf\u00e9 da manh\u00e3 mais saud\u00e1vel do mundo.&#8221;<\/a><\/p>\n<p class=\"text\"><a href=\"https:\/\/www.minhavida.com.br\/materias\/materia-29507\" rel=\"nofollow noopener\" target=\"_blank\">Quais exames fazer ap\u00f3s os 50? Guia completo para homens e mulheres<\/a><\/p>\n<p class=\"text\"><a href=\"https:\/\/www.minhavida.com.br\/materias\/materia-29506\" rel=\"nofollow noopener\" target=\"_blank\">GHK-Cu: o pept\u00eddeo que virou febre no rejuvenescimento<\/a><\/p>\n<p class=\"text\"><a href=\"https:\/\/www.minhavida.com.br\/materias\/materia-29503\" rel=\"nofollow noopener\" target=\"_blank\">Clint Eastwood, ator: &#8220;Conforme voc\u00ea envelhece, voc\u00ea para de ter medo da d\u00favida porque ela n\u00e3o controla mais sua vida&#8221;<\/a><\/p>\n<p class=\"text\"><a href=\"https:\/\/www.minhavida.com.br\/materias\/materia-29419\" rel=\"nofollow noopener\" target=\"_blank\">M\u00e9dicos e treinadores concordam: &#8220;Este \u00e9 o exerc\u00edcio mais subestimado e eficaz para todas as idades&#8221;<\/a><\/p>\n","protected":false},"excerpt":{"rendered":"Ele \u00e9 o maior especialista em longevidade do mundo e nunca teria esses quatro alimentos no arm\u00e1rio da&hellip;\n","protected":false},"author":2,"featured_media":512163,"comment_status":"","ping_status":"","sticky":false,"template":"","format":"standard","meta":{"footnotes":"","_share_on_mastodon":"0"},"categories":[86],"tags":[116,32,33,117],"class_list":["post-512162","post","type-post","status-publish","format-standard","has-post-thumbnail","category-saude","tag-health","tag-portugal","tag-pt","tag-saude"],"share_on_mastodon":{"url":"https:\/\/pubeurope.com\/@pt\/117214808236222701","error":""},"_links":{"self":[{"href":"https:\/\/www.europesays.com\/pt\/wp-json\/wp\/v2\/posts\/512162","targetHints":{"allow":["GET"]}}],"collection":[{"href":"https:\/\/www.europesays.com\/pt\/wp-json\/wp\/v2\/posts"}],"about":[{"href":"https:\/\/www.europesays.com\/pt\/wp-json\/wp\/v2\/types\/post"}],"author":[{"embeddable":true,"href":"https:\/\/www.europesays.com\/pt\/wp-json\/wp\/v2\/users\/2"}],"replies":[{"embeddable":true,"href":"https:\/\/www.europesays.com\/pt\/wp-json\/wp\/v2\/comments?post=512162"}],"version-history":[{"count":0,"href":"https:\/\/www.europesays.com\/pt\/wp-json\/wp\/v2\/posts\/512162\/revisions"}],"wp:featuredmedia":[{"embeddable":true,"href":"https:\/\/www.europesays.com\/pt\/wp-json\/wp\/v2\/media\/512163"}],"wp:attachment":[{"href":"https:\/\/www.europesays.com\/pt\/wp-json\/wp\/v2\/media?parent=512162"}],"wp:term":[{"taxonomy":"category","embeddable":true,"href":"https:\/\/www.europesays.com\/pt\/wp-json\/wp\/v2\/categories?post=512162"},{"taxonomy":"post_tag","embeddable":true,"href":"https:\/\/www.europesays.com\/pt\/wp-json\/wp\/v2\/tags?post=512162"}],"curies":[{"name":"wp","href":"https:\/\/api.w.org\/{rel}","templated":true}]}}