{"id":512164,"date":"2026-09-04T21:08:10","date_gmt":"2026-09-04T21:08:10","guid":{"rendered":"https:\/\/www.europesays.com\/pt\/512164\/"},"modified":"2026-09-04T21:08:10","modified_gmt":"2026-09-04T21:08:10","slug":"bcp-ja-comprou-acoes-proprias-no-valor-de-mais-de-186-milhoes-de-euros-bolsa","status":"publish","type":"post","link":"https:\/\/www.europesays.com\/pt\/512164\/","title":{"rendered":"BCP j\u00e1 comprou a\u00e7\u00f5es pr\u00f3prias no valor de mais de 186 milh\u00f5es de euros &#8211; Bolsa"},"content":{"rendered":"<p class=\"\">&#13;<br \/>\n        O Banco Comercial Portugu\u00eas (BCP) atualizou esta sexta-feira os n\u00fameros do programa de recompra de a\u00e7\u00f5es que tem em curso,<b> tendo anunciado a aquisi\u00e7\u00e3o de quase 175 milh\u00f5es de a\u00e7\u00f5es por cerca de 186,4 milh\u00f5es de euros at\u00e9 \u00e0 data<\/b>, passando a deter 1,18% do seu capital social. \u00a0\u00a0\u00a0\u00a0&#13;\n    <\/p>\n<p class=\"\">&#13;<br \/>\n        \u201cNo \u00e2mbito do programa de recompra, (\u2026) o banco adquiriu at\u00e9 \u00e0 presente data 174.930.369 a\u00e7\u00f5es, pelo valor total de EUR 186.378.406, detendo agora um total de 174.930.369 a\u00e7\u00f5es pr\u00f3prias, representativas de 1,18% do seu capital social\u201d, refere em comunicado \u00e0 Comiss\u00e3o do Mercado de Valores Mobili\u00e1rios (CMVM).&#13;\n    <\/p>\n<p class=\"\">&#13;<br \/>\n        <a href=\"https:\/\/www.jornaldenegocios.pt\/redirect-to?token=EiEnOjA%2FNiB3YmZgYGNiZ3dlZndlYGpia2RjYmJrY2BkZWVnZ2o%3D\" rel=\"nofollow noopener\" target=\"_blank\">O banco aprovou em maio um programa de recompra de a\u00e7\u00f5es no valor de 407 milh\u00f5es de euros<\/a>, <b>que decorrer\u00e1 entre 4 de junho e 4 de dezembro deste ano<\/b>, com a \u201cpossibilidade de cessa\u00e7\u00e3o antecipada (&#8230;)\u00a0por decis\u00e3o do BCP ou caso o n\u00famero m\u00e1ximo de a\u00e7\u00f5es a adquirir ou o montante pecuni\u00e1rio m\u00e1ximo do programa de recompra sejam atingidos\u201d.&#13;\n    <\/p>\n<p class=\"\">&#13;<br \/>\n        \u00a0&#13;\n    <\/p>\n","protected":false},"excerpt":{"rendered":"&#13; O Banco Comercial Portugu\u00eas (BCP) atualizou esta sexta-feira os n\u00fameros do programa de recompra de a\u00e7\u00f5es que&hellip;\n","protected":false},"author":2,"featured_media":512165,"comment_status":"","ping_status":"","sticky":false,"template":"","format":"standard","meta":{"footnotes":"","_share_on_mastodon":"0"},"categories":[83],"tags":[19148,88,89,90,16648,32,33,40980],"class_list":["post-512164","post","type-post","status-publish","format-standard","has-post-thumbnail","category-empresas","tag-banco-comercial-portugues","tag-business","tag-economy","tag-empresas","tag-milhoes","tag-portugal","tag-pt","tag-recompra"],"share_on_mastodon":{"url":"https:\/\/pubeurope.com\/@pt\/117214819360808976","error":""},"_links":{"self":[{"href":"https:\/\/www.europesays.com\/pt\/wp-json\/wp\/v2\/posts\/512164","targetHints":{"allow":["GET"]}}],"collection":[{"href":"https:\/\/www.europesays.com\/pt\/wp-json\/wp\/v2\/posts"}],"about":[{"href":"https:\/\/www.europesays.com\/pt\/wp-json\/wp\/v2\/types\/post"}],"author":[{"embeddable":true,"href":"https:\/\/www.europesays.com\/pt\/wp-json\/wp\/v2\/users\/2"}],"replies":[{"embeddable":true,"href":"https:\/\/www.europesays.com\/pt\/wp-json\/wp\/v2\/comments?post=512164"}],"version-history":[{"count":0,"href":"https:\/\/www.europesays.com\/pt\/wp-json\/wp\/v2\/posts\/512164\/revisions"}],"wp:featuredmedia":[{"embeddable":true,"href":"https:\/\/www.europesays.com\/pt\/wp-json\/wp\/v2\/media\/512165"}],"wp:attachment":[{"href":"https:\/\/www.europesays.com\/pt\/wp-json\/wp\/v2\/media?parent=512164"}],"wp:term":[{"taxonomy":"category","embeddable":true,"href":"https:\/\/www.europesays.com\/pt\/wp-json\/wp\/v2\/categories?post=512164"},{"taxonomy":"post_tag","embeddable":true,"href":"https:\/\/www.europesays.com\/pt\/wp-json\/wp\/v2\/tags?post=512164"}],"curies":[{"name":"wp","href":"https:\/\/api.w.org\/{rel}","templated":true}]}}