{"id":512170,"date":"2026-09-04T21:12:14","date_gmt":"2026-09-04T21:12:14","guid":{"rendered":"https:\/\/www.europesays.com\/pt\/512170\/"},"modified":"2026-09-04T21:12:14","modified_gmt":"2026-09-04T21:12:14","slug":"matilde-reymao-e-a-princesa-diana-portuguesa-o-momento-iconico-e-a-tendencia-dos-anos-80","status":"publish","type":"post","link":"https:\/\/www.europesays.com\/pt\/512170\/","title":{"rendered":"Matilde Reym\u00e3o \u00e9 a Princesa Diana portuguesa? O momento ic\u00f3nico e a tend\u00eancia dos anos 80"},"content":{"rendered":"<p>Setembro n\u00e3o \u00e9 j\u00e1 amanh\u00e3, \u00e9 agora e foi altura de a TVI apresentar as novidades da grelha. Vem a\u00ed o novo programa Roda da Sorte, apresentado por <a target=\"_blank\" rel=\"noopener noreferrer nofollow\" href=\"https:\/\/versa.iol.pt\/cristina-ferreira\/menopausa\/a-partir-daqui-para-que-sirvo-cristina-ferreira-partilha-testemunho-sobre-menopausa\/20260902\/6a97e97a0cf2b42132dbfc72\">Cristina Ferreira<\/a>, tamb\u00e9m o Big Brother All Stars, com Maria Botelho Moniz, e a novela Cora\u00e7\u00e3o de M\u00e3e, que traz de volta ao ecr\u00e3 Joana Solnado. <\/p>\n<p>No evento chamaram a aten\u00e7\u00e3o os looks das caras mais conhecidas da esta\u00e7\u00e3o de Queluz de Baixo e entre eles est\u00e1 Matilde Reym\u00e3o, que acaba de tornar-se na Marilyn Monroe portuguesa e tamb\u00e9m na Princesa Diana portuguesa com o vestido que elegeu para o momento.<\/p>\n<p>Falamos de um vestido da Jacquemus, modelo plissado que nos remete para o famoso vestido branco esvoa\u00e7ante de Marilyn Monroe no filme O Pecado Mora ao Lado, e tamb\u00e9m para um dos momentos mais inesperados da vida p\u00fablica da Princesa Diana, que teve lugar no anos 80.<\/p>\n<p>Em dezembro de 1985, Lady Di apareceu na Royal Opera House, em Londres, e sem que o ent\u00e3o marido, o pr\u00edncipe Carlos, soubesse, deixou o camarote real e subiu ao palco para dan\u00e7ar Uptown Girl, de Billy Joel, ao lado do bailarino Wayne Sleep.<\/p>\n<p>O momento tinha sido preparado em segredo. Diana e Sleep ensaiaram durante semanas e a princesa escolheu inclusivamente a m\u00fasica. O resultado foi uma atua\u00e7\u00e3o de cerca de tr\u00eas minutos que surpreendeu a plateia e, sobretudo, Carlos.<\/p>\n<p>Para a ocasi\u00e3o, Diana vestiu um vestido branco de cetim, justo ao corpo e de comprimento abaixo do joelho, que ajudava a criar movimento enquanto dan\u00e7ava.<\/p>\n<p>\u00c9 precisamente essa imagem que nos interessa agora.<\/p>\n<p>Porque, d\u00e9cadas depois, Matilde Reym\u00e3o surge num vestido que recupera a mesma ideia dos anos 80: um tecido que acompanha o corpo, tem movimento na saia e uma silhueta que n\u00e3o precisa de grandes acess\u00f3rios para chamar a aten\u00e7\u00e3o.<\/p>\n<p>Mas h\u00e1 ainda outro detalhe no vestido que chama a aten\u00e7\u00e3o: a <a target=\"_blank\" rel=\"noopener noreferrer nofollow\" href=\"https:\/\/versa.iol.pt\/chanel\/matthieu-blazy\/esperam-nos-cinturas-ainda-mais-baixas-o-inverno-da-chanel-em-paris-diz-que-sim\/20260311\/69b063fbd34e28842c8199c5\">cintura descida<\/a>, uma das silhuetas associadas \u00e0 d\u00e9cada e que est\u00e1 novamente em destaque para o outono\/inverno de 2026. A <a target=\"_blank\" rel=\"noopener noreferrer nofollow\" href=\"https:\/\/www.vogue.co.uk\/article\/basque-waist-trend-autumn-2026?utm_source=chatgpt.com\">Vogue brit\u00e2nica<\/a> aponta-a como uma das grandes tend\u00eancias da esta\u00e7\u00e3o, lembrando precisamente a forma como a Princesa Diana usava esta constru\u00e7\u00e3o para alongar a figura.<\/p>\n<p>Se o vestido de Matilde Reym\u00e3o te deixou a desejar ter um pouco da aura dos anos 80 no guarda-roupa, reunimos 13 vestidos na galeria de imagens que mostram como esta est\u00e9tica pode ser usada hoje.<\/p>\n","protected":false},"excerpt":{"rendered":"Setembro n\u00e3o \u00e9 j\u00e1 amanh\u00e3, \u00e9 agora e foi altura de a TVI apresentar as novidades da grelha.&hellip;\n","protected":false},"author":2,"featured_media":512171,"comment_status":"","ping_status":"","sticky":false,"template":"","format":"standard","meta":{"footnotes":"","_share_on_mastodon":"0"},"categories":[145],"tags":[1081,211,210,204,114,115,754,186,82063,21695,881,1079,32,82062,33,162,1078,1367,82064,1080],"class_list":["post-512170","post","type-post","status-publish","format-standard","has-post-thumbnail","category-celebridades","tag-beleza","tag-celebridades","tag-celebrities","tag-design","tag-entertainment","tag-entretenimento","tag-gastronomia","tag-lifestyle","tag-looks-anos-80","tag-marilyn-monroe","tag-matilde-reymao","tag-moda","tag-portugal","tag-princesa-diana-portuguesa","tag-pt","tag-tvi","tag-versa","tag-vestido","tag-vestido-jacquemus","tag-viagens"],"share_on_mastodon":{"url":"https:\/\/pubeurope.com\/@pt\/117214835295077748","error":""},"_links":{"self":[{"href":"https:\/\/www.europesays.com\/pt\/wp-json\/wp\/v2\/posts\/512170","targetHints":{"allow":["GET"]}}],"collection":[{"href":"https:\/\/www.europesays.com\/pt\/wp-json\/wp\/v2\/posts"}],"about":[{"href":"https:\/\/www.europesays.com\/pt\/wp-json\/wp\/v2\/types\/post"}],"author":[{"embeddable":true,"href":"https:\/\/www.europesays.com\/pt\/wp-json\/wp\/v2\/users\/2"}],"replies":[{"embeddable":true,"href":"https:\/\/www.europesays.com\/pt\/wp-json\/wp\/v2\/comments?post=512170"}],"version-history":[{"count":0,"href":"https:\/\/www.europesays.com\/pt\/wp-json\/wp\/v2\/posts\/512170\/revisions"}],"wp:featuredmedia":[{"embeddable":true,"href":"https:\/\/www.europesays.com\/pt\/wp-json\/wp\/v2\/media\/512171"}],"wp:attachment":[{"href":"https:\/\/www.europesays.com\/pt\/wp-json\/wp\/v2\/media?parent=512170"}],"wp:term":[{"taxonomy":"category","embeddable":true,"href":"https:\/\/www.europesays.com\/pt\/wp-json\/wp\/v2\/categories?post=512170"},{"taxonomy":"post_tag","embeddable":true,"href":"https:\/\/www.europesays.com\/pt\/wp-json\/wp\/v2\/tags?post=512170"}],"curies":[{"name":"wp","href":"https:\/\/api.w.org\/{rel}","templated":true}]}}