{"id":512174,"date":"2026-09-04T21:19:17","date_gmt":"2026-09-04T21:19:17","guid":{"rendered":"https:\/\/www.europesays.com\/pt\/512174\/"},"modified":"2026-09-04T21:19:17","modified_gmt":"2026-09-04T21:19:17","slug":"moradores-de-sp-tem-infarto-mais-cedo-do-que-em-outros-estados-diz-estudo","status":"publish","type":"post","link":"https:\/\/www.europesays.com\/pt\/512174\/","title":{"rendered":"Moradores de SP t\u00eam infarto mais cedo do que em outros estados, diz estudo"},"content":{"rendered":"<p data-testid=\"_rdsl-wp-content-text-html-v2\" class=\"my-5 break-words group-[.isActiveSource]:text-xl\">Um estudo realizado pelo departamento de cardiologia da Rede D\u2019Or apontou que<strong class=\"group-[.isActiveSource]:text-xl group-[.isActiveSource]:font-bold\"> infartos ocorrem mais cedo na popula\u00e7\u00e3o de S\u00e3o Paulo do que em outros estados do pa\u00eds<\/strong>. A idade m\u00e9dia de pacientes \u00e9 a mais baixa entre as regi\u00f5es analisadas, com uma faixa-et\u00e1ria de 58 anos.<\/p>\n<p class=\"my-5 break-words group-[.isActiveSource]:text-xl\">Para a realiza\u00e7\u00e3o da pesquisa, foram analisados cerca de 4.921 pacientes atendidos com suspeita de infarto em unidades da rede hospitalar dos estados da Bahia, Bras\u00edlia, Minas Gerais e Pernambuco, al\u00e9m de S\u00e3o Paulo e Rio de Janeiro. Os <strong class=\"group-[.isActiveSource]:text-xl group-[.isActiveSource]:font-bold\">estados do Sudeste representaram 60% dos atendidos: 1.482 e 1.466<\/strong>, respectivamente.<\/p>\n<p class=\"my-5 break-words group-[.isActiveSource]:text-xl\">Do total, 2.727 foram diagnosticados com angina inst\u00e1vel e 2.194 com IAM, sendo 1.455 sem supra ST (quando ocorre obstru\u00e7\u00e3o parcial de uma art\u00e9ria coron\u00e1ria) e 739 com supra ST (quando uma art\u00e9ria coron\u00e1ria est\u00e1 totalmente obstru\u00edda).<\/p>\n<p class=\"my-5 break-words group-[.isActiveSource]:text-xl\">J\u00e1 dos pacientes que sofreram infarto, as <strong class=\"group-[.isActiveSource]:text-xl group-[.isActiveSource]:font-bold\">redes do Rio de Janeiro foram as que somaram mais casos confirmados<\/strong>, sendo 764, seguidas de S\u00e3o Paulo com 572 casos. A <strong class=\"group-[.isActiveSource]:text-xl group-[.isActiveSource]:font-bold\">m\u00e9dia de idade em S\u00e3o Paulo foi de 58 anos<\/strong>, enquanto no Rio de Janeiro foi de 62.<\/p>\n<p>Estresse cr\u00f4nico e tabagismo: veja causas do infarto precoce no estado<\/p>\n<p class=\"my-5 break-words group-[.isActiveSource]:text-xl\">Segundo a cardiologista Mariana Mancilha, a causa de infartos agudos do mioc\u00e1rdio em pacientes mais jovens \u2013\u2013 residentes de S\u00e3o Paulo \u2013\u2013 pode ser <strong class=\"group-[.isActiveSource]:text-xl group-[.isActiveSource]:font-bold\">multifatorial, ou seja, provocada por diferentes raz\u00f5es<\/strong>.<\/p>\n<p class=\"my-5 break-words group-[.isActiveSource]:text-xl\">A especialista explica que<strong class=\"group-[.isActiveSource]:text-xl group-[.isActiveSource]:font-bold\"> estresse psicossocial est\u00e1 entre as principais raz\u00f5es independentes<\/strong>, ao lado de <strong class=\"group-[.isActiveSource]:text-xl group-[.isActiveSource]:font-bold\"><a href=\"https:\/\/www.cnnbrasil.com.br\/saude\/estudo-revela-4-fatores-por-tras-dos-casos-de-infarto\/\" target=\"_blank\" rel=\"noopener noreferrer nofollow\" data-textassist=\"true\" class=\"text-red-600 underline hover:text-red-500 font-medium break-words group-[.isActiveSource]:text-xl\">tabagismo, hipertens\u00e3o, diabetes e dislipidemia.<\/a><\/strong><\/p>\n<p class=\"my-5 break-words group-[.isActiveSource]:text-xl\">\u201cO estresse cr\u00f4nico \u00e9 reconhecido como um importante fator de risco cardiovascular, promovendo altera\u00e7\u00f5es neuro-hormonais, metab\u00f3licas e inflamat\u00f3rias que aceleram o desenvolvimento da aterosclerose\u201d, afirma.<\/p>\n<p class=\"my-5 break-words group-[.isActiveSource]:text-xl\">O levantamento, realizado em 59 unidades da rede em seis estados, revelou ainda que nos demais estados, o <strong class=\"group-[.isActiveSource]:text-xl group-[.isActiveSource]:font-bold\">perfil de idade entre os casos de infarto \u00e9 maior<\/strong>. <strong class=\"group-[.isActiveSource]:text-xl group-[.isActiveSource]:font-bold\">Veja:<\/strong><\/p>\n<ul class=\"list-none [li&gt;&amp;]:pl-5\">\n<li class=\"[ul&gt;&amp;]:indent-5 mb-3 break-words [ul&gt;&amp;]:relative [ul&gt;&amp;]:before:absolute [ul&gt;&amp;]:before:left-1 [ul&gt;&amp;]:before:top-2 [ul&gt;&amp;]:before:w-2 [ul&gt;&amp;]:before:h-2 [ul&gt;&amp;]:before:bg-red-600 [ul&gt;&amp;]:before:rounded-full marker:inline group-[.isActiveSource]:text-xl\"><strong class=\"group-[.isActiveSource]:text-xl group-[.isActiveSource]:font-bold\">Bahia<\/strong>\u00a0m\u00e9dia de idade de 69 anos;<\/li>\n<li class=\"[ul&gt;&amp;]:indent-5 mb-3 break-words [ul&gt;&amp;]:relative [ul&gt;&amp;]:before:absolute [ul&gt;&amp;]:before:left-1 [ul&gt;&amp;]:before:top-2 [ul&gt;&amp;]:before:w-2 [ul&gt;&amp;]:before:h-2 [ul&gt;&amp;]:before:bg-red-600 [ul&gt;&amp;]:before:rounded-full marker:inline group-[.isActiveSource]:text-xl\"><strong class=\"group-[.isActiveSource]:text-xl group-[.isActiveSource]:font-bold\">Bras\u00edlia<\/strong> m\u00e9dia de idade de 67 anos;<\/li>\n<li class=\"[ul&gt;&amp;]:indent-5 mb-3 break-words [ul&gt;&amp;]:relative [ul&gt;&amp;]:before:absolute [ul&gt;&amp;]:before:left-1 [ul&gt;&amp;]:before:top-2 [ul&gt;&amp;]:before:w-2 [ul&gt;&amp;]:before:h-2 [ul&gt;&amp;]:before:bg-red-600 [ul&gt;&amp;]:before:rounded-full marker:inline group-[.isActiveSource]:text-xl\"><strong class=\"group-[.isActiveSource]:text-xl group-[.isActiveSource]:font-bold\">Minas Gerais<\/strong> m\u00e9dia de idade de 67,5 anos;<\/li>\n<li class=\"[ul&gt;&amp;]:indent-5 mb-3 break-words [ul&gt;&amp;]:relative [ul&gt;&amp;]:before:absolute [ul&gt;&amp;]:before:left-1 [ul&gt;&amp;]:before:top-2 [ul&gt;&amp;]:before:w-2 [ul&gt;&amp;]:before:h-2 [ul&gt;&amp;]:before:bg-red-600 [ul&gt;&amp;]:before:rounded-full marker:inline group-[.isActiveSource]:text-xl\"><strong class=\"group-[.isActiveSource]:text-xl group-[.isActiveSource]:font-bold\">Pernambuco<\/strong> m\u00e9dia de idade de 70 anos.<\/li>\n<\/ul>\n<p class=\"my-5 break-words group-[.isActiveSource]:text-xl\"><a href=\"https:\/\/www.cnnbrasil.com.br\/saude\/quando-e-necessario-fazer-um-check-up-cardiaco-entenda\/\" class=\"text-red-600 underline hover:text-red-500 font-medium break-words group-[.isActiveSource]:text-xl\" target=\"_self\" rel=\"nofollow noopener\"><strong class=\"group-[.isActiveSource]:text-xl group-[.isActiveSource]:font-bold\">Quando \u00e9 necess\u00e1rio fazer um check-up card\u00edaco? Entenda<\/strong><\/a><\/p>\n<p>Preven\u00e7\u00e3o do infarto<\/p>\n<p class=\"my-5 break-words group-[.isActiveSource]:text-xl\">O cuidado com a sa\u00fade \u00e9 um dos principais aliados na preven\u00e7\u00e3o do infarto. Manter uma rotina saud\u00e1vel, com a <strong class=\"group-[.isActiveSource]:text-xl group-[.isActiveSource]:font-bold\">pr\u00e1tica regular de atividades f\u00edsicas, alimenta\u00e7\u00e3o equilibrada e evitar o tabagismo,<\/strong> ajuda a reduzir o risco de doen\u00e7as cardiovasculares.<\/p>\n<p class=\"my-5 break-words group-[.isActiveSource]:text-xl\">Al\u00e9m disso, o <strong class=\"group-[.isActiveSource]:text-xl group-[.isActiveSource]:font-bold\">controle de glicemia e colesterol \u00e9 fundamental para reduzir o risco de doen\u00e7as cardiovasculares<\/strong>. Para pacientes que j\u00e1 tiveram um epis\u00f3dio de infarto, esse cuidado \u00e9 ainda mais importante, j\u00e1 que o controle dos fatores de risco ajuda a prevenir novos eventos.<\/p>\n<p class=\"my-5 break-words group-[.isActiveSource]:text-xl\">A hipertens\u00e3o arterial, por sua vez, tamb\u00e9m est\u00e1 entre os principais fatores de risco para infarto, AVC e insufici\u00eancia card\u00edaca no mundo. Por isso, medir a press\u00e3o regularmente e manter os n\u00edveis controlados s\u00e3o medidas simples que podem contribuir para a preven\u00e7\u00e3o de <a href=\"https:\/\/www.cnnbrasil.com.br\/saude\/registro-de-doencas-cronicas-diminuiu-apos-pandemia-de-covid-19\/\" target=\"_blank\" rel=\"noopener noreferrer nofollow\" data-textassist=\"true\" class=\"text-red-600 underline hover:text-red-500 font-medium break-words group-[.isActiveSource]:text-xl\"><strong class=\"group-[.isActiveSource]:text-xl group-[.isActiveSource]:font-bold\">complica\u00e7\u00f5es cardiovasculares<\/strong><\/a>.<\/p>\n","protected":false},"excerpt":{"rendered":"Um estudo realizado pelo departamento de cardiologia da Rede D\u2019Or apontou que infartos ocorrem mais cedo na popula\u00e7\u00e3o&hellip;\n","protected":false},"author":2,"featured_media":512175,"comment_status":"","ping_status":"","sticky":false,"template":"","format":"standard","meta":{"footnotes":"","_share_on_mastodon":"0"},"categories":[86],"tags":[116,32,33,117],"class_list":["post-512174","post","type-post","status-publish","format-standard","has-post-thumbnail","category-saude","tag-health","tag-portugal","tag-pt","tag-saude"],"share_on_mastodon":{"url":"https:\/\/pubeurope.com\/@pt\/117214862912672597","error":""},"_links":{"self":[{"href":"https:\/\/www.europesays.com\/pt\/wp-json\/wp\/v2\/posts\/512174","targetHints":{"allow":["GET"]}}],"collection":[{"href":"https:\/\/www.europesays.com\/pt\/wp-json\/wp\/v2\/posts"}],"about":[{"href":"https:\/\/www.europesays.com\/pt\/wp-json\/wp\/v2\/types\/post"}],"author":[{"embeddable":true,"href":"https:\/\/www.europesays.com\/pt\/wp-json\/wp\/v2\/users\/2"}],"replies":[{"embeddable":true,"href":"https:\/\/www.europesays.com\/pt\/wp-json\/wp\/v2\/comments?post=512174"}],"version-history":[{"count":0,"href":"https:\/\/www.europesays.com\/pt\/wp-json\/wp\/v2\/posts\/512174\/revisions"}],"wp:featuredmedia":[{"embeddable":true,"href":"https:\/\/www.europesays.com\/pt\/wp-json\/wp\/v2\/media\/512175"}],"wp:attachment":[{"href":"https:\/\/www.europesays.com\/pt\/wp-json\/wp\/v2\/media?parent=512174"}],"wp:term":[{"taxonomy":"category","embeddable":true,"href":"https:\/\/www.europesays.com\/pt\/wp-json\/wp\/v2\/categories?post=512174"},{"taxonomy":"post_tag","embeddable":true,"href":"https:\/\/www.europesays.com\/pt\/wp-json\/wp\/v2\/tags?post=512174"}],"curies":[{"name":"wp","href":"https:\/\/api.w.org\/{rel}","templated":true}]}}