{"id":512178,"date":"2026-09-04T21:22:19","date_gmt":"2026-09-04T21:22:19","guid":{"rendered":"https:\/\/www.europesays.com\/pt\/512178\/"},"modified":"2026-09-04T21:22:19","modified_gmt":"2026-09-04T21:22:19","slug":"espanhois-preocupados-com-cabo-submarino-entre-portugal-e-marrocos","status":"publish","type":"post","link":"https:\/\/www.europesays.com\/pt\/512178\/","title":{"rendered":"Espanh\u00f3is preocupados com cabo submarino entre Portugal e Marrocos"},"content":{"rendered":"<p>        Marrocos quer deixar de depender de Espanha para ligar-se eletricamente \u00e0 Europa, mas projeto do cabo com Portugal j\u00e1 est\u00e1 a criar irrita\u00e7\u00e3o em Madrid.    <\/p>\n<p>O projeto de uma auto-estrada de eletricidade submarina j\u00e1 est\u00e1 a criar preocupa\u00e7\u00f5es em Espanha num momento em que o pa\u00eds vizinho est\u00e1 em elevada tens\u00e3o com Rabat devido \u00e0 invas\u00e3o de Ceuta.<\/p>\n<p>\u201cMarrocos pacta com Portugal um \u2018bypass\u2019 el\u00e9trico a Espanha em plena crise diplom\u00e1tica por Ceuta\u201d, escreve o jornal \u201cEl Economista\u201d esta sexta-feira dando conta das preocupa\u00e7\u00f5es da opini\u00e3o p\u00fablica espanhola no tema mais quente da pol\u00edtica espanhola neste momento.<\/p>\n<p>Curiosamente, o jornal espanhol relata como se fosse uma rea\u00e7\u00e3o de Rabat \u00e0 crise de Ceuta, com a invas\u00e3o de 70 mil migrantes, mas na verdade o encontro entre os governos de Portugal e Marrocos teve lugar a 20 de julho em Lisboa onde foi anunciado a retoma do interesse no projeto, muito antes da invas\u00e3o.<\/p>\n<p>Em julho, o Governo portugu\u00eas anunciou que iria procurar obter fundos europeus para a autoestrada de eletricidade com Marrocos.<\/p>\n<p>E tamb\u00e9m vai abrir uma manifesta\u00e7\u00e3o de interesse para atestar o apetite de empresas privadas pelo projeto.<\/p>\n<p>O objetivo \u00e9 a partilha de risco, num projeto que j\u00e1 foi avaliado em 800 milh\u00f5es de euros em 2018, mas cujo valor j\u00e1 dever\u00e1 estar desatualizado.<\/p>\n<p>O Jornal Econ\u00f3mico revelou em maio de 2025 que j\u00e1 tinham havido \u201ccontactos preliminares\u201d entre os dois pa\u00edses para o relan\u00e7amento do projeto.<\/p>\n<p>A ideia \u00e9 transportar eletricidade portuguesa para Marrocos e trazer eletricidade marroquina para Portugal.<\/p>\n<p>Para j\u00e1, n\u00e3o h\u00e1 novidades sobre a terceira interliga\u00e7\u00e3o el\u00e9trica entre Espanha e Marrocos, prometido para antes de 2026.<\/p>\n<p>Curiosamente, Espanha j\u00e1 tem duas interliga\u00e7\u00f5es el\u00e9tricas com Marrocos, mas s\u00f3 a possibilidade da uma interliga\u00e7\u00e3o com Portugal \u00e9 que faz a imprensa espanhola avisar que \u201cmais interliga\u00e7\u00e3o pode elevar o pre\u00e7o em Espanha\u201d\u2026 algo que n\u00e3o receia com os cabos atuais.<\/p>\n<p>Mesmo assim, admite que \u201cse Marrocos dispor em determinadas horas de eletricidade solar ou e\u00f3lica mais barata, Espanha e Portugal poder\u00e3o import\u00e1-la e reduzir os seus pre\u00e7os\u201d, com benef\u00edcios tamb\u00e9m para a seguran\u00e7a de abastecimento.<\/p>\n<p>Em Espanha h\u00e1 uma quest\u00e3o de fundo no ar perante a crise em Ceuta: Marrocos quer deixar de \u201cdepender exclusivamente de Espanha para ligar-se eletricamente com a Europa\u201d, escreve o \u201cEl Economista\u201d.<\/p>\n<p>Portugal pode ser chave neste objetivo de Rabat, para desilus\u00e3o de alguns em Espanha.<\/p>\n<p><strong>Cabo submarino vai dar mais robustez a Portugal<\/strong><\/p>\n<p>A ministra do Ambiente e da Energia defendeu em julho que este projeto vai dar mais robustez \u00e0 rede el\u00e9trica portuguesa.<\/p>\n<p>Olhando para o apag\u00e3o de 28 de abril de 2025, Maria da Gra\u00e7a Carvalho disse que este cabo submarino teria ajudado Portugal a recome\u00e7ar a rede el\u00e9trica mais depressa, tal como aconteceu com Espanha que teve a ajuda de Fran\u00e7a e Marrocos.<\/p>\n<p>\u201cDecidimos primeiro conversar com a Comiss\u00e3o Europeia para ver o seu interesse em considerar isso um projeto importante europeu, porque \u00e9 outra interconex\u00e3o entre a Europa e a \u00c1frica, em termos de seguran\u00e7a de suplemento\u201d, afirmou.<\/p>\n<p>Em segundo, \u201cconcordamos que este \u00e9 um projeto importante, mas n\u00e3o queremos sobrecarregar os nossos contribuintes e os nossos consumidores, ent\u00e3o tentaremos ver a possibilidade do envolvimento do setor privado nesses projetos, para criar um tipo de manifesta\u00e7\u00e3o de interesse, para ver o interesse do setor privado. Ent\u00e3o, a abordagem europeia e tamb\u00e9m a abordagem do setor privado s\u00e3o as duas solu\u00e7\u00f5es que adicionamos a este projeto\u201d, disse em julho Maria da Gra\u00e7a Carvalho no final do encontro com a sua hom\u00f3loga marroquina Leila Benali.<\/p>\n<p>Sobre os fundos europeus, explicou a raz\u00e3o da candidatura: \u201cquando \u00e9 considerado um projeto de interesse europeu \u00e9 um acesso especial para conectar a facilidade europeia e outros projetos, tamb\u00e9m podem ser projetos de coopera\u00e7\u00e3o com a Europa e a \u00c1frica\u201d.<\/p>\n<p>\u201cOs estudos anteriores foram feitos em 2018, o mercado evoluiu, os pre\u00e7os de todos os materiais evolu\u00edram. Queremos lan\u00e7ar uma esp\u00e9cie de manifesta\u00e7\u00e3o de interesse \u201cchamar o interesse do setor privado para diferentes possibilidades e tamb\u00e9m diferentes solu\u00e7\u00f5es tecnol\u00f3gicas e custos correspondentes\u201d, acrescentou.<\/p>\n<p>Questionada sobre quais as empresas que poderiam manifestar o seu interesse, respondeu: \u201cprodutoras de eletricidade com operadores de rede\u201d.<\/p>\n<p>Sobre os custos, recorda a avalia\u00e7\u00e3o feita na altura de \u201ccerca de 800 milh\u00f5es de euros, mas tamb\u00e9m depende de qual \u00e9 a solu\u00e7\u00e3o tecnol\u00f3gica e qual \u00e9 o percurso. Vai depender da liga\u00e7\u00e3o tecnol\u00f3gica, do percurso, e, portanto, \u00e9 ainda prematuro falar sobre isso.Mas, de qualquer modo, s\u00e3o as duas vias que vamos explorar, envolvimento europeu e envolvimento do setor privado\u201d.<br \/>A ministra da Rep\u00fablica n\u00e3o adiantou datas de execu\u00e7\u00e3o do projeto, considerando que ainda \u00e9 prematuro. O pr\u00f3ximo passo ser\u00e1 pedir a reuni\u00e3o \u00e0 vice-presidente da Comiss\u00e3o Europeia Teresa Ribera. Para o in\u00edcio do pr\u00f3ximo ano, est\u00e1 prevista a cimeira de Alto N\u00edvel Portugal-Marrocos.<\/p>\n<p>Por sua vez, a ministra do Reino de Marrocos falou sobre o objetivo do cabo submarino: \u201cqueremos garantir que reduzimos os custos, especialmente a facilidade de acesso \u00e0 energia para nossas popula\u00e7\u00f5es de ambos os lados do Atl\u00e2ntico\u201d.<\/p>\n<p>\u201cEstamos a preparar o trabalho para a pr\u00f3xima Comiss\u00e3o de N\u00edvel-Alto entre Portugal e Marrocos e os projetos que discutimos mais especificamente sobre minera\u00e7\u00e3o, conectividade energ\u00e9tica, clima, economia circular, s\u00e3o muito importantes para os nossos governos, especialmente porque Marrocos, Portugal e Espanha v\u00e3o organizar o Campeonato do Mundo de 2030 e dado que a Espanha teve um lindo jogo ontem, esperamos que Marrocos e Portugal possam ter sucesso na Campeonato do Mundo de 2030\u2033, segundo Leila Benali.<\/p>\n","protected":false},"excerpt":{"rendered":"Marrocos quer deixar de depender de Espanha para ligar-se eletricamente \u00e0 Europa, mas projeto do cabo com Portugal&hellip;\n","protected":false},"author":2,"featured_media":512179,"comment_status":"","ping_status":"","sticky":false,"template":"","format":"standard","meta":{"footnotes":"","_share_on_mastodon":"0"},"categories":[83],"tags":[88,73385,89,90,640,1959,32,33],"class_list":["post-512178","post","type-post","status-publish","format-standard","has-post-thumbnail","category-empresas","tag-business","tag-cabo-submarino","tag-economy","tag-empresas","tag-espanha","tag-marrocos","tag-portugal","tag-pt"],"share_on_mastodon":{"url":"https:\/\/pubeurope.com\/@pt\/117214874611160724","error":""},"_links":{"self":[{"href":"https:\/\/www.europesays.com\/pt\/wp-json\/wp\/v2\/posts\/512178","targetHints":{"allow":["GET"]}}],"collection":[{"href":"https:\/\/www.europesays.com\/pt\/wp-json\/wp\/v2\/posts"}],"about":[{"href":"https:\/\/www.europesays.com\/pt\/wp-json\/wp\/v2\/types\/post"}],"author":[{"embeddable":true,"href":"https:\/\/www.europesays.com\/pt\/wp-json\/wp\/v2\/users\/2"}],"replies":[{"embeddable":true,"href":"https:\/\/www.europesays.com\/pt\/wp-json\/wp\/v2\/comments?post=512178"}],"version-history":[{"count":0,"href":"https:\/\/www.europesays.com\/pt\/wp-json\/wp\/v2\/posts\/512178\/revisions"}],"wp:featuredmedia":[{"embeddable":true,"href":"https:\/\/www.europesays.com\/pt\/wp-json\/wp\/v2\/media\/512179"}],"wp:attachment":[{"href":"https:\/\/www.europesays.com\/pt\/wp-json\/wp\/v2\/media?parent=512178"}],"wp:term":[{"taxonomy":"category","embeddable":true,"href":"https:\/\/www.europesays.com\/pt\/wp-json\/wp\/v2\/categories?post=512178"},{"taxonomy":"post_tag","embeddable":true,"href":"https:\/\/www.europesays.com\/pt\/wp-json\/wp\/v2\/tags?post=512178"}],"curies":[{"name":"wp","href":"https:\/\/api.w.org\/{rel}","templated":true}]}}