{"id":512188,"date":"2026-09-04T21:33:09","date_gmt":"2026-09-04T21:33:09","guid":{"rendered":"https:\/\/www.europesays.com\/pt\/512188\/"},"modified":"2026-09-04T21:33:09","modified_gmt":"2026-09-04T21:33:09","slug":"sono-ideal-estudos-reveem-a-regra-de-oito-horas-por-noite-04-09-2026-equilibrio","status":"publish","type":"post","link":"https:\/\/www.europesays.com\/pt\/512188\/","title":{"rendered":"Sono ideal: Estudos reveem a regra de oito horas por noite &#8211; 04\/09\/2026 &#8211; Equil\u00edbrio"},"content":{"rendered":"<p>Durante d\u00e9cadas, a resposta para a pergunta &#8220;quanto <a href=\"https:\/\/www1.folha.uol.com.br\/folha-topicos\/sono\/\" rel=\"nofollow noopener\" target=\"\">sono<\/a> um adulto precisa?&#8221; tem sido simples: <a href=\"https:\/\/www1.folha.uol.com.br\/equilibrio\/2025\/08\/formula-do-sono-saudavel-nao-esta-nas-8-horas-por-noite-aponta-estudo.shtml\" rel=\"nofollow noopener\" target=\"\">oito horas por dia<\/a>. A ideia remonta a meados do s\u00e9culo 19, quando se consolidou pela primeira vez a no\u00e7\u00e3o de oito horas de trabalho, oito para lazer e oito para dormir.<\/p>\n<p>Mas evid\u00eancias sugerem que oito horas podem n\u00e3o ser a quantidade ideal de sono para todos, aponta uma revis\u00e3o narrativa publicada na revista cient\u00edfica Brain Medicine.<\/p>\n<p>Para descobrir quanto as pessoas dormem naturalmente, pesquisadores estudaram comunidades de ca\u00e7adores-coletores cujos estilos de vida s\u00e3o mais pr\u00f3ximos aos de nossos ancestrais, que t\u00eam pouco ou nenhum acesso \u00e0 luz natural. Em um estudo inicial, os pesquisadores descobriram que pessoas na <a href=\"https:\/\/www1.folha.uol.com.br\/folha-topicos\/tanzania\/\" rel=\"nofollow noopener\" target=\"\">Tanz\u00e2nia<\/a>, <a href=\"https:\/\/www1.folha.uol.com.br\/folha-topicos\/namibia\/\" rel=\"nofollow noopener\" target=\"\">Nam\u00edbia<\/a> e <a href=\"https:\/\/www1.folha.uol.com.br\/folha-topicos\/bolivia\/\" rel=\"nofollow noopener\" target=\"\">Bol\u00edvia<\/a> dormiam entre 5,7 e 7,1 horas por noite. Essas dura\u00e7\u00f5es curtas n\u00e3o podem ser atribu\u00eddas ao barulho do <a href=\"https:\/\/www1.folha.uol.com.br\/folha-topicos\/transito\/\" rel=\"nofollow noopener\" target=\"\">tr\u00e2nsito<\/a>, ao uso das redes sociais ou ao excesso de <a href=\"https:\/\/www1.folha.uol.com.br\/equilibrio\/2026\/07\/entenda-como-a-luz-artificial-e-a-poluicao-sonora-prejudicam-o-sono-nas-grandes-cidades.shtml\" rel=\"nofollow noopener\" target=\"\">luz artificial<\/a>.<\/p>\n<p>As noites curtas tamb\u00e9m pareciam ser suficientes: as pessoas n\u00e3o compensavam com longos <a href=\"https:\/\/www1.folha.uol.com.br\/equilibrio\/2026\/01\/como-tirar-cochilos-revigorantes-da-maneira-certa.shtml\" rel=\"nofollow noopener\" target=\"\">cochilos<\/a> durante o dia. Sem despertador, elas tendiam a acordar perto do amanhecer, independentemente do dia da semana.<\/p>\n<p>O tempo exato que as pessoas dormem em sociedades n\u00e3o industrializadas varia dependendo de como o sono \u00e9 medido, de onde moram, da esta\u00e7\u00e3o do ano e de outros fatores ambientais. Mas uma an\u00e1lise recente estimou a m\u00e9dia em 6,4 horas.<\/p>\n<p>Ent\u00e3o, oito horas \u00e9 demais? Esses estudos partem de uma suposi\u00e7\u00e3o importante: que a quantidade de sono que as pessoas t\u00eam naturalmente \u00e9 a quantidade de que precisam. Isso pressup\u00f5e que os ca\u00e7adores-coletores estejam livres de <a href=\"https:\/\/www1.folha.uol.com.br\/equilibrio\/2025\/04\/como-o-estresse-pode-atrapalhar-sua-busca-por-saude-e-longevidade.shtml\" rel=\"nofollow noopener\" target=\"\">estresse<\/a>, agendas lotadas e outras press\u00f5es que afetam o sono. Mas ser\u00e1 que isso \u00e9 verdade?<\/p>\n<p>Tamb\u00e9m n\u00e3o sabemos se as pessoas nessas sociedades enfrentam os mesmos problemas de <a href=\"https:\/\/www1.folha.uol.com.br\/equilibrioesaude\/\" rel=\"nofollow noopener\" target=\"\">sa\u00fade <\/a>relacionados \u00e0 falta de sono observados nas sociedades modernas. Portanto, o sono mais curto delas pode n\u00e3o ser um argumento t\u00e3o forte contra as oito horas quanto parece \u00e0 primeira vista.<\/p>\n<p>Mas outras evid\u00eancias surgiram a partir de grandes estudos que analisaram a rela\u00e7\u00e3o entre sono e sa\u00fade nas sociedades industrializadas.<\/p>\n<p>Se definirmos o sono ideal como a quantidade associada \u00e0 melhor sa\u00fade, muitos estudos de grande porte sugerem que o ponto ideal pode ser inferior a oito horas. Um estudo recente utilizou exames de imagem do c\u00e9rebro e do corpo, al\u00e9m de medidas moleculares, para analisar como o sono se relaciona com o envelhecimento de diferentes \u00f3rg\u00e3os. Ele estimou que a quantidade ideal esteja entre 6,4 e 7,8 horas, dependendo do sexo da pessoa e do \u00f3rg\u00e3o em estudo.<\/p>\n<p>Muitos estudos constatam que <a href=\"https:\/\/www1.folha.uol.com.br\/equilibrio\/2024\/10\/dormir-pouco-ou-dormir-muito-ambos-fazem-mal-para-memoria.shtml\" rel=\"nofollow noopener\" target=\"\">tanto dormir pouco quanto dormir demais<\/a> est\u00e3o associados a uma sa\u00fade mais prec\u00e1ria, incluindo doen\u00e7as card\u00edacas, derrame, <a href=\"https:\/\/www1.folha.uol.com.br\/equilibrio\/2026\/08\/os-riscos-de-dormir-pouco-e-por-que-algumas-pessoas-precisam-de-menos-horas-de-sono.shtml\" rel=\"nofollow noopener\" target=\"\">decl\u00ednio cognitivo<\/a> e <a href=\"https:\/\/www1.folha.uol.com.br\/folha-topicos\/obesidade\/\" rel=\"nofollow noopener\" target=\"\">obesidade<\/a>. Mas os cientistas ainda debatem se dormir demais causa problemas de sa\u00fade ou se, ao contr\u00e1rio, \u00e9 um sinal precoce deles. Essas descobertas desafiam a ideia de que todos precisam exatamente de oito horas e sugerem que dormir consistentemente por muito mais tempo pode ser algo que vale a pena levar em considera\u00e7\u00e3o.<\/p>\n<p>Todas essas estimativas da dura\u00e7\u00e3o ideal do sono, no entanto, se baseiam em m\u00e9dias, e a pessoa &#8220;m\u00e9dia&#8221; n\u00e3o existe. Quando t\u00eam oportunidade suficiente para dormir, estudos mostram que adultos jovens dormem mais do que adultos mais velhos saud\u00e1veis. Mesmo pessoas da mesma idade podem precisar de quantidades muito diferentes de sono.<\/p>\n<p>As recomenda\u00e7\u00f5es atuais sobre a dura\u00e7\u00e3o do sono, da National Sleep Foundation dos <a href=\"https:\/\/www1.folha.uol.com.br\/folha-topicos\/estados-unidos\/\" rel=\"nofollow noopener\" target=\"\">EUA<\/a>, refletem essas diferen\u00e7as individuais. A funda\u00e7\u00e3o afirma que adultos de 26 a 64 anos devem dormir entre sete e nove horas por dia, mas que dormir entre seis e dez horas pode ser adequado para alguns adultos. Isso est\u00e1 muito longe da regra \u00fanica de oito horas que se aplica a todos.<\/p>\n<p>Mas o sono envolve mais do que apenas a quantidade de horas que dormimos. Uma caracter\u00edstica importante dos padr\u00f5es modernos de sono n\u00e3o \u00e9 que eles sejam mais curtos do que costumavam ser, mas que estejam atrasados em rela\u00e7\u00e3o ao ciclo natural de luz e escurid\u00e3o. A maioria de n\u00f3s n\u00e3o acorda naturalmente antes do amanhecer. Muitos de n\u00f3s dormimos pouco durante a semana de trabalho e <a href=\"https:\/\/www1.folha.uol.com.br\/equilibrio\/2023\/03\/uma-soneca-pode-compensar-uma-noite-de-sono-veja-o-que-especialistas-dizem.shtml\" rel=\"nofollow noopener\" target=\"\">compensamos<\/a> com um sono mais longo nos dias de folga.<\/p>\n<p>    Cuide-se<\/p>\n<p class=\"c-newsletter__subtitle\">Ci\u00eancia, h\u00e1bitos e preven\u00e7\u00e3o numa newsletter para a sua sa\u00fade e bem-estar<\/p>\n<p>A luz artificial \u00e9 reconhecida como o principal fator respons\u00e1vel por essa mudan\u00e7a. Ela altera nossos h\u00e1bitos de sono e atrasa nosso <a href=\"https:\/\/www1.folha.uol.com.br\/equilibrio\/2023\/11\/faca-o-teste-para-descobrir-o-perfil-de-seu-relogio-biologico-e-ajustar-o-sono.shtml\" rel=\"nofollow noopener\" target=\"\">rel\u00f3gio biol\u00f3gico<\/a>, que controla os hor\u00e1rios de sono e vig\u00edlia.<\/p>\n<p>O sono irregular tamb\u00e9m \u00e9 comum, principalmente entre trabalhadores em turnos e estudantes universit\u00e1rios. Ele est\u00e1 associado a uma sa\u00fade mais prec\u00e1ria. Mas se voc\u00ea perder horas de sono durante a semana, recuperar parte no fim de semana parece ser melhor do que n\u00e3o recuperar nada \u2014mesmo que isso torne seu padr\u00e3o de sono menos regular. Portanto, a regularidade \u00e9 importante, mas a quantidade total de sono que voc\u00ea tem ao longo de uma semana ou mais tamb\u00e9m \u00e9.<\/p>\n<p>As pessoas precisam de quantidades diferentes de sono, e o hor\u00e1rio em que dormimos tamb\u00e9m importa. Mas uma mensagem simples permanece: durma o suficiente quando puder, onde puder, e n\u00e3o se preocupe muito com uma noite mal dormida de vez em quando.<\/p>\n<p>Este texto foi publicado no <a href=\"https:\/\/www1.folha.uol.com.br\/folha-topicos\/the-conversation\/\" rel=\"nofollow noopener\" target=\"_blank\">The Conversation<\/a>. Clique <a href=\"https:\/\/theconversation.com\/quanto-tempo-de-sono-preciso-por-que-voce-pode-esquecer-a-regra-das-oito-horas-291244\" rel=\"nofollow noopener\" target=\"_blank\">aqui<\/a> para ler a vers\u00e3o original.<\/p>\n","protected":false},"excerpt":{"rendered":"Durante d\u00e9cadas, a resposta para a pergunta &#8220;quanto sono um adulto precisa?&#8221; tem sido simples: oito horas por&hellip;\n","protected":false},"author":2,"featured_media":512189,"comment_status":"","ping_status":"","sticky":false,"template":"","format":"standard","meta":{"footnotes":"","_share_on_mastodon":"0"},"categories":[86],"tags":[109,1714,236,116,1208,32,33,117,536,5841],"class_list":["post-512188","post","type-post","status-publish","format-standard","has-post-thumbnail","category-saude","tag-ciencia","tag-dormir","tag-folha","tag-health","tag-medicina","tag-portugal","tag-pt","tag-saude","tag-sono","tag-the-conversation"],"share_on_mastodon":{"url":"https:\/\/pubeurope.com\/@pt\/117214917714880064","error":""},"_links":{"self":[{"href":"https:\/\/www.europesays.com\/pt\/wp-json\/wp\/v2\/posts\/512188","targetHints":{"allow":["GET"]}}],"collection":[{"href":"https:\/\/www.europesays.com\/pt\/wp-json\/wp\/v2\/posts"}],"about":[{"href":"https:\/\/www.europesays.com\/pt\/wp-json\/wp\/v2\/types\/post"}],"author":[{"embeddable":true,"href":"https:\/\/www.europesays.com\/pt\/wp-json\/wp\/v2\/users\/2"}],"replies":[{"embeddable":true,"href":"https:\/\/www.europesays.com\/pt\/wp-json\/wp\/v2\/comments?post=512188"}],"version-history":[{"count":0,"href":"https:\/\/www.europesays.com\/pt\/wp-json\/wp\/v2\/posts\/512188\/revisions"}],"wp:featuredmedia":[{"embeddable":true,"href":"https:\/\/www.europesays.com\/pt\/wp-json\/wp\/v2\/media\/512189"}],"wp:attachment":[{"href":"https:\/\/www.europesays.com\/pt\/wp-json\/wp\/v2\/media?parent=512188"}],"wp:term":[{"taxonomy":"category","embeddable":true,"href":"https:\/\/www.europesays.com\/pt\/wp-json\/wp\/v2\/categories?post=512188"},{"taxonomy":"post_tag","embeddable":true,"href":"https:\/\/www.europesays.com\/pt\/wp-json\/wp\/v2\/tags?post=512188"}],"curies":[{"name":"wp","href":"https:\/\/api.w.org\/{rel}","templated":true}]}}