{"id":512202,"date":"2026-09-04T21:48:18","date_gmt":"2026-09-04T21:48:18","guid":{"rendered":"https:\/\/www.europesays.com\/pt\/512202\/"},"modified":"2026-09-04T21:48:18","modified_gmt":"2026-09-04T21:48:18","slug":"fibrose-pulmonar-idiopatica-diagnostico-tardio-continua-a-desafiar-a-pratica-clinica","status":"publish","type":"post","link":"https:\/\/www.europesays.com\/pt\/512202\/","title":{"rendered":"Fibrose pulmonar idiop\u00e1tica: diagn\u00f3stico tardio continua a desafiar a pr\u00e1tica cl\u00ednica"},"content":{"rendered":"<p>\t\t\t\t\tPedro Gon\u00e7alo Ferreira ,<\/p>\n<p>\t\t\t\t\tNelson Mar\u00e7al,<\/p>\n<p>\t\t\t\t<img width=\"900\" height=\"560\" src=\"https:\/\/www.europesays.com\/pt\/wp-content\/uploads\/2026\/09\/JM-10.png\" class=\"attachment-post-thumbnail size-post-thumbnail wp-post-image\" alt=\"SPP\" decoding=\"async\" fetchpriority=\"high\"  \/>\t\t\t<\/p>\n<p>No Dia Mundial da Fibrose Pulmonar, a Sociedade Portuguesa de Pneumologia (SPP) alerta para a necessidade de reconhecer precocemente sintomas inespec\u00edficos e refor\u00e7ar a articula\u00e7\u00e3o entre cuidados de sa\u00fade prim\u00e1rios e hospitalares. \u201cPerante uma doen\u00e7a em que o tempo conta e o tratamento atempado se associa a um melhor progn\u00f3stico, assinalar este dia \u00e9 uma forma direta de combater a desinforma\u00e7\u00e3o e o diagn\u00f3stico tardio\u201d, salientam Pedro Gon\u00e7alo Ferreira e Nelson Mar\u00e7al, da SPP.<\/p>\n<p class=\"c-dark-gray\"><strong>Por favor fa\u00e7a <a href=\"https:\/\/jornalmedico.pt\/login?wpf81259_8=84090\" rel=\"nofollow noopener\" target=\"_blank\">login<\/a> ou <a href=\"https:\/\/jornalmedico.pt\/registo\" rel=\"nofollow noopener\" target=\"_blank\">registe-se<\/a> para aceder a este conte\u00fado<\/strong><\/p>\n","protected":false},"excerpt":{"rendered":"Pedro Gon\u00e7alo Ferreira , Nelson Mar\u00e7al, No Dia Mundial da Fibrose Pulmonar, a Sociedade Portuguesa de Pneumologia (SPP)&hellip;\n","protected":false},"author":2,"featured_media":512203,"comment_status":"","ping_status":"","sticky":false,"template":"","format":"standard","meta":{"footnotes":"","_share_on_mastodon":"0"},"categories":[86],"tags":[1060,116,32,33,117],"class_list":["post-512202","post","type-post","status-publish","format-standard","has-post-thumbnail","category-saude","tag-doencas-respiratorias","tag-health","tag-portugal","tag-pt","tag-saude"],"share_on_mastodon":{"url":"https:\/\/pubeurope.com\/@pt\/117214977540682939","error":""},"_links":{"self":[{"href":"https:\/\/www.europesays.com\/pt\/wp-json\/wp\/v2\/posts\/512202","targetHints":{"allow":["GET"]}}],"collection":[{"href":"https:\/\/www.europesays.com\/pt\/wp-json\/wp\/v2\/posts"}],"about":[{"href":"https:\/\/www.europesays.com\/pt\/wp-json\/wp\/v2\/types\/post"}],"author":[{"embeddable":true,"href":"https:\/\/www.europesays.com\/pt\/wp-json\/wp\/v2\/users\/2"}],"replies":[{"embeddable":true,"href":"https:\/\/www.europesays.com\/pt\/wp-json\/wp\/v2\/comments?post=512202"}],"version-history":[{"count":0,"href":"https:\/\/www.europesays.com\/pt\/wp-json\/wp\/v2\/posts\/512202\/revisions"}],"wp:featuredmedia":[{"embeddable":true,"href":"https:\/\/www.europesays.com\/pt\/wp-json\/wp\/v2\/media\/512203"}],"wp:attachment":[{"href":"https:\/\/www.europesays.com\/pt\/wp-json\/wp\/v2\/media?parent=512202"}],"wp:term":[{"taxonomy":"category","embeddable":true,"href":"https:\/\/www.europesays.com\/pt\/wp-json\/wp\/v2\/categories?post=512202"},{"taxonomy":"post_tag","embeddable":true,"href":"https:\/\/www.europesays.com\/pt\/wp-json\/wp\/v2\/tags?post=512202"}],"curies":[{"name":"wp","href":"https:\/\/api.w.org\/{rel}","templated":true}]}}