{"id":512210,"date":"2026-09-04T21:58:22","date_gmt":"2026-09-04T21:58:22","guid":{"rendered":"https:\/\/www.europesays.com\/pt\/512210\/"},"modified":"2026-09-04T21:58:22","modified_gmt":"2026-09-04T21:58:22","slug":"alem-do-tempo-salome-passa-por-transformacao-e-fica-linda-e-poderosa-veja","status":"publish","type":"post","link":"https:\/\/www.europesays.com\/pt\/512210\/","title":{"rendered":"Al\u00e9m do Tempo: Salom\u00e9 passa por transforma\u00e7\u00e3o e fica &#8220;linda e poderosa&#8221;; veja"},"content":{"rendered":"<p>Em <a href=\"https:\/\/natelinha.uol.com.br\/novelas\/alem-do-tempo\" rel=\"nofollow noopener\" target=\"_blank\">Al\u00e9m do Tempo<\/a>, Salom\u00e9 (In\u00eas Peixoto) passar\u00e1 por uma transforma\u00e7\u00e3o radical. A personagem, que tem uma apar\u00eancia recatada e humilde, aparecer\u00e1 \u201clinda e poderosa\u201d nos pr\u00f3ximos cap\u00edtulos da novela, que est\u00e1 sendo reprisada em Edi\u00e7\u00e3o Especial, na Globo.<\/p>\n<p>Com a ajuda de Fel\u00edcia (Mel Maia), Bianca (Flora Diegues) e Ritinha (Daniela Fontan), a diarista passa por uma grande mudan\u00e7a de visual. A transforma\u00e7\u00e3o vai incluir roupa, cabelo, pele e unhas.<\/p>\n<p>+\u00a0<a href=\"https:\/\/natelinha.uol.com.br\/mercado\/2026\/09\/04\/trilhas-de-novelas-viram-artigos-raros-de-colecionadores-e-podem-custar-ate-r-25-mil-247158.php\" target=\"_blank\" rel=\"noopener noreferrer nofollow\">Trilhas de novelas viram artigos raros de colecionadores e podem custar at\u00e9 R$ 25 mil<\/a><\/p>\n<p>continua depois da publicidade<\/p>\n<p>\u201cQue trabalheira que d\u00e1 virar madame!\u201d, diz Salom\u00e9 para as garotas. O objetivo ser\u00e1 claro: tornar-se uma mulher sedutora para conquistar M\u00e1ssimo (Lu\u00eds Melo), por quem \u00e9 perdidamente apaixonada.<\/p>\n<p>Bianca d\u00e1 o maior incentivo: \u201cFoca no tio Massimo, Salom\u00e9, tudo isso \u00e9 por uma boa causa!\u201d. Depois da transforma\u00e7\u00e3o, Salom\u00e9 fica surpreendida com o resultado e comemora:<\/p>\n<blockquote>\n<p class=\"cit\">\u201cMas eu estou linda e poderosa! Eu sou linda e poderosa!\u201d<\/p>\n<p>Salom\u00e9 (In\u00eas Peixoto)<\/p><\/blockquote>\n<p>Tanto esfor\u00e7o vai acabar fazendo efeito. Pouco a pouco, Salom\u00e9 consegue seduzir M\u00e1ssimo, que supera de vez sua paix\u00e3o por Rosa (Carolina Kasting). A diarista, que foi esposa do amado em vida passada, <a href=\"https:\/\/natelinha.uol.com.br\/novelas\/2026\/08\/31\/quem-fica-com-quem-em-alem-do-tempo-saiba-todos-os-finais-da-novela-246969.php\" rel=\"nofollow noopener\" target=\"_blank\">tem um final feliz com ele no desfecho da segunda fase<\/a>.<\/p>\n<p>continua depois da publicidade<\/p>\n<p>+\u00a0<a href=\"https:\/\/natelinha.uol.com.br\/audiencias\/2026\/09\/04\/reviravolta-em-avenida-brasil-nao-muda-audiencia-da-reprise-veja-os-numeros-247156.php\" target=\"_blank\" rel=\"noopener noreferrer nofollow\">Reviravolta em Avenida Brasil n\u00e3o muda audi\u00eancia da reprise; veja os n\u00fameros<\/a><\/p>\n<p><strong>Veja como Salom\u00e9 fica ap\u00f3s a transforma\u00e7\u00e3o do visual:<\/strong><\/p>\n<p><img decoding=\"async\" loading=\"lazy\" class=\"horizontal\" src=\"https:\/\/www.europesays.com\/pt\/wp-content\/uploads\/2026\/09\/globo-alem-do-tempo-salome-transformacao-1_5923.jpeg\" alt=\"Al\u00e9m do Tempo: Salom\u00e9 passa por transforma\u00e7\u00e3o e fica \\\" linda=\"\" e=\"\" poderosa=\"\" veja=\"\"\/><\/p>\n<p><img decoding=\"async\" loading=\"lazy\" class=\"horizontal\" src=\"https:\/\/www.europesays.com\/pt\/wp-content\/uploads\/2026\/09\/globo-alem-do-tempo-salome-transformacao-2_145.jpeg\" alt=\"Al\u00e9m do Tempo: Salom\u00e9 passa por transforma\u00e7\u00e3o e fica \\\" linda=\"\" e=\"\" poderosa=\"\" veja=\"\"\/><\/p>\n<p>Exibida entre 2015 e 2016, <a href=\"https:\/\/natelinha.uol.com.br\/novelas\/alem-do-tempo\" rel=\"nofollow noopener\" target=\"_blank\">Al\u00e9m do Tempo<\/a> foi criada e escrita por Elizabeth Jhin, com dire\u00e7\u00e3o de n\u00facleo de Rog\u00e9rio Gomes.<\/p>\n<p>O <strong>NaTelinha<\/strong> divulga todos os dias os resumos dos cap\u00edtulos, detalhes dos personagens, entrevistas exclusivas com o elenco e spoilers da novela Al\u00e9m do Tempo. <a href=\"https:\/\/natelinha.uol.com.br\/novelas\" rel=\"nofollow noopener\" target=\"_blank\">Confira!<\/a><\/p>\n","protected":false},"excerpt":{"rendered":"Em Al\u00e9m do Tempo, Salom\u00e9 (In\u00eas Peixoto) passar\u00e1 por uma transforma\u00e7\u00e3o radical. A personagem, que tem uma apar\u00eancia&hellip;\n","protected":false},"author":2,"featured_media":512211,"comment_status":"","ping_status":"","sticky":false,"template":"","format":"standard","meta":{"footnotes":"","_share_on_mastodon":"0"},"categories":[142],"tags":[52187,114,115,753,82070,32,33,151],"class_list":["post-512210","post","type-post","status-publish","format-standard","has-post-thumbnail","category-tv","tag-alem-do-tempo","tag-entertainment","tag-entretenimento","tag-globo","tag-ines-peixoto","tag-portugal","tag-pt","tag-tv"],"share_on_mastodon":{"url":"https:\/\/pubeurope.com\/@pt\/117215016996871459","error":""},"_links":{"self":[{"href":"https:\/\/www.europesays.com\/pt\/wp-json\/wp\/v2\/posts\/512210","targetHints":{"allow":["GET"]}}],"collection":[{"href":"https:\/\/www.europesays.com\/pt\/wp-json\/wp\/v2\/posts"}],"about":[{"href":"https:\/\/www.europesays.com\/pt\/wp-json\/wp\/v2\/types\/post"}],"author":[{"embeddable":true,"href":"https:\/\/www.europesays.com\/pt\/wp-json\/wp\/v2\/users\/2"}],"replies":[{"embeddable":true,"href":"https:\/\/www.europesays.com\/pt\/wp-json\/wp\/v2\/comments?post=512210"}],"version-history":[{"count":0,"href":"https:\/\/www.europesays.com\/pt\/wp-json\/wp\/v2\/posts\/512210\/revisions"}],"wp:featuredmedia":[{"embeddable":true,"href":"https:\/\/www.europesays.com\/pt\/wp-json\/wp\/v2\/media\/512211"}],"wp:attachment":[{"href":"https:\/\/www.europesays.com\/pt\/wp-json\/wp\/v2\/media?parent=512210"}],"wp:term":[{"taxonomy":"category","embeddable":true,"href":"https:\/\/www.europesays.com\/pt\/wp-json\/wp\/v2\/categories?post=512210"},{"taxonomy":"post_tag","embeddable":true,"href":"https:\/\/www.europesays.com\/pt\/wp-json\/wp\/v2\/tags?post=512210"}],"curies":[{"name":"wp","href":"https:\/\/api.w.org\/{rel}","templated":true}]}}