{"id":512214,"date":"2026-09-04T22:02:13","date_gmt":"2026-09-04T22:02:13","guid":{"rendered":"https:\/\/www.europesays.com\/pt\/512214\/"},"modified":"2026-09-04T22:02:13","modified_gmt":"2026-09-04T22:02:13","slug":"estado-de-sp-tem-81-municipios-em-epidemia-de-dengue-04-09-2026-equilibrio-e-saude","status":"publish","type":"post","link":"https:\/\/www.europesays.com\/pt\/512214\/","title":{"rendered":"Estado de SP tem 81 munic\u00edpios em epidemia de dengue &#8211; 04\/09\/2026 &#8211; Equil\u00edbrio e Sa\u00fade"},"content":{"rendered":"<p>Dos 645 munic\u00edpios do estado de <a href=\"https:\/\/www1.folha.uol.com.br\/folha-topicos\/sao-paulo-estado\/\" rel=\"nofollow noopener\" target=\"\">S\u00e3o Paulo<\/a>, 81 (12,5%) est\u00e3o em <a href=\"https:\/\/www1.folha.uol.com.br\/equilibrioesaude\/2026\/05\/cidade-tiradentes-na-zona-leste-de-sp-registra-epidemia-de-dengue.shtml\" rel=\"nofollow noopener\" target=\"\">epidemia de dengue<\/a>. \u00c9 o que mostra o Painel de Arboviroses da Secretaria Estadual da Sa\u00fade, com dados atualizados at\u00e9 1\u00ba de setembro (veja a lista ao final deste texto).<\/p>\n<p>A <a href=\"https:\/\/www1.folha.uol.com.br\/folha-topicos\/oms\/\" rel=\"nofollow noopener\" target=\"\">OMS<\/a> (Organiza\u00e7\u00e3o Mundial da Sa\u00fade) e o <a href=\"https:\/\/www1.folha.uol.com.br\/folha-topicos\/ministerio-da-saude\/\" rel=\"nofollow noopener\" target=\"\">Minist\u00e9rio da Sa\u00fade<\/a> consideram epidemia quando a incid\u00eancia ultrapassa a marca de 300 casos por 100 mil habitantes.<\/p>\n<p>Para chegar ao coeficiente de incid\u00eancia, basta multiplicar por 100 mil o n\u00famero de casos novos e dividir pelo total da popula\u00e7\u00e3o na \u00e1rea em quest\u00e3o.<\/p>\n<p>No estado, a situa\u00e7\u00e3o em 2026 \u00e9 melhor do que a do mesmo per\u00edodo de 2025, quando 553 cidades enfrentavam uma <a href=\"https:\/\/www1.folha.uol.com.br\/cotidiano\/ribeiraopreto\/1260593-ribeirao-preto-ja-vive-uma-nova-epidemia-de-dengue.shtml\" rel=\"nofollow noopener\" target=\"_blank\">epidemia de dengue<\/a>. Em 2024, ano mais cr\u00edtico da doen\u00e7a no Brasil, S\u00e3o Paulo tinha 590 munic\u00edpios em epidemia.<\/p>\n<p>Em n\u00fameros absolutos, at\u00e9 1\u00ba de setembro de 2026 foram confirmados 58.271 casos e 41 mortes por dengue em toda o estado, bem abaixo dos n\u00fameros de 2025 e 2024 \u2014855.132 casos e 1.112 \u00f3bitos, e 2 milh\u00f5es de casos e 2.129 mortes, respectivamente.<\/p>\n<p>A<a href=\"https:\/\/www1.folha.uol.com.br\/equilibrioesaude\/2024\/04\/incidencia-de-dengue-no-bairro-de-jaguara-e-quase-6-vezes-maior-a-taxa-na-cidade-de-sao-paulo.shtml\" rel=\"nofollow noopener\" target=\"\"> incid\u00eancia mais alta de dengue<\/a> \u00e9 a do munic\u00edpio de S\u00e3o Jo\u00e3o do Pau D&#8217;Alho, localizado no DRS (Departamento Regional de Sa\u00fade) Presidente Prudente, no oeste do estado. A prefeitura local afirma realizar a\u00e7\u00f5es constantes de orienta\u00e7\u00e3o e combate \u00e0 doen\u00e7a.<\/p>\n<p>As atividades de conscientiza\u00e7\u00e3o, preven\u00e7\u00e3o e controle das arboviroses s\u00e3o executadas pelos munic\u00edpios no \u00e2mbito do <a href=\"https:\/\/www1.folha.uol.com.br\/folha-topicos\/sus\/\" rel=\"nofollow noopener\" target=\"_blank\">SUS<\/a> (Sistema \u00danico de Sa\u00fade).<\/p>\n<p>Com 9.805 casos confirmados de<a href=\"https:\/\/www1.folha.uol.com.br\/equilibrioesaude\/2026\/08\/belem-declara-guerra-contra-o-mosquito-da-dengue.shtml\" rel=\"nofollow noopener\" target=\"_blank\"> dengue<\/a>, tr\u00eas mortes e incid\u00eancia de 86,02 por 100 mil habitantes, a cidade de S\u00e3o Paulo n\u00e3o se aproxima do \u00edndice epid\u00eamico. Cidade Tiradentes, na <a href=\"https:\/\/www1.folha.uol.com.br\/equilibrioesaude\/2026\/05\/cidade-tiradentes-na-zona-leste-de-sp-registra-epidemia-de-dengue.shtml\" rel=\"nofollow noopener\" target=\"\">zona leste<\/a>, \u00e9 o \u00fanico distrito em epidemia, com incid\u00eancia de 393,1 por 100 mil habitantes.<\/p>\n<p>El Ni\u00f1o<\/p>\n<p>O El Ni\u00f1o pode elevar os casos de dengue no pa\u00eds j\u00e1 a partir deste m\u00eas, segundo especialistas. O <a href=\"https:\/\/www1.folha.uol.com.br\/equilibrioesaude\/2026\/05\/el-nino-pode-elevar-casos-de-dengue-no-brasil-com-pior-cenario-no-sul-e-no-sudeste.shtml\" rel=\"nofollow noopener\" target=\"_blank\">Sul e o Sudeste<\/a>, onde est\u00e1 concentrada a maioria da popula\u00e7\u00e3o brasileira, t\u00eam maior risco de surtos.<\/p>\n<p>O governo de S\u00e3o Paulo lan\u00e7ou recentemente o <a href=\"https:\/\/www1.folha.uol.com.br\/equilibrioesaude\/2026\/08\/criancas-e-idosos-serao-os-mais-afetados-pelos-efeitos-do-el-nino-diz-secretaria-da-saude-de-sp.shtml\" rel=\"nofollow noopener\" target=\"_blank\">Plano Estadual de Prepara\u00e7\u00e3o e Resposta em Sa\u00fade para o Fen\u00f4meno El Ni\u00f1o<\/a>. No estado, o fen\u00f4meno costuma estar associado ao aumento das temperaturas, \u00e0 irregularidade das chuvas e \u00e0 maior probabilidade de temporais, vendavais, alagamentos, enchentes e deslizamentos, principalmente durante a primavera e o ver\u00e3o.<\/p>\n<p>O combo chuva e calor \u00e9 o cen\u00e1rio favor\u00e1vel \u00e0 prolifera\u00e7\u00e3o do mosquito<a href=\"https:\/\/www1.folha.uol.com.br\/equilibrioesaude\/2023\/10\/primo-do-aedes-aegypti-tambem-e-responsavel-por-alta-dos-casos-de-dengue-no-brasil-diz-especialista.shtml\" rel=\"nofollow noopener\" target=\"_blank\"> Aedes aegypti<\/a>, transmissor da dengue, zika e <a href=\"https:\/\/www1.folha.uol.com.br\/equilibrioesaude\/2026\/07\/eurofarma-anuncia-parceria-para-trazer-nova-vacina-contra-chikungunya-ao-brasil.shtml\" rel=\"nofollow noopener\" target=\"_blank\">chikungunya<\/a>.<\/p>\n<p>Vacina\u00e7\u00e3o<\/p>\n<p>A vacina\u00e7\u00e3o contra a dengue com a Butantan-DV permanece suspensa temporariamente ap\u00f3s<a href=\"https:\/\/www1.folha.uol.com.br\/equilibrioesaude\/2026\/06\/sus-suspende-uso-de-vacina-da-dengue-do-butantan-apos-reacoes-adversas.shtml\" rel=\"nofollow noopener\" target=\"_blank\"> casos graves de rea\u00e7\u00f5es adversas<\/a>.<\/p>\n<p>Adolescentes entre 10 e 14 anos s\u00e3o eleg\u00edveis para a imuniza\u00e7\u00e3o com a <a href=\"https:\/\/www1.folha.uol.com.br\/equilibrioesaude\/2026\/07\/estudo-aponta-maior-incidencia-de-reacao-alergica-a-vacina-qdenga-do-que-a-observada-nos-ensaios.shtml\" rel=\"nofollow noopener\" target=\"_blank\">Qdenga, <\/a>da farmac\u00eautica <a href=\"https:\/\/www1.folha.uol.com.br\/equilibrioesaude\/2024\/03\/fiocruz-conversa-com-takeda-sobre-transferencia-de-tecnologia-para-fabricar-qdenga.shtml\" rel=\"nofollow noopener\" target=\"_blank\">Takeda<\/a>, em esquema de duas doses com intervalo de tr\u00eas meses. As vacinas est\u00e3o dispon\u00edveis nas UBSs (Unidades B\u00e1sicas de Sa\u00fade).<\/p>\n<p>Munic\u00edpios paulistas em epidemia de dengue (por DRS*)<\/p>\n<p><strong>DRS Ara\u00e7atuba: <\/strong>Andradina, Ara\u00e7atuba, Bento de Abreu, Birigui, Bra\u00fana, Buritama, Castilho, Glic\u00e9rio, Guararapes, Itapura, Lourdes, Mirand\u00f3polis, Nova Independ\u00eancia, Santo Ant\u00f4nio do Aracangu\u00e1, Sud Mennucci e Valpara\u00edso<\/p>\n<p><strong>DRS Araraquara:<\/strong> Motuca<\/p>\n<p><strong>DRS Baixada Santista:<\/strong> Guaruj\u00e1<\/p>\n<p><strong>DRS Barretos:<\/strong> Altair, Cajobi, Col\u00f4mbia, Jaborandi<\/p>\n<p><strong>DRS Bauru:<\/strong> Balbinos<\/p>\n<p><strong>DRS Campinas:<\/strong> Atibaia e Campinas<\/p>\n<p><strong>DRS Mar\u00edlia:<\/strong> Alvinl\u00e2ndia, Assis, Cruz\u00e1lia, Flor\u00ednea, Parapu\u00e3, Ribeir\u00e3o do Sul, Vera Cruz<\/p>\n<p><strong>DRS Piracicaba:<\/strong> S\u00e3o Pedro<\/p>\n<p><strong>DRS Presidente Prudente:<\/strong> Dracena, Estrela do Norte, Euclides da Cunha Paulista, Flora Rica, Junquir\u00f3polis, Marab\u00e1 Paulista, Mirante do Paranapanema, Monte Castelo, Nantes, Narandiba, Nova Guataporanga, Ouro Verde, Pirapozinho, Sandovalina, Santo Anast\u00e1cio, S\u00e3o Jo\u00e3o do Pau D&#8217;Alho, Taciba, Tarabai, Teodoro Sampaio e Tupi Paulista<\/p>\n<p><strong>DRS Registro: <\/strong>Jacupiranga<\/p>\n<p><strong>DRS Ribeir\u00e3o Preto:<\/strong> Pitangueiras<\/p>\n<p><strong>DRS S\u00e3o Jo\u00e3o da Boa Vista:<\/strong> Agua\u00ed e S\u00e3o Jo\u00e3o da Boa Vista<\/p>\n<p><strong>DRS S\u00e3o Jos\u00e9 do Rio Preto:<\/strong> B\u00e1lsamo, Catanduva, Cedral, Guapia\u00e7u, Ibir\u00e1, Ic\u00e9m, Mirassol\u00e2ndia, Monte Apraz\u00edvel, Nova Alian\u00e7a, Nova Granada, Onda Verde, Palestina, Palmeira D&#8217;Oeste, Paulo de Faria, Populina, Riol\u00e2ndia, Rubin\u00e9ia, S\u00e3o Jos\u00e9 do Rio Preto e Votuporanga<\/p>\n<p><strong>DRS Taubat\u00e9: <\/strong>Jacare\u00ed, Monteiro Lobato, Taubat\u00e9, Trememb\u00e9 e Ubatuba<\/p>\n<p class=\"tagline\">* Departamento Regional de Sa\u00fade<\/p>\n","protected":false},"excerpt":{"rendered":"Dos 645 munic\u00edpios do estado de S\u00e3o Paulo, 81 (12,5%) est\u00e3o em epidemia de dengue. \u00c9 o que&hellip;\n","protected":false},"author":2,"featured_media":512215,"comment_status":"","ping_status":"","sticky":false,"template":"","format":"standard","meta":{"footnotes":"","_share_on_mastodon":"0"},"categories":[86],"tags":[1896,5723,1031,40294,1029,1891,236,116,1208,35891,32,33,3802,117],"class_list":["post-512214","post","type-post","status-publish","format-standard","has-post-thumbnail","category-saude","tag-aedes-aegypti","tag-arbovirose","tag-autocuidado","tag-controle-da-dengue","tag-cuide-se","tag-dengue","tag-folha","tag-health","tag-medicina","tag-mosquito-aedes-aegypti","tag-portugal","tag-pt","tag-sao-paulo-estado","tag-saude"],"share_on_mastodon":{"url":"https:\/\/pubeurope.com\/@pt\/117215031675400937","error":""},"_links":{"self":[{"href":"https:\/\/www.europesays.com\/pt\/wp-json\/wp\/v2\/posts\/512214","targetHints":{"allow":["GET"]}}],"collection":[{"href":"https:\/\/www.europesays.com\/pt\/wp-json\/wp\/v2\/posts"}],"about":[{"href":"https:\/\/www.europesays.com\/pt\/wp-json\/wp\/v2\/types\/post"}],"author":[{"embeddable":true,"href":"https:\/\/www.europesays.com\/pt\/wp-json\/wp\/v2\/users\/2"}],"replies":[{"embeddable":true,"href":"https:\/\/www.europesays.com\/pt\/wp-json\/wp\/v2\/comments?post=512214"}],"version-history":[{"count":0,"href":"https:\/\/www.europesays.com\/pt\/wp-json\/wp\/v2\/posts\/512214\/revisions"}],"wp:featuredmedia":[{"embeddable":true,"href":"https:\/\/www.europesays.com\/pt\/wp-json\/wp\/v2\/media\/512215"}],"wp:attachment":[{"href":"https:\/\/www.europesays.com\/pt\/wp-json\/wp\/v2\/media?parent=512214"}],"wp:term":[{"taxonomy":"category","embeddable":true,"href":"https:\/\/www.europesays.com\/pt\/wp-json\/wp\/v2\/categories?post=512214"},{"taxonomy":"post_tag","embeddable":true,"href":"https:\/\/www.europesays.com\/pt\/wp-json\/wp\/v2\/tags?post=512214"}],"curies":[{"name":"wp","href":"https:\/\/api.w.org\/{rel}","templated":true}]}}