{"id":512218,"date":"2026-09-04T22:05:37","date_gmt":"2026-09-04T22:05:37","guid":{"rendered":"https:\/\/www.europesays.com\/pt\/512218\/"},"modified":"2026-09-04T22:05:37","modified_gmt":"2026-09-04T22:05:37","slug":"dyson-tem-escova-que-ve-os-dentes-e-robos-que-limpam-sozinhos","status":"publish","type":"post","link":"https:\/\/www.europesays.com\/pt\/512218\/","title":{"rendered":"Dyson tem escova que v\u00ea os dentes e rob\u00f4s que limpam sozinhos"},"content":{"rendered":"<p>A Dyson aproveitou o seu grande evento anual em Berlim para mostrar uma mudan\u00e7a profunda no seu cat\u00e1logo de produtos. A empresa colocou a IA, a vis\u00e3o computacional e a aprendizagem autom\u00e1tica no centro das novidades para os pr\u00f3ximos meses. Entre as surpresas esteve a entrada direta num mercado inesperado, combinando escovagem tradicional com tecnologia avan\u00e7ada. Trata-se de um movimento estrat\u00e9gico para alargar o ecossistema dom\u00e9stico a novas \u00e1reas do quotidiano.<\/p>\n<p><a target=\"_blank\" href=\"https:\/\/www.europesays.com\/pt\/wp-content\/uploads\/2026\/09\/dyson_capa_1.jpg\" onclick=\"refreshIframe()\" class=\"foobox\"><img fetchpriority=\"high\" decoding=\"async\" src=\"https:\/\/www.europesays.com\/pt\/wp-content\/uploads\/2026\/09\/dyson_capa_1.jpg\" alt=\"Dyson\" width=\"1200\" height=\"675\" class=\"aligncenter size-full wp-image-1138961\"  \/><\/a>\n<\/p>\n<p>O maior destaque coube \u00e0 <a target=\"_blank\" href=\"https:\/\/pplware.sapo.pt\/gadgets\/dyson-camerajet-nova-escova-de-dentes-tem-uma-camara-e-sabe-onde-precisa-de-limpar\/\" rel=\"nofollow noopener\">Dyson CameraJet<\/a>, uma escova de dentes el\u00e9trica munida de uma c\u00e2mara macro de cem mil p\u00edxeis. O sistema analisa a boca em tempo real a cada segundo e recorre a algoritmos para detetar espa\u00e7os interdentais cr\u00edticos.<\/p>\n<p>Sempre que encontra uma \u00e1rea com acumula\u00e7\u00e3o de placa, a escova ativa um jato de elixir bucal com mira microsc\u00f3pica para limpar em profundidade. Todas as informa\u00e7\u00f5es chegam ao smartphone sem gravar imagens na nuvem, chegando ao mercado com um pre\u00e7o de 479 euros.<\/p>\n<p>Dyson Nurovi revoluciona a limpeza aut\u00f3noma do ch\u00e3o<\/p>\n<p>Para os pavimentos dom\u00e9sticos, a marca brit\u00e2nica estreou a sua linha de aspiradores rob\u00f4 Nurovi. O topo de gama R3 Spot+Scrub UV emprega luz ultravioleta e sensores de vis\u00e3o para detetar manchas invis\u00edveis a olho nu.<\/p>\n<p>O mecanismo de mola e rolo lava continuamente com \u00e1gua aquecida a 70 graus e aplica uma suc\u00e7\u00e3o potente em carpetes ou soalho. J\u00e1 o modelo R2 Wash+Dry aposta em mopas triangulares com geometria Reuleaux para esfregar cantos perfeitos, recorrendo a \u00e1gua a 75 graus na base de apoio.<\/p>\n<p><a target=\"_blank\" href=\"https:\/\/www.europesays.com\/pt\/wp-content\/uploads\/2026\/09\/PXL_20260903_1615352532.jpeg\" onclick=\"refreshIframe()\" class=\"foobox\"><img loading=\"lazy\" decoding=\"async\" src=\"https:\/\/www.europesays.com\/pt\/wp-content\/uploads\/2026\/09\/PXL_20260903_1615352532.jpeg\" alt=\"\" width=\"1366\" height=\"769\" class=\"aligncenter size-full wp-image-1139037\"  \/><\/a><a target=\"_blank\" href=\"https:\/\/pplware.sapo.pt\/wp-content\/uploads\/2026\/09\/Dyson_Unveiled_Imagenes_R1_2026.jpg\" onclick=\"refreshIframe()\" class=\"foobox\" rel=\"nofollow noopener\"><\/p>\n<p>A marca fechou a oferta de limpeza com propostas acess\u00edveis para diferentes or\u00e7amentos familiares. O modelo R1 Dry chega no final de outubro por 549 euros, enquanto o R2 Wash+Dry estreia em meados de setembro por 849 euros. Quem prefere solu\u00e7\u00f5es manuais conta com a nova mopa el\u00e9trica W1 PencilWash, agora com base de autolimpeza r\u00e1pida e pre\u00e7o fixado em 349 euros. Estes aparelhos contam ainda com sistemas de separa\u00e7\u00e3o de res\u00edduos para evitar entupimentos no circuito mec\u00e2nico.<\/p>\n<p>Ar puro no lar e assist\u00eancia garantida em Portugal<\/p>\n<p>Na \u00e1rea de climatiza\u00e7\u00e3o, a gama HushJet introduziu arquiteturas ac\u00fasticas da avia\u00e7\u00e3o para acelerar a renova\u00e7\u00e3o do ar sem ru\u00eddo inc\u00f3modo. Os purificadores de grande porte capturam formalde\u00eddo e ret\u00eam part\u00edculas min\u00fasculas no ar antes de as projetar. H\u00e1 op\u00e7\u00f5es para salas amplas e vers\u00f5es tr\u00eas em um com aquecimento integrado, todas com chegada ao mercado prevista para o arranque de 2027.<\/p>\n<p><a target=\"_blank\" href=\"https:\/\/www.europesays.com\/pt\/wp-content\/uploads\/2026\/09\/PXL_20260903_161834077.jpeg\" onclick=\"refreshIframe()\" class=\"foobox\"><img loading=\"lazy\" decoding=\"async\" src=\"https:\/\/www.europesays.com\/pt\/wp-content\/uploads\/2026\/09\/PXL_20260903_161834077.jpeg\" alt=\"\" width=\"1365\" height=\"768\" class=\"aligncenter size-full wp-image-1139038\"  \/><\/a><\/p>\n<p>\u00a0<\/p>\n<p>O evento deu tamb\u00e9m aten\u00e7\u00e3o \u00e0s rotinas de beleza com o lan\u00e7amento de novos modeladores capilares. A prancha Corrale Coolshine introduz tubos t\u00e9rmicos de arrefecimento imediato por 299 euros, enquanto a escova de ar quente Airsmooth utiliza cerdas flex\u00edveis que secam e desembara\u00e7am em simult\u00e2neo por 249 euros. Ambas as ferramentas regulam o calor em fra\u00e7\u00f5es de segundo para proteger a fibra do cabelo.<\/p>\n<p>Para completar o ecossistema, o programa de assist\u00eancia MyDyson passa a oferecer apoio t\u00e9cnico e repara\u00e7\u00f5es r\u00e1pidas em lojas f\u00edsicas selecionadas. Em Portugal, a loja oficial no Centro Colombo, em Lisboa, passar\u00e1 a disponibilizar servi\u00e7os no pr\u00f3prio dia com empr\u00e9stimo imediato de m\u00e1quinas de substitui\u00e7\u00e3o. Esta aposta no p\u00f3s-venda assegura que o utilizador nunca fica desamparado perante uma avaria imprevista.<\/p>\n","protected":false},"excerpt":{"rendered":"A Dyson aproveitou o seu grande evento anual em Berlim para mostrar uma mudan\u00e7a profunda no seu cat\u00e1logo&hellip;\n","protected":false},"author":2,"featured_media":512219,"comment_status":"","ping_status":"","sticky":false,"template":"","format":"standard","meta":{"footnotes":"","_share_on_mastodon":"0"},"categories":[83],"tags":[88,16690,89,90,32,33],"class_list":["post-512218","post","type-post","status-publish","format-standard","has-post-thumbnail","category-empresas","tag-business","tag-dyson","tag-economy","tag-empresas","tag-portugal","tag-pt"],"share_on_mastodon":{"url":"https:\/\/pubeurope.com\/@pt\/117215044157644564","error":""},"_links":{"self":[{"href":"https:\/\/www.europesays.com\/pt\/wp-json\/wp\/v2\/posts\/512218","targetHints":{"allow":["GET"]}}],"collection":[{"href":"https:\/\/www.europesays.com\/pt\/wp-json\/wp\/v2\/posts"}],"about":[{"href":"https:\/\/www.europesays.com\/pt\/wp-json\/wp\/v2\/types\/post"}],"author":[{"embeddable":true,"href":"https:\/\/www.europesays.com\/pt\/wp-json\/wp\/v2\/users\/2"}],"replies":[{"embeddable":true,"href":"https:\/\/www.europesays.com\/pt\/wp-json\/wp\/v2\/comments?post=512218"}],"version-history":[{"count":0,"href":"https:\/\/www.europesays.com\/pt\/wp-json\/wp\/v2\/posts\/512218\/revisions"}],"wp:featuredmedia":[{"embeddable":true,"href":"https:\/\/www.europesays.com\/pt\/wp-json\/wp\/v2\/media\/512219"}],"wp:attachment":[{"href":"https:\/\/www.europesays.com\/pt\/wp-json\/wp\/v2\/media?parent=512218"}],"wp:term":[{"taxonomy":"category","embeddable":true,"href":"https:\/\/www.europesays.com\/pt\/wp-json\/wp\/v2\/categories?post=512218"},{"taxonomy":"post_tag","embeddable":true,"href":"https:\/\/www.europesays.com\/pt\/wp-json\/wp\/v2\/tags?post=512218"}],"curies":[{"name":"wp","href":"https:\/\/api.w.org\/{rel}","templated":true}]}}