{"id":512236,"date":"2026-09-04T22:22:38","date_gmt":"2026-09-04T22:22:38","guid":{"rendered":"https:\/\/www.europesays.com\/pt\/512236\/"},"modified":"2026-09-04T22:22:38","modified_gmt":"2026-09-04T22:22:38","slug":"caso-de-lindsay-clancy-juiz-declara-julgamento-nulo-apos-falta-de-consenso-do-juri-2","status":"publish","type":"post","link":"https:\/\/www.europesays.com\/pt\/512236\/","title":{"rendered":"Caso de Lindsay Clancy. Juiz declara julgamento nulo ap\u00f3s falta de consenso do j\u00fari"},"content":{"rendered":"\n<p>&#13;<br \/>\n<b>&#8220;Neste momento, vou declarar que o j\u00fari est\u00e1 num impasse e vou declarar o julgamento nulo&#8221;, anunciou o juiz William Sullivan, dando por terminado o julgamento que se arrastou por seis semanas.<\/b>&#13;\n<\/p>\n<p>&#13;<br \/>\nO juiz tinha dado uma hora \u00e0 equipa de Lindsay Clancy para apresentar um pedido de emerg\u00eancia ao tribunal de recurso. A defesa pediu que o \u00fanico jurado que se recusava a participar nas delibera\u00e7\u00f5es fosse novamente interrogado ou exclu\u00eddo do j\u00fari, alegando que era &#8220;parcial&#8221;, mas o juiz negou o pedido e o tribunal de recurso confirmou a anula\u00e7\u00e3o do julgamento.&#13;\n<\/p>\n<p>&#13;<br \/>\nO j\u00fari estava aparentemente dividido entre 11 jurados a favor da absolvi\u00e7\u00e3o com base na falta de responsabilidade criminal de Lindsay Clancy e um contra este veredicto, segundo o estado das delibera\u00e7\u00f5es que foram conhecidas atrav\u00e9s das trocas entre o juiz, a defesa e a acusa\u00e7\u00e3o.<br \/>&#13;\n<\/p>\n<p><b>Lindsay Clancy, de 36 anos, estava acusada de tr\u00eas homic\u00eddios qualificados pela morte dos seus tr\u00eas filhos &#8211; Cora, de cinco anos, Dawson, de tr\u00eas anos, e Callan, de oito meses.\u00a0<\/b>Clancy, ex-enfermeira, admitiu ter matado as crian\u00e7as, mas a defesa alegou que sofria de psicose p\u00f3s-parto e que, por isso, n\u00e3o pode ser responsabilizada criminalmente.<\/p>\n<p>O caso tornou-se medi\u00e1tico e gerou um intenso debate sobre a sa\u00fade mental materna nos EUA.\u00a0O processo contou com o depoimento de mais de 80 testemunhas e inclui mais de 300 elementos de prova.&#13;\n<\/p>\n<p>O que se sabe sobre o caso?<br \/>\n<b>O crime aconteceu em janeiro de 2023 em Duxbury, no Estado de Massachusetts, nos EUA.<\/b> Segundo os factos descritos no processo, Clancy estrangulou as crian\u00e7as usando bandas el\u00e1sticas de exerc\u00edcio, na cave da pr\u00f3pria casa. Depois cortou-se com uma faca e atirou-se do segundo andar, numa tentativa de suic\u00eddio que a deixou paralisada. O marido encontrou-a no quintal quando regressou a casa, com cortes no pulso e no pesco\u00e7o.<\/p>\n<p>Lindsay diz que ouviu vozes que a mandaram fazer o que fez. <b>A defesa sustentou que a mulher sofria de psicose p\u00f3s-parto e que estava num epis\u00f3dio psic\u00f3tico quando matou os filhos. Pedia, por isso, que fosse considerada inocente por insanidade mental.<\/b><\/p>\n<p>Por outro lado, os procuradores apresentaram provas de premedita\u00e7\u00e3o e argumentam que Clancy era capaz de compreender as consequ\u00eancias dos seus atos. Alegaram que Clandy mandou o marido ir buscar comida e passar numa farm\u00e1cia, depois de verificar no telem\u00f3vel o tempo que demoraria a chegar a casa.<\/p>\n<p>Os depoimentos de familiares, incluindo o ex-marido de Clancy, Patrick, detalharam como a norte-americana estava a lutar contra problemas de sa\u00fade mental nos meses que se seguiram ao nascimento do seu terceiro filho, tendo inclusive pedido ajuda por v\u00e1rias vezes e procurado tratamento junto de profissionais de sa\u00fade, que lhe prescreveram uma s\u00e9rie de medicamentos.&#13;\n<\/p>\n<p>&#13;<br \/>\n<b>Patrick Clancy testemunhou que a sua mulher tinha tido alta de um hospital psiqui\u00e1trico menos de duas semanas antes do crime.&#13;<br \/>\n<\/b>&#13;\n<\/p>\n<p>&#13;<br \/>\nO julgamento reacendeu debates antigos sobre a forma como a sa\u00fade mental p\u00f3s-parto nas mulheres \u00e9 tratada nos EUA e como o sistema jur\u00eddico do pa\u00eds lida com os casos em que as m\u00e3es matam os seus filhos.&#13;\n<\/p>\n<p>A acusa\u00e7\u00e3o pode agora optar por reabrir o processo e reiniciar o julgamento com um novo j\u00fari ou negociar um acordo de confiss\u00e3o para evitar um segundo julgamento. Alternativamente, os procuradores podem arquivar o caso por completo e n\u00e3o avan\u00e7ar com um novo julgamento.<\/p>\n","protected":false},"excerpt":{"rendered":"&#13; &#8220;Neste momento, vou declarar que o j\u00fari est\u00e1 num impasse e vou declarar o julgamento nulo&#8221;, anunciou&hellip;\n","protected":false},"author":2,"featured_media":512237,"comment_status":"","ping_status":"","sticky":false,"template":"","format":"standard","meta":{"footnotes":"","_share_on_mastodon":"0"},"categories":[8],"tags":[27,28,413,15,16,14,5564,5607,25,26,79533,21,22,12,13,19,20,32,23,24,33,17,18,29,30,31],"class_list":["post-512236","post","type-post","status-publish","format-standard","has-post-thumbnail","category-principais-noticias","tag-breaking-news","tag-breakingnews","tag-eua","tag-featured-news","tag-featurednews","tag-headlines","tag-homicidio","tag-julgamento","tag-latest-news","tag-latestnews","tag-lindsay-clancy","tag-main-news","tag-mainnews","tag-news","tag-noticias","tag-noticias-principais","tag-noticiasprincipais","tag-portugal","tag-principais-noticias","tag-principaisnoticias","tag-pt","tag-top-stories","tag-topstories","tag-ultimas","tag-ultimas-noticias","tag-ultimasnoticias"],"share_on_mastodon":{"url":"https:\/\/pubeurope.com\/@pt\/117215110327752423","error":""},"_links":{"self":[{"href":"https:\/\/www.europesays.com\/pt\/wp-json\/wp\/v2\/posts\/512236","targetHints":{"allow":["GET"]}}],"collection":[{"href":"https:\/\/www.europesays.com\/pt\/wp-json\/wp\/v2\/posts"}],"about":[{"href":"https:\/\/www.europesays.com\/pt\/wp-json\/wp\/v2\/types\/post"}],"author":[{"embeddable":true,"href":"https:\/\/www.europesays.com\/pt\/wp-json\/wp\/v2\/users\/2"}],"replies":[{"embeddable":true,"href":"https:\/\/www.europesays.com\/pt\/wp-json\/wp\/v2\/comments?post=512236"}],"version-history":[{"count":0,"href":"https:\/\/www.europesays.com\/pt\/wp-json\/wp\/v2\/posts\/512236\/revisions"}],"wp:featuredmedia":[{"embeddable":true,"href":"https:\/\/www.europesays.com\/pt\/wp-json\/wp\/v2\/media\/512237"}],"wp:attachment":[{"href":"https:\/\/www.europesays.com\/pt\/wp-json\/wp\/v2\/media?parent=512236"}],"wp:term":[{"taxonomy":"category","embeddable":true,"href":"https:\/\/www.europesays.com\/pt\/wp-json\/wp\/v2\/categories?post=512236"},{"taxonomy":"post_tag","embeddable":true,"href":"https:\/\/www.europesays.com\/pt\/wp-json\/wp\/v2\/tags?post=512236"}],"curies":[{"name":"wp","href":"https:\/\/api.w.org\/{rel}","templated":true}]}}